{"id":25940,"date":"2018-03-09T09:17:32","date_gmt":"2018-03-09T09:17:32","guid":{"rendered":"https:\/\/www.deberes.net\/tesis\/sin-categoria\/descripcion-y-catalogacion-de-las-reliquias-y-relicarios-de-la-capilla-real-de-granada-estilo-tecnica-y-estado-de-conservacion\/"},"modified":"2018-03-09T09:17:32","modified_gmt":"2018-03-09T09:17:32","slug":"descripcion-y-catalogacion-de-las-reliquias-y-relicarios-de-la-capilla-real-de-granada-estilo-tecnica-y-estado-de-conservacion","status":"publish","type":"post","link":"https:\/\/www.deberes.net\/tesis\/sin-categoria\/descripcion-y-catalogacion-de-las-reliquias-y-relicarios-de-la-capilla-real-de-granada-estilo-tecnica-y-estado-de-conservacion\/","title":{"rendered":"Descripci\u00f3n y catalogaci\u00f3n de las reliquias y relicarios de la capilla real de granada: estilo, t\u00e9cnica y estado de conservaci\u00f3n"},"content":{"rendered":"<h2>Tesis doctoral de <strong>  Osuna Cerd\u00e1 In\u00e9s Alejandra <\/strong><\/h2>\n<p>La capilla real de granada conserva un gran n\u00famero de piezas de gran inter\u00e9s art\u00edstico-religioso. Se trata de objetos sagrados llamados \u00abrelicarios\u00bb en cuyo interior se conservan \u00abreliquias\u00bb. Estos objetos se encuentran dentro de dos grandes armarios barrocos dorados y policromados, situados en el crucero de dicha capilla y entre los sepulcros reales de los reyes cat\u00f3licos, donantes de dicha colecci\u00f3n. En este trabajo se ha realizado:  * estudio hist\u00f3rico de las reliquias  * catalogaci\u00f3n y descripci\u00f3n de las reliquias de la capilla real  * nuevo inventario de las reliquias  * estudio art\u00edstico de los relicarios  * autoria, estilos, sellos-marcas, elaboraci\u00f3n  * catalogaci\u00f3n de los relicarios<\/p>\n<p>&nbsp;<\/p>\n<h3>Datos acad\u00e9micos de la tesis doctoral \u00ab<strong>Descripci\u00f3n y catalogaci\u00f3n de las reliquias y relicarios de la capilla real de granada: estilo, t\u00e9cnica y estado de conservaci\u00f3n<\/strong>\u00ab<\/h3>\n<ul>\n<li><strong>T\u00edtulo de la tesis:<\/strong>\u00a0 Descripci\u00f3n y catalogaci\u00f3n de las reliquias y relicarios de la capilla real de granada: estilo, t\u00e9cnica y estado de conservaci\u00f3n <\/li>\n<li><strong>Autor:<\/strong>\u00a0  Osuna Cerd\u00e1 In\u00e9s Alejandra <\/li>\n<li><strong>Universidad:<\/strong>\u00a0 Granada<\/li>\n<li><strong>Fecha de lectura de la tesis:<\/strong>\u00a0 29\/09\/2003<\/li>\n<\/ul>\n<p>&nbsp;<\/p>\n<h3>Direcci\u00f3n y tribunal<\/h3>\n<ul>\n<li><strong>Director de la tesis<\/strong>\n<ul>\n<li>Teresa Espejo Arias<\/li>\n<\/ul>\n<\/li>\n<li><strong>Tribunal<\/strong>\n<ul>\n<li>Presidente del tribunal: pilar Roig picazzo <\/li>\n<li>pilar Legorburu escudero (vocal)<\/li>\n<li>Mar\u00eda  teresa Escohotado ibor (vocal)<\/li>\n<li> Gonz\u00e1lez l\u00f3pez m. Jos\u00e9 (vocal)<\/li>\n<\/ul>\n<\/li>\n<\/ul>\n<p>&nbsp;<\/p>\n","protected":false},"excerpt":{"rendered":"<p>Tesis doctoral de Osuna Cerd\u00e1 In\u00e9s Alejandra La capilla real de granada conserva un gran n\u00famero de piezas de gran [&hellip;]<\/p>\n","protected":false},"author":1,"featured_media":0,"comment_status":"open","ping_status":"open","sticky":false,"template":"","format":"standard","meta":{"site-sidebar-layout":"default","site-content-layout":"","ast-site-content-layout":"","site-content-style":"default","site-sidebar-style":"default","ast-global-header-display":"","ast-banner-title-visibility":"","ast-main-header-display":"","ast-hfb-above-header-display":"","ast-hfb-below-header-display":"","ast-hfb-mobile-header-display":"","site-post-title":"","ast-breadcrumbs-content":"","ast-featured-img":"","footer-sml-layout":"","theme-transparent-header-meta":"","adv-header-id-meta":"","stick-header-meta":"","header-above-stick-meta":"","header-main-stick-meta":"","header-below-stick-meta":"","astra-migrate-meta-layouts":"default","ast-page-background-enabled":"default","ast-page-background-meta":{"desktop":{"background-color":"var(--ast-global-color-4)","background-image":"","background-repeat":"repeat","background-position":"center center","background-size":"auto","background-attachment":"scroll","background-type":"","background-media":"","overlay-type":"","overlay-color":"","overlay-gradient":""},"tablet":{"background-color":"","background-image":"","background-repeat":"repeat","background-position":"center center","background-size":"auto","background-attachment":"scroll","background-type":"","background-media":"","overlay-type":"","overlay-color":"","overlay-gradient":""},"mobile":{"background-color":"","background-image":"","background-repeat":"repeat","background-position":"center center","background-size":"auto","background-attachment":"scroll","background-type":"","background-media":"","overlay-type":"","overlay-color":"","overlay-gradient":""}},"ast-content-background-meta":{"desktop":{"background-color":"var(--ast-global-color-5)","background-image":"","background-repeat":"repeat","background-position":"center center","background-size":"auto","background-attachment":"scroll","background-type":"","background-media":"","overlay-type":"","overlay-color":"","overlay-gradient":""},"tablet":{"background-color":"var(--ast-global-color-5)","background-image":"","background-repeat":"repeat","background-position":"center center","background-size":"auto","background-attachment":"scroll","background-type":"","background-media":"","overlay-type":"","overlay-color":"","overlay-gradient":""},"mobile":{"background-color":"var(--ast-global-color-5)","background-image":"","background-repeat":"repeat","background-position":"center center","background-size":"auto","background-attachment":"scroll","background-type":"","background-media":"","overlay-type":"","overlay-color":"","overlay-gradient":""}},"footnotes":""},"categories":[1],"tags":[45643,6561,75310,24022,75311,35697],"class_list":["post-25940","post","type-post","status-publish","format-standard","hentry","category-sin-categoria","tag-gonzalez-lopez-m-jose","tag-maria-teresa-escohotado-ibor","tag-osuna-cerda-ines-alejandra","tag-pilar-legorburu-escudero","tag-pilar-roig-picazzo","tag-teresa-espejo-arias"],"_links":{"self":[{"href":"https:\/\/www.deberes.net\/tesis\/wp-json\/wp\/v2\/posts\/25940","targetHints":{"allow":["GET"]}}],"collection":[{"href":"https:\/\/www.deberes.net\/tesis\/wp-json\/wp\/v2\/posts"}],"about":[{"href":"https:\/\/www.deberes.net\/tesis\/wp-json\/wp\/v2\/types\/post"}],"author":[{"embeddable":true,"href":"https:\/\/www.deberes.net\/tesis\/wp-json\/wp\/v2\/users\/1"}],"replies":[{"embeddable":true,"href":"https:\/\/www.deberes.net\/tesis\/wp-json\/wp\/v2\/comments?post=25940"}],"version-history":[{"count":0,"href":"https:\/\/www.deberes.net\/tesis\/wp-json\/wp\/v2\/posts\/25940\/revisions"}],"wp:attachment":[{"href":"https:\/\/www.deberes.net\/tesis\/wp-json\/wp\/v2\/media?parent=25940"}],"wp:term":[{"taxonomy":"category","embeddable":true,"href":"https:\/\/www.deberes.net\/tesis\/wp-json\/wp\/v2\/categories?post=25940"},{"taxonomy":"post_tag","embeddable":true,"href":"https:\/\/www.deberes.net\/tesis\/wp-json\/wp\/v2\/tags?post=25940"}],"curies":[{"name":"wp","href":"https:\/\/api.w.org\/{rel}","templated":true}]}}