{"id":25951,"date":"2018-03-09T09:17:32","date_gmt":"2018-03-09T09:17:32","guid":{"rendered":"https:\/\/www.deberes.net\/tesis\/sin-categoria\/fibrilacion-ventricular-durante-la-fase-aguda-del-infarto-agudo-de-miocardio-pronostico-y-factores-predictores-de-su-desarrollo\/"},"modified":"2018-03-09T09:17:32","modified_gmt":"2018-03-09T09:17:32","slug":"fibrilacion-ventricular-durante-la-fase-aguda-del-infarto-agudo-de-miocardio-pronostico-y-factores-predictores-de-su-desarrollo","status":"publish","type":"post","link":"https:\/\/www.deberes.net\/tesis\/sin-categoria\/fibrilacion-ventricular-durante-la-fase-aguda-del-infarto-agudo-de-miocardio-pronostico-y-factores-predictores-de-su-desarrollo\/","title":{"rendered":"Fibrilaci\u00f3n ventricular durante la fase aguda del infarto agudo de miocardio, pron\u00f3stico y factores predictores de su desarrollo"},"content":{"rendered":"<h2>Tesis doctoral de <strong> Silvia Ruiz Navarro <\/strong><\/h2>\n<p>Introducci\u00f3n  a pesar de los avances en el tratamiento del infarto agudo de miocardio (iam), la mortalidad precoz continua siendo elevada. Una causa probable de esta mortalidad puede deberse a la fibrilaci\u00f3n ventricular (fv), pero desconocemos realmente cuales son los factores asociados a su aparici\u00f3n y el pron\u00f3stico real de los pacientes que en el contexto del iam presentan fv.  objetivos  la finalidad de este trabajo es investigar cuales son los factores que se relacionan con la aparici\u00f3n de la fv y si la fv se comporta de manera independiente como factor predictivo de mortalidad en los pacientes que presentan iam.  metodolog\u00eda  poblaci\u00f3n y tipo de estudio  se trata de un estudio observacional, de cohortes y retrospectivo, realizado con los pacientes incluidos en el registro ariam (an\u00e1lisis del retraso en el infarto agudo de miocardio). Se incluyen los pacientes que ingresan en la unidad de cuidados intensivos (uci) o unidad coronaria (uc) con el diagn\u00f3stico de iam y el seguimiento concluye cuando son datos de alta de uci\/uc. El periodo estudiado fue de enero de 1995 a enero de 2001.  variables y recogida de datos  se analizaron las variables recogidas por el formulario del registro ariam que incluye datos de filiaci\u00f3n, tiempos de retraso y cardiopat\u00eda isqu\u00e9mica.  las principales variables de nuestro estudio fueron: la presencia de fv primaria, fv primaria, fv secundaria y fv (cualquier tipo).  an\u00e1lisis estad\u00edstico  se realiz\u00f3 en un primer paso un estudio descriptivo para conocer las caracter\u00edsticas de los pacientes con iam de nuestra poblaci\u00f3n seguido de un an\u00e1lisis univariante (test de student, fisher, anovay x2 de pearson) para estudiar las asociaciones de distintas variables con los diferentes grupos de fv y por \u00faltimo un an\u00e1lisis multivariante mediante regresi\u00f3n log\u00edstica para analizar cuales son los factores que se relacionan con la aparici\u00f3n de los diferentes grupos de fv y si la fv por s\u00ed<\/p>\n<p>&nbsp;<\/p>\n<h3>Datos acad\u00e9micos de la tesis doctoral \u00ab<strong>Fibrilaci\u00f3n ventricular durante la fase aguda del infarto agudo de miocardio, pron\u00f3stico y factores predictores de su desarrollo<\/strong>\u00ab<\/h3>\n<ul>\n<li><strong>T\u00edtulo de la tesis:<\/strong>\u00a0 Fibrilaci\u00f3n ventricular durante la fase aguda del infarto agudo de miocardio, pron\u00f3stico y factores predictores de su desarrollo <\/li>\n<li><strong>Autor:<\/strong>\u00a0 Silvia Ruiz Navarro <\/li>\n<li><strong>Universidad:<\/strong>\u00a0 Granada<\/li>\n<li><strong>Fecha de lectura de la tesis:<\/strong>\u00a0 29\/09\/2003<\/li>\n<\/ul>\n<p>&nbsp;<\/p>\n<h3>Direcci\u00f3n y tribunal<\/h3>\n<ul>\n<li><strong>Director de la tesis<\/strong>\n<ul>\n<li>Manuel Ruiz Bail\u00e9n<\/li>\n<\/ul>\n<\/li>\n<li><strong>Tribunal<\/strong>\n<ul>\n<li>Presidente del tribunal: Francisco javier Gomez jimenez <\/li>\n<li> Mu\u00f1oz beltran humberto jsoe (vocal)<\/li>\n<li> Torres prados Mar\u00eda  victoria de la (vocal)<\/li>\n<li>Manuel Colmenero ruiz (vocal)<\/li>\n<\/ul>\n<\/li>\n<\/ul>\n<p>&nbsp;<\/p>\n","protected":false},"excerpt":{"rendered":"<p>Tesis doctoral de Silvia Ruiz Navarro Introducci\u00f3n a pesar de los avances en el tratamiento del infarto agudo de miocardio [&hellip;]<\/p>\n","protected":false},"author":1,"featured_media":0,"comment_status":"open","ping_status":"open","sticky":false,"template":"","format":"standard","meta":{"site-sidebar-layout":"default","site-content-layout":"","ast-site-content-layout":"","site-content-style":"default","site-sidebar-style":"default","ast-global-header-display":"","ast-banner-title-visibility":"","ast-main-header-display":"","ast-hfb-above-header-display":"","ast-hfb-below-header-display":"","ast-hfb-mobile-header-display":"","site-post-title":"","ast-breadcrumbs-content":"","ast-featured-img":"","footer-sml-layout":"","theme-transparent-header-meta":"","adv-header-id-meta":"","stick-header-meta":"","header-above-stick-meta":"","header-main-stick-meta":"","header-below-stick-meta":"","astra-migrate-meta-layouts":"default","ast-page-background-enabled":"default","ast-page-background-meta":{"desktop":{"background-color":"var(--ast-global-color-4)","background-image":"","background-repeat":"repeat","background-position":"center center","background-size":"auto","background-attachment":"scroll","background-type":"","background-media":"","overlay-type":"","overlay-color":"","overlay-gradient":""},"tablet":{"background-color":"","background-image":"","background-repeat":"repeat","background-position":"center center","background-size":"auto","background-attachment":"scroll","background-type":"","background-media":"","overlay-type":"","overlay-color":"","overlay-gradient":""},"mobile":{"background-color":"","background-image":"","background-repeat":"repeat","background-position":"center center","background-size":"auto","background-attachment":"scroll","background-type":"","background-media":"","overlay-type":"","overlay-color":"","overlay-gradient":""}},"ast-content-background-meta":{"desktop":{"background-color":"var(--ast-global-color-5)","background-image":"","background-repeat":"repeat","background-position":"center center","background-size":"auto","background-attachment":"scroll","background-type":"","background-media":"","overlay-type":"","overlay-color":"","overlay-gradient":""},"tablet":{"background-color":"var(--ast-global-color-5)","background-image":"","background-repeat":"repeat","background-position":"center center","background-size":"auto","background-attachment":"scroll","background-type":"","background-media":"","overlay-type":"","overlay-color":"","overlay-gradient":""},"mobile":{"background-color":"var(--ast-global-color-5)","background-image":"","background-repeat":"repeat","background-position":"center center","background-size":"auto","background-attachment":"scroll","background-type":"","background-media":"","overlay-type":"","overlay-color":"","overlay-gradient":""}},"footnotes":""},"categories":[1],"tags":[46990,75338,75020,75336,75335,75337],"class_list":["post-25951","post","type-post","status-publish","format-standard","hentry","category-sin-categoria","tag-francisco-javier-gomez-jimenez","tag-manuel-colmenero-ruiz","tag-manuel-ruiz-bailen","tag-munoz-beltran-humberto-jsoe","tag-silvia-ruiz-navarro","tag-torres-prados-maria-victoria-de-la"],"_links":{"self":[{"href":"https:\/\/www.deberes.net\/tesis\/wp-json\/wp\/v2\/posts\/25951","targetHints":{"allow":["GET"]}}],"collection":[{"href":"https:\/\/www.deberes.net\/tesis\/wp-json\/wp\/v2\/posts"}],"about":[{"href":"https:\/\/www.deberes.net\/tesis\/wp-json\/wp\/v2\/types\/post"}],"author":[{"embeddable":true,"href":"https:\/\/www.deberes.net\/tesis\/wp-json\/wp\/v2\/users\/1"}],"replies":[{"embeddable":true,"href":"https:\/\/www.deberes.net\/tesis\/wp-json\/wp\/v2\/comments?post=25951"}],"version-history":[{"count":0,"href":"https:\/\/www.deberes.net\/tesis\/wp-json\/wp\/v2\/posts\/25951\/revisions"}],"wp:attachment":[{"href":"https:\/\/www.deberes.net\/tesis\/wp-json\/wp\/v2\/media?parent=25951"}],"wp:term":[{"taxonomy":"category","embeddable":true,"href":"https:\/\/www.deberes.net\/tesis\/wp-json\/wp\/v2\/categories?post=25951"},{"taxonomy":"post_tag","embeddable":true,"href":"https:\/\/www.deberes.net\/tesis\/wp-json\/wp\/v2\/tags?post=25951"}],"curies":[{"name":"wp","href":"https:\/\/api.w.org\/{rel}","templated":true}]}}