{"id":25976,"date":"2018-03-09T09:17:35","date_gmt":"2018-03-09T09:17:35","guid":{"rendered":"https:\/\/www.deberes.net\/tesis\/sin-categoria\/tratamiento-endoscopico-del-reflujo-vesico-ureteral-en-la-infancia-mediante-inyeccion-de-teflon\/"},"modified":"2018-03-09T09:17:35","modified_gmt":"2018-03-09T09:17:35","slug":"tratamiento-endoscopico-del-reflujo-vesico-ureteral-en-la-infancia-mediante-inyeccion-de-teflon","status":"publish","type":"post","link":"https:\/\/www.deberes.net\/tesis\/oviedo\/tratamiento-endoscopico-del-reflujo-vesico-ureteral-en-la-infancia-mediante-inyeccion-de-teflon\/","title":{"rendered":"Tratamiento endosc\u00f3pico del reflujo vesico-ureteral en la infancia mediante inyecci\u00f3n de teflon"},"content":{"rendered":"<h2>Tesis doctoral de <strong>  Pel\u00e1ez Mata David Jos\u00e9 <\/strong><\/h2>\n<p>Introducci\u00f3n  el reflujo vesicoureteral (rvu) es una de las anomal\u00edas urol\u00f3gicas m\u00e1s frecuentes es la infancia, con una incidencia del 1-2% en ni\u00f1os sanos y del 30-50% de aquellos que han presentado infecci\u00f3n de orina (itu). La asociaci\u00f3n entre rvu, itu y da\u00f1o renal est\u00e1 bien establecida. El tratamiento tiene como objetivo preservar el par\u00e9nquima renal del da\u00f1o producido por el rvu en el ri\u00f1\u00f3n sano o en aquel con cicatrices ya establecidas.  material y m\u00e9todos  hemos estudiado los resultados a largo plazo del tratamiento endosc\u00f3pico del reflujo vesicoureteral mediante inyecci\u00f3n subureteral de pasta de tefl\u00f3n(r) en un per\u00edodo de 9,5 a\u00f1os, evaluando las cicatrices renales y su progresi\u00f3n tras el tratamiento endosc\u00f3pico, y determinando el coste econ\u00f3mico de la t\u00e9cnica.  resultados  se trataron endosc\u00f3picamente un total de 165 ni\u00f1os, 128 mujeres y 37 varones (264 unidades ureterales refluyentes). Se consigui\u00f3 la curaci\u00f3n del rvu en el 78,8% de los pacientes tras una \u00fanica inyecci\u00f3n, en el 96,2% con dos inyecciones y en el 98,1% despu\u00e9s de tres inyecciones. Cinco pacientes precisaron la reimplantaci\u00f3n ureteral abierta tras el fracaso de la t\u00e9cnica endosc\u00f3pica. Los resultados de la t\u00e9cnica endosc\u00f3pica fueron mejores en varones, en los rvu bilaterales, en los primarios, en los asociados a sistemas pieloureterales \u00fanicos, y en los de grado bajo, pero las diferencias encontradas no resultaron estad\u00edsticamente significativas.  las mayores dificultades para la realizaci\u00f3n de la t\u00e9cnica se observaron en los varones y en los rvu de etiolog\u00eda secundaria, pero las diferencias encontradas resultaron estad\u00edsticamente significativas solamente en los rvu asociados a doble sistema y en los de alto grado, especialmente los de grado iv.  hemos evaluado la progresi\u00f3n de las cicatrices renales en 82 pacientes (134 ur\u00e9teres). Se observ\u00f3 mejor\u00eda de la nefropat\u00eda por reflujo tras el tratamiento endosc\u00f3pico en<\/p>\n<p>&nbsp;<\/p>\n<h3>Datos acad\u00e9micos de la tesis doctoral \u00ab<strong>Tratamiento endosc\u00f3pico del reflujo vesico-ureteral en la infancia mediante inyecci\u00f3n de teflon<\/strong>\u00ab<\/h3>\n<ul>\n<li><strong>T\u00edtulo de la tesis:<\/strong>\u00a0 Tratamiento endosc\u00f3pico del reflujo vesico-ureteral en la infancia mediante inyecci\u00f3n de teflon <\/li>\n<li><strong>Autor:<\/strong>\u00a0  Pel\u00e1ez Mata David Jos\u00e9 <\/li>\n<li><strong>Universidad:<\/strong>\u00a0 Oviedo<\/li>\n<li><strong>Fecha de lectura de la tesis:<\/strong>\u00a0 29\/09\/2003<\/li>\n<\/ul>\n<p>&nbsp;<\/p>\n<h3>Direcci\u00f3n y tribunal<\/h3>\n<ul>\n<li><strong>Director de la tesis<\/strong>\n<ul>\n<li>Seraf\u00edn M\u00e1laga Guerrero<\/li>\n<\/ul>\n<\/li>\n<li><strong>Tribunal<\/strong>\n<ul>\n<li>Presidente del tribunal: manuel Crespo hernandez <\/li>\n<li>diego Vela nieto (vocal)<\/li>\n<li>jer\u00f3nimo Gonz\u00e1lvez pi\u00f1era (vocal)<\/li>\n<li>safwan Escaf barmadah (vocal)<\/li>\n<\/ul>\n<\/li>\n<\/ul>\n<p>&nbsp;<\/p>\n","protected":false},"excerpt":{"rendered":"<p>Tesis doctoral de Pel\u00e1ez Mata David Jos\u00e9 Introducci\u00f3n el reflujo vesicoureteral (rvu) es una de las anomal\u00edas urol\u00f3gicas m\u00e1s frecuentes [&hellip;]<\/p>\n","protected":false},"author":1,"featured_media":0,"comment_status":"open","ping_status":"open","sticky":false,"template":"","format":"standard","meta":{"site-sidebar-layout":"default","site-content-layout":"","ast-site-content-layout":"","site-content-style":"default","site-sidebar-style":"default","ast-global-header-display":"","ast-banner-title-visibility":"","ast-main-header-display":"","ast-hfb-above-header-display":"","ast-hfb-below-header-display":"","ast-hfb-mobile-header-display":"","site-post-title":"","ast-breadcrumbs-content":"","ast-featured-img":"","footer-sml-layout":"","theme-transparent-header-meta":"","adv-header-id-meta":"","stick-header-meta":"","header-above-stick-meta":"","header-main-stick-meta":"","header-below-stick-meta":"","astra-migrate-meta-layouts":"default","ast-page-background-enabled":"default","ast-page-background-meta":{"desktop":{"background-color":"var(--ast-global-color-4)","background-image":"","background-repeat":"repeat","background-position":"center center","background-size":"auto","background-attachment":"scroll","background-type":"","background-media":"","overlay-type":"","overlay-color":"","overlay-gradient":""},"tablet":{"background-color":"","background-image":"","background-repeat":"repeat","background-position":"center center","background-size":"auto","background-attachment":"scroll","background-type":"","background-media":"","overlay-type":"","overlay-color":"","overlay-gradient":""},"mobile":{"background-color":"","background-image":"","background-repeat":"repeat","background-position":"center center","background-size":"auto","background-attachment":"scroll","background-type":"","background-media":"","overlay-type":"","overlay-color":"","overlay-gradient":""}},"ast-content-background-meta":{"desktop":{"background-color":"var(--ast-global-color-5)","background-image":"","background-repeat":"repeat","background-position":"center center","background-size":"auto","background-attachment":"scroll","background-type":"","background-media":"","overlay-type":"","overlay-color":"","overlay-gradient":""},"tablet":{"background-color":"var(--ast-global-color-5)","background-image":"","background-repeat":"repeat","background-position":"center center","background-size":"auto","background-attachment":"scroll","background-type":"","background-media":"","overlay-type":"","overlay-color":"","overlay-gradient":""},"mobile":{"background-color":"var(--ast-global-color-5)","background-image":"","background-repeat":"repeat","background-position":"center center","background-size":"auto","background-attachment":"scroll","background-type":"","background-media":"","overlay-type":"","overlay-color":"","overlay-gradient":""}},"footnotes":""},"categories":[8846],"tags":[60285,19293,25300,75386,55127,10126],"class_list":["post-25976","post","type-post","status-publish","format-standard","hentry","category-oviedo","tag-diego-vela-nieto","tag-jeronimo-gonzalvez-pinera","tag-manuel-crespo-hernandez","tag-pelaez-mata-david-jose","tag-safwan-escaf-barmadah","tag-serafin-malaga-guerrero"],"_links":{"self":[{"href":"https:\/\/www.deberes.net\/tesis\/wp-json\/wp\/v2\/posts\/25976","targetHints":{"allow":["GET"]}}],"collection":[{"href":"https:\/\/www.deberes.net\/tesis\/wp-json\/wp\/v2\/posts"}],"about":[{"href":"https:\/\/www.deberes.net\/tesis\/wp-json\/wp\/v2\/types\/post"}],"author":[{"embeddable":true,"href":"https:\/\/www.deberes.net\/tesis\/wp-json\/wp\/v2\/users\/1"}],"replies":[{"embeddable":true,"href":"https:\/\/www.deberes.net\/tesis\/wp-json\/wp\/v2\/comments?post=25976"}],"version-history":[{"count":0,"href":"https:\/\/www.deberes.net\/tesis\/wp-json\/wp\/v2\/posts\/25976\/revisions"}],"wp:attachment":[{"href":"https:\/\/www.deberes.net\/tesis\/wp-json\/wp\/v2\/media?parent=25976"}],"wp:term":[{"taxonomy":"category","embeddable":true,"href":"https:\/\/www.deberes.net\/tesis\/wp-json\/wp\/v2\/categories?post=25976"},{"taxonomy":"post_tag","embeddable":true,"href":"https:\/\/www.deberes.net\/tesis\/wp-json\/wp\/v2\/tags?post=25976"}],"curies":[{"name":"wp","href":"https:\/\/api.w.org\/{rel}","templated":true}]}}