{"id":25980,"date":"2018-03-09T09:17:35","date_gmt":"2018-03-09T09:17:35","guid":{"rendered":"https:\/\/www.deberes.net\/tesis\/sin-categoria\/los-factores-subjetivos-e-institucionales-en-el-proceso-de-internacionalizacion-de-las-empresas\/"},"modified":"2018-03-09T09:17:35","modified_gmt":"2018-03-09T09:17:35","slug":"los-factores-subjetivos-e-institucionales-en-el-proceso-de-internacionalizacion-de-las-empresas","status":"publish","type":"post","link":"https:\/\/www.deberes.net\/tesis\/sevilla\/los-factores-subjetivos-e-institucionales-en-el-proceso-de-internacionalizacion-de-las-empresas\/","title":{"rendered":"Los factores subjetivos e institucionales en el proceso de internacionalizaci\u00f3n de las empresas"},"content":{"rendered":"<h2>Tesis doctoral de <strong> Francisco Jose Acedo Gonzalez <\/strong><\/h2>\n<p>El objetivo de la presente tesis doctoral es la inclusi\u00f3n en las investigaciones emp\u00edricas de factores poco considerados a la hora de analizar el proceso de internacionalizaci\u00f3n de las empresas. Para ello y sobre una muestra de 225 empresas de siete sectores de actividad distintos se plantean tres an\u00e1lisis diferenciados que constituyen las tres partes de la tesis, acudiendo a teor\u00edas como la institucional, la difusi\u00f3n de las innovaciones, el enfoque cognitivo y la teor\u00eda del comportamiento planificado, a la hora de generar modelos casuales que se estudiar\u00e1n por medio de ecuaciones estructurales. en un primer bloque se analizan como inciden los factores psicol\u00f3gicos, demogr\u00e1ficos, organizativos y del entorno sobre el nivel de internacionalizaci\u00f3n. en el segundo estudio, planteamos la relaci\u00f3n entre caracter\u00edsticas psicol\u00f3gicas, est\u00edmulos a la exportaci\u00f3n y comportamiento internacional a trav\u00e9s de modelos causales.  por \u00faltimo, se estudio si las presiones institucionales, mediadas por el perfil del decisor, condicionan la velocidad de acceso a los mercados internacionales. los resultados obtenidos de los tres an\u00e1lisis planteados, apoyan la necesidad de considerar los factores psicol\u00f3gicos de individuo a la hora de comprender el acceso a los mercados internacionales. De igual modo, se plantea la posibilidad de considerar dichas caracter\u00edsticas a la hora de plantear los mecanismos de fomento por parte de los organismos de promoci\u00f3n exterior.<\/p>\n<p>&nbsp;<\/p>\n<h3>Datos acad\u00e9micos de la tesis doctoral \u00ab<strong>Los factores subjetivos e institucionales en el proceso de internacionalizaci\u00f3n de las empresas<\/strong>\u00ab<\/h3>\n<ul>\n<li><strong>T\u00edtulo de la tesis:<\/strong>\u00a0 Los factores subjetivos e institucionales en el proceso de internacionalizaci\u00f3n de las empresas <\/li>\n<li><strong>Autor:<\/strong>\u00a0 Francisco Jose Acedo Gonzalez <\/li>\n<li><strong>Universidad:<\/strong>\u00a0 Sevilla<\/li>\n<li><strong>Fecha de lectura de la tesis:<\/strong>\u00a0 29\/09\/2003<\/li>\n<\/ul>\n<p>&nbsp;<\/p>\n<h3>Direcci\u00f3n y tribunal<\/h3>\n<ul>\n<li><strong>Director de la tesis<\/strong>\n<ul>\n<li>Jos\u00e9 Luis Gal\u00e1n Gonz\u00e1lez<\/li>\n<\/ul>\n<\/li>\n<li><strong>Tribunal<\/strong>\n<ul>\n<li>Presidente del tribunal: manuel Ortigueira bouzada <\/li>\n<li>Emilio pablo D\u00edez de castro (vocal)<\/li>\n<li>Juan  Jos\u00e9 Dur\u00e1n herrera (vocal)<\/li>\n<li>enrique Claver cortes (vocal)<\/li>\n<\/ul>\n<\/li>\n<\/ul>\n<p>&nbsp;<\/p>\n","protected":false},"excerpt":{"rendered":"<p>Tesis doctoral de Francisco Jose Acedo Gonzalez El objetivo de la presente tesis doctoral es la inclusi\u00f3n en las investigaciones [&hellip;]<\/p>\n","protected":false},"author":1,"featured_media":0,"comment_status":"open","ping_status":"open","sticky":false,"template":"","format":"standard","meta":{"site-sidebar-layout":"default","site-content-layout":"","ast-site-content-layout":"","site-content-style":"default","site-sidebar-style":"default","ast-global-header-display":"","ast-banner-title-visibility":"","ast-main-header-display":"","ast-hfb-above-header-display":"","ast-hfb-below-header-display":"","ast-hfb-mobile-header-display":"","site-post-title":"","ast-breadcrumbs-content":"","ast-featured-img":"","footer-sml-layout":"","theme-transparent-header-meta":"","adv-header-id-meta":"","stick-header-meta":"","header-above-stick-meta":"","header-main-stick-meta":"","header-below-stick-meta":"","astra-migrate-meta-layouts":"default","ast-page-background-enabled":"default","ast-page-background-meta":{"desktop":{"background-color":"var(--ast-global-color-4)","background-image":"","background-repeat":"repeat","background-position":"center center","background-size":"auto","background-attachment":"scroll","background-type":"","background-media":"","overlay-type":"","overlay-color":"","overlay-gradient":""},"tablet":{"background-color":"","background-image":"","background-repeat":"repeat","background-position":"center center","background-size":"auto","background-attachment":"scroll","background-type":"","background-media":"","overlay-type":"","overlay-color":"","overlay-gradient":""},"mobile":{"background-color":"","background-image":"","background-repeat":"repeat","background-position":"center center","background-size":"auto","background-attachment":"scroll","background-type":"","background-media":"","overlay-type":"","overlay-color":"","overlay-gradient":""}},"ast-content-background-meta":{"desktop":{"background-color":"var(--ast-global-color-5)","background-image":"","background-repeat":"repeat","background-position":"center center","background-size":"auto","background-attachment":"scroll","background-type":"","background-media":"","overlay-type":"","overlay-color":"","overlay-gradient":""},"tablet":{"background-color":"var(--ast-global-color-5)","background-image":"","background-repeat":"repeat","background-position":"center center","background-size":"auto","background-attachment":"scroll","background-type":"","background-media":"","overlay-type":"","overlay-color":"","overlay-gradient":""},"mobile":{"background-color":"var(--ast-global-color-5)","background-image":"","background-repeat":"repeat","background-position":"center center","background-size":"auto","background-attachment":"scroll","background-type":"","background-media":"","overlay-type":"","overlay-color":"","overlay-gradient":""}},"footnotes":""},"categories":[10715],"tags":[39404,7573,75396,20623,5609,8057],"class_list":["post-25980","post","type-post","status-publish","format-standard","hentry","category-sevilla","tag-emilio-pablo-diez-de-castro","tag-enrique-claver-cortes","tag-francisco-jose-acedo-gonzalez","tag-jose-luis-galan-gonzalez","tag-juan-jose-duran-herrera","tag-manuel-ortigueira-bouzada"],"_links":{"self":[{"href":"https:\/\/www.deberes.net\/tesis\/wp-json\/wp\/v2\/posts\/25980","targetHints":{"allow":["GET"]}}],"collection":[{"href":"https:\/\/www.deberes.net\/tesis\/wp-json\/wp\/v2\/posts"}],"about":[{"href":"https:\/\/www.deberes.net\/tesis\/wp-json\/wp\/v2\/types\/post"}],"author":[{"embeddable":true,"href":"https:\/\/www.deberes.net\/tesis\/wp-json\/wp\/v2\/users\/1"}],"replies":[{"embeddable":true,"href":"https:\/\/www.deberes.net\/tesis\/wp-json\/wp\/v2\/comments?post=25980"}],"version-history":[{"count":0,"href":"https:\/\/www.deberes.net\/tesis\/wp-json\/wp\/v2\/posts\/25980\/revisions"}],"wp:attachment":[{"href":"https:\/\/www.deberes.net\/tesis\/wp-json\/wp\/v2\/media?parent=25980"}],"wp:term":[{"taxonomy":"category","embeddable":true,"href":"https:\/\/www.deberes.net\/tesis\/wp-json\/wp\/v2\/categories?post=25980"},{"taxonomy":"post_tag","embeddable":true,"href":"https:\/\/www.deberes.net\/tesis\/wp-json\/wp\/v2\/tags?post=25980"}],"curies":[{"name":"wp","href":"https:\/\/api.w.org\/{rel}","templated":true}]}}