{"id":25996,"date":"2018-03-09T09:17:36","date_gmt":"2018-03-09T09:17:36","guid":{"rendered":"https:\/\/www.deberes.net\/tesis\/sin-categoria\/la-alcazaba-de-la-alhambra-aproximacion-arqueologica\/"},"modified":"2018-03-09T09:17:36","modified_gmt":"2018-03-09T09:17:36","slug":"la-alcazaba-de-la-alhambra-aproximacion-arqueologica","status":"publish","type":"post","link":"https:\/\/www.deberes.net\/tesis\/jaen\/la-alcazaba-de-la-alhambra-aproximacion-arqueologica\/","title":{"rendered":"La alcazaba de la alhambra. aproximaci\u00f3n arqueol\u00f3gica"},"content":{"rendered":"<h2>Tesis doctoral de <strong>  Garc\u00eda Granados Juan  Antonio <\/strong><\/h2>\n<p>An\u00e1lisis arqueol\u00f3gico y arquitect\u00f3nico de un sector de la alcazaba de la alhambra, con el an\u00e1lisis minucioso de los par\u00e1metros, identificando las t\u00e9cnicas constructivas, y el proceso cronol\u00f3gico de construcci\u00f3n, procurando identificar, y resolver en lo posible, los problemas hist\u00f3ricos que se plantean<\/p>\n<p>&nbsp;<\/p>\n<h3>Datos acad\u00e9micos de la tesis doctoral \u00ab<strong>La alcazaba de la alhambra. aproximaci\u00f3n arqueol\u00f3gica<\/strong>\u00ab<\/h3>\n<ul>\n<li><strong>T\u00edtulo de la tesis:<\/strong>\u00a0 La alcazaba de la alhambra. aproximaci\u00f3n arqueol\u00f3gica <\/li>\n<li><strong>Autor:<\/strong>\u00a0  Garc\u00eda Granados Juan  Antonio <\/li>\n<li><strong>Universidad:<\/strong>\u00a0 Ja\u00e9n<\/li>\n<li><strong>Fecha de lectura de la tesis:<\/strong>\u00a0 29\/09\/2003<\/li>\n<\/ul>\n<p>&nbsp;<\/p>\n<h3>Direcci\u00f3n y tribunal<\/h3>\n<ul>\n<li><strong>Director de la tesis<\/strong>\n<ul>\n<li>Vicente Salvatierra Cuenca<\/li>\n<\/ul>\n<\/li>\n<li><strong>Tribunal<\/strong>\n<ul>\n<li>Presidente del tribunal: pedro Galera andreu <\/li>\n<li>alfonso Jim\u00e9nez mart\u00edn (vocal)<\/li>\n<li>Manuel Aci\u00e9n almansa (vocal)<\/li>\n<li> Castillo armenteros Juan  Carlos (vocal)<\/li>\n<\/ul>\n<\/li>\n<\/ul>\n<p>&nbsp;<\/p>\n","protected":false},"excerpt":{"rendered":"<p>Tesis doctoral de Garc\u00eda Granados Juan Antonio An\u00e1lisis arqueol\u00f3gico y arquitect\u00f3nico de un sector de la alcazaba de la alhambra, [&hellip;]<\/p>\n","protected":false},"author":1,"featured_media":0,"comment_status":"open","ping_status":"open","sticky":false,"template":"","format":"standard","meta":{"site-sidebar-layout":"default","site-content-layout":"","ast-site-content-layout":"","site-content-style":"default","site-sidebar-style":"default","ast-global-header-display":"","ast-banner-title-visibility":"","ast-main-header-display":"","ast-hfb-above-header-display":"","ast-hfb-below-header-display":"","ast-hfb-mobile-header-display":"","site-post-title":"","ast-breadcrumbs-content":"","ast-featured-img":"","footer-sml-layout":"","theme-transparent-header-meta":"","adv-header-id-meta":"","stick-header-meta":"","header-above-stick-meta":"","header-main-stick-meta":"","header-below-stick-meta":"","astra-migrate-meta-layouts":"default","ast-page-background-enabled":"default","ast-page-background-meta":{"desktop":{"background-color":"var(--ast-global-color-4)","background-image":"","background-repeat":"repeat","background-position":"center center","background-size":"auto","background-attachment":"scroll","background-type":"","background-media":"","overlay-type":"","overlay-color":"","overlay-gradient":""},"tablet":{"background-color":"","background-image":"","background-repeat":"repeat","background-position":"center center","background-size":"auto","background-attachment":"scroll","background-type":"","background-media":"","overlay-type":"","overlay-color":"","overlay-gradient":""},"mobile":{"background-color":"","background-image":"","background-repeat":"repeat","background-position":"center center","background-size":"auto","background-attachment":"scroll","background-type":"","background-media":"","overlay-type":"","overlay-color":"","overlay-gradient":""}},"ast-content-background-meta":{"desktop":{"background-color":"var(--ast-global-color-5)","background-image":"","background-repeat":"repeat","background-position":"center center","background-size":"auto","background-attachment":"scroll","background-type":"","background-media":"","overlay-type":"","overlay-color":"","overlay-gradient":""},"tablet":{"background-color":"var(--ast-global-color-5)","background-image":"","background-repeat":"repeat","background-position":"center center","background-size":"auto","background-attachment":"scroll","background-type":"","background-media":"","overlay-type":"","overlay-color":"","overlay-gradient":""},"mobile":{"background-color":"var(--ast-global-color-5)","background-image":"","background-repeat":"repeat","background-position":"center center","background-size":"auto","background-attachment":"scroll","background-type":"","background-media":"","overlay-type":"","overlay-color":"","overlay-gradient":""}},"footnotes":""},"categories":[18923],"tags":[4517,32836,75441,2256,3974,32837],"class_list":["post-25996","post","type-post","status-publish","format-standard","hentry","category-jaen","tag-alfonso-jimenez-martin","tag-castillo-armenteros-juan-carlos","tag-garcia-granados-juan-antonio","tag-manuel-acien-almansa","tag-pedro-galera-andreu","tag-vicente-salvatierra-cuenca"],"_links":{"self":[{"href":"https:\/\/www.deberes.net\/tesis\/wp-json\/wp\/v2\/posts\/25996","targetHints":{"allow":["GET"]}}],"collection":[{"href":"https:\/\/www.deberes.net\/tesis\/wp-json\/wp\/v2\/posts"}],"about":[{"href":"https:\/\/www.deberes.net\/tesis\/wp-json\/wp\/v2\/types\/post"}],"author":[{"embeddable":true,"href":"https:\/\/www.deberes.net\/tesis\/wp-json\/wp\/v2\/users\/1"}],"replies":[{"embeddable":true,"href":"https:\/\/www.deberes.net\/tesis\/wp-json\/wp\/v2\/comments?post=25996"}],"version-history":[{"count":0,"href":"https:\/\/www.deberes.net\/tesis\/wp-json\/wp\/v2\/posts\/25996\/revisions"}],"wp:attachment":[{"href":"https:\/\/www.deberes.net\/tesis\/wp-json\/wp\/v2\/media?parent=25996"}],"wp:term":[{"taxonomy":"category","embeddable":true,"href":"https:\/\/www.deberes.net\/tesis\/wp-json\/wp\/v2\/categories?post=25996"},{"taxonomy":"post_tag","embeddable":true,"href":"https:\/\/www.deberes.net\/tesis\/wp-json\/wp\/v2\/tags?post=25996"}],"curies":[{"name":"wp","href":"https:\/\/api.w.org\/{rel}","templated":true}]}}