{"id":25999,"date":"2018-03-09T09:17:36","date_gmt":"2018-03-09T09:17:36","guid":{"rendered":"https:\/\/www.deberes.net\/tesis\/sin-categoria\/estudio-epidemiologico-de-los-ingresos-hospitalarios-por-neumona%c2%ada-adquirida-en-la-comunidad-en-espana-periodo-1995-1998\/"},"modified":"2018-03-09T09:17:36","modified_gmt":"2018-03-09T09:17:36","slug":"estudio-epidemiologico-de-los-ingresos-hospitalarios-por-neumona%c2%ada-adquirida-en-la-comunidad-en-espana-periodo-1995-1998","status":"publish","type":"post","link":"https:\/\/www.deberes.net\/tesis\/rey-juan-carlos\/estudio-epidemiologico-de-los-ingresos-hospitalarios-por-neumona%c2%ada-adquirida-en-la-comunidad-en-espana-periodo-1995-1998\/","title":{"rendered":"Estudio epidemiol\u00f3gico de los ingresos hospitalarios por neumon\u00edaadquirida en la comunidad en espa\u00f1a, periodo 1995-1998"},"content":{"rendered":"<h2>Tesis doctoral de <strong> Mar\u00eda San Mart\u00edn Rodr\u00edguez <\/strong><\/h2>\n<p>Antecedentes y objetivo  en espa\u00f1a, las enfermedades respiratorias son las m\u00e1s frecuentes y una de las primeras causas de consulta m\u00e9dica y hospitalizaci\u00f3n, siendo la neumon\u00eda la causa m\u00e1s com\u00fan de mortalidad. El objetivo primario de este estudio fue evaluar las caracter\u00edsticas epidemiol\u00f3gicas de las hospitalizaciones por neumon\u00eda adquirida en la comunidad en espa\u00f1a.  material y m\u00e9todos  estudio retrospectivo utilizando como fuente de informaci\u00f3n el sistema espa\u00f1ol de vigilancia de datos hospitalarios (conjunto m\u00ednimo b\u00e1sico de datos). Se seleccion\u00f3 la informaci\u00f3n de todos los ingresos por neumon\u00eda por cualquier causa como primer diagn\u00f3stico alta (c\u00f3digos cie-9-mc 480-486) en el periodo 1995-1998.  resultados  la incidencia anual de hospitalizaciones fue de 166 casos por 100.000 habitantes, la tasa de letalidad de 7,7% y la estancia media hospitalaria de 10,6 d\u00edas. en m\u00e1s del 60% de los casos no se notific\u00f3 el microorganismo responsable de la neumon\u00eda. De los casos con diagn\u00f3stico etiol\u00f3gico la neumon\u00eda neumoc\u00f3cica fue la m\u00e1s frecuentemente notificada (66%). La incendencia fue mayor en los ni\u00f1os menores de 5 a\u00f1os y las personas mayores de 65 a\u00f1os (474 y 567 casos por 100.000 habitantes, respectivamente) comparado con otros grupos de edad las mayores tasas de letalidad se presentaron en los pacientes a partir de lo 65 a\u00f1os (11,8%), aumentando respectivamente a medida que aumenta la edad. Se ha estimado una incidencia global (casos hospitalizados + casos ambulatorios) de entre 333-833 casos por 100.000 habitantes.  conclusiones  la neumon\u00eda adquirida en la comunidad que requiere ingreso hospitalario constituye una importante causa de morbilidad y mortalidad en espa\u00f1a. La distribuci\u00f3n por edades de los casos de hospitalizaci\u00f3n por neumon\u00eda tiene implicaciones para los programas de vacunaci\u00f3n antineumoc\u00f3cica.<\/p>\n<p>&nbsp;<\/p>\n<h3>Datos acad\u00e9micos de la tesis doctoral \u00ab<strong>Estudio epidemiol\u00f3gico de los ingresos hospitalarios por neumon\u00edaadquirida en la comunidad en espa\u00f1a, periodo 1995-1998<\/strong>\u00ab<\/h3>\n<ul>\n<li><strong>T\u00edtulo de la tesis:<\/strong>\u00a0 Estudio epidemiol\u00f3gico de los ingresos hospitalarios por neumon\u00edaadquirida en la comunidad en espa\u00f1a, periodo 1995-1998 <\/li>\n<li><strong>Autor:<\/strong>\u00a0 Mar\u00eda San Mart\u00edn Rodr\u00edguez <\/li>\n<li><strong>Universidad:<\/strong>\u00a0 Rey juan carlos<\/li>\n<li><strong>Fecha de lectura de la tesis:<\/strong>\u00a0 29\/09\/2003<\/li>\n<\/ul>\n<p>&nbsp;<\/p>\n<h3>Direcci\u00f3n y tribunal<\/h3>\n<ul>\n<li><strong>Director de la tesis<\/strong>\n<ul>\n<li>Antonio Gonz\u00e1lez L\u00f3pez<\/li>\n<\/ul>\n<\/li>\n<li><strong>Tribunal<\/strong>\n<ul>\n<li>Presidente del tribunal: angel Gil de Miguel <\/li>\n<li>paloma Ortega molina (vocal)<\/li>\n<li>angel Antonio Otero puime (vocal)<\/li>\n<li>paloma Astasio arbiza (vocal)<\/li>\n<\/ul>\n<\/li>\n<\/ul>\n<p>&nbsp;<\/p>\n","protected":false},"excerpt":{"rendered":"<p>Tesis doctoral de Mar\u00eda San Mart\u00edn Rodr\u00edguez Antecedentes y objetivo en espa\u00f1a, las enfermedades respiratorias son las m\u00e1s frecuentes y [&hellip;]<\/p>\n","protected":false},"author":1,"featured_media":0,"comment_status":"open","ping_status":"open","sticky":false,"template":"","format":"standard","meta":{"site-sidebar-layout":"default","site-content-layout":"","ast-site-content-layout":"","site-content-style":"default","site-sidebar-style":"default","ast-global-header-display":"","ast-banner-title-visibility":"","ast-main-header-display":"","ast-hfb-above-header-display":"","ast-hfb-below-header-display":"","ast-hfb-mobile-header-display":"","site-post-title":"","ast-breadcrumbs-content":"","ast-featured-img":"","footer-sml-layout":"","theme-transparent-header-meta":"","adv-header-id-meta":"","stick-header-meta":"","header-above-stick-meta":"","header-main-stick-meta":"","header-below-stick-meta":"","astra-migrate-meta-layouts":"default","ast-page-background-enabled":"default","ast-page-background-meta":{"desktop":{"background-color":"var(--ast-global-color-4)","background-image":"","background-repeat":"repeat","background-position":"center center","background-size":"auto","background-attachment":"scroll","background-type":"","background-media":"","overlay-type":"","overlay-color":"","overlay-gradient":""},"tablet":{"background-color":"","background-image":"","background-repeat":"repeat","background-position":"center center","background-size":"auto","background-attachment":"scroll","background-type":"","background-media":"","overlay-type":"","overlay-color":"","overlay-gradient":""},"mobile":{"background-color":"","background-image":"","background-repeat":"repeat","background-position":"center center","background-size":"auto","background-attachment":"scroll","background-type":"","background-media":"","overlay-type":"","overlay-color":"","overlay-gradient":""}},"ast-content-background-meta":{"desktop":{"background-color":"var(--ast-global-color-5)","background-image":"","background-repeat":"repeat","background-position":"center center","background-size":"auto","background-attachment":"scroll","background-type":"","background-media":"","overlay-type":"","overlay-color":"","overlay-gradient":""},"tablet":{"background-color":"var(--ast-global-color-5)","background-image":"","background-repeat":"repeat","background-position":"center center","background-size":"auto","background-attachment":"scroll","background-type":"","background-media":"","overlay-type":"","overlay-color":"","overlay-gradient":""},"mobile":{"background-color":"var(--ast-global-color-5)","background-image":"","background-repeat":"repeat","background-position":"center center","background-size":"auto","background-attachment":"scroll","background-type":"","background-media":"","overlay-type":"","overlay-color":"","overlay-gradient":""}},"footnotes":""},"categories":[36610],"tags":[15254,4647,17205,75447,44882,54118],"class_list":["post-25999","post","type-post","status-publish","format-standard","hentry","category-rey-juan-carlos","tag-angel-antonio-otero-puime","tag-angel-gil-de-miguel","tag-antonio-gonzalez-lopez","tag-maria-san-martin-rodriguez","tag-paloma-astasio-arbiza","tag-paloma-ortega-molina"],"_links":{"self":[{"href":"https:\/\/www.deberes.net\/tesis\/wp-json\/wp\/v2\/posts\/25999","targetHints":{"allow":["GET"]}}],"collection":[{"href":"https:\/\/www.deberes.net\/tesis\/wp-json\/wp\/v2\/posts"}],"about":[{"href":"https:\/\/www.deberes.net\/tesis\/wp-json\/wp\/v2\/types\/post"}],"author":[{"embeddable":true,"href":"https:\/\/www.deberes.net\/tesis\/wp-json\/wp\/v2\/users\/1"}],"replies":[{"embeddable":true,"href":"https:\/\/www.deberes.net\/tesis\/wp-json\/wp\/v2\/comments?post=25999"}],"version-history":[{"count":0,"href":"https:\/\/www.deberes.net\/tesis\/wp-json\/wp\/v2\/posts\/25999\/revisions"}],"wp:attachment":[{"href":"https:\/\/www.deberes.net\/tesis\/wp-json\/wp\/v2\/media?parent=25999"}],"wp:term":[{"taxonomy":"category","embeddable":true,"href":"https:\/\/www.deberes.net\/tesis\/wp-json\/wp\/v2\/categories?post=25999"},{"taxonomy":"post_tag","embeddable":true,"href":"https:\/\/www.deberes.net\/tesis\/wp-json\/wp\/v2\/tags?post=25999"}],"curies":[{"name":"wp","href":"https:\/\/api.w.org\/{rel}","templated":true}]}}