{"id":26011,"date":"2018-03-09T09:17:37","date_gmt":"2018-03-09T09:17:37","guid":{"rendered":"https:\/\/www.deberes.net\/tesis\/sin-categoria\/influencia-de-la-relajacion-y-la-visualizacion-en-los-procesos-cognitivos-percepcion-y-memoria-visual-y-de-control-tonico-emocional-en-alumnado-con-discapacidad-intelectual\/"},"modified":"2018-03-09T09:17:37","modified_gmt":"2018-03-09T09:17:37","slug":"influencia-de-la-relajacion-y-la-visualizacion-en-los-procesos-cognitivos-percepcion-y-memoria-visual-y-de-control-tonico-emocional-en-alumnado-con-discapacidad-intelectual","status":"publish","type":"post","link":"https:\/\/www.deberes.net\/tesis\/sin-categoria\/influencia-de-la-relajacion-y-la-visualizacion-en-los-procesos-cognitivos-percepcion-y-memoria-visual-y-de-control-tonico-emocional-en-alumnado-con-discapacidad-intelectual\/","title":{"rendered":"Influencia de la relajaci\u00f3n y la visualizaci\u00f3n en los procesos cognitivos (percepci\u00f3n y memoria visual) y de control t\u00f3nico-emocional, en alumnado con discapacidad intelectual"},"content":{"rendered":"<h2>Tesis doctoral de <strong>  S\u00e1nchez Carri\u00f3n M. Jos\u00e9 <\/strong><\/h2>\n<p>El objeto del presente trabajo es el de dilucidar el tipo de influencia que tiene la aplicaci\u00f3n de t\u00e9cnicas de relajaci\u00f3n y visualizaci\u00f3n, sobre un alumnado con discapacidad intelectual, en determinados aspectos de su capacidad cognitiva (percepci\u00f3n y memoria visual), emocional (nivel de ansiedad) y motora (control t\u00e9cnico).  nuestros sujetos de intervenci\u00f3n con chicos\/as de entre 13 y 16 a\u00f1os de edad con discapacidad intelectual ligeral, escolarizados en un centro de educaci\u00f3n especial de granada.  las pruebas espec\u00edficas que se les pasaron para esta investigaci\u00f3n eran de \u00edndole psicol\u00f3gico-motora (registros de percepci\u00f3n y memoria visual, dise\u00f1ados para la ocasi\u00f3n; el test de las \u00abcaras\u00bb, que nos determina la percepci\u00f3n visual; el my, de memoria inmediata; el test de la figura de rey, que mide la capacidad perceptiva y de memoria visual; el staic que eval\u00faa la ansiedad rasgo y ansiedad estado; as\u00ed como, entre otras, una prueba de control t\u00f3nico).  el programa de intervenci\u00f3n estuvo basado en la adaptaci\u00f3n de t\u00e9cnicas de relajaci\u00f3n y visualizaci\u00f3n al alumnado con discapacidad intelectual, y se llev\u00f3 a cabo a lo largo del curso escolar 2001\/02 en 30 sesiones (con el grupo experimental) durante 4 meses, a raz\u00f3n de 2 d\u00edas a la semana.  en cuanto al dise\u00f1o de investigaci\u00f3n, por una parte se utiliz\u00f3 un dise\u00f1o de dos grupos relacionados con medidas pretest y postet, y, por otra, un dise\u00f1o intra-sujeto con medidas repetidas.  las variables que se estudiaron fueron las siguientes:  &#8211; dependientes: medidas cognitivas (percepci\u00f3n y memoria visual), emocionales (ansiedad), y psicomotoras (control t\u00f3nico).  &#8211; independiente: el programa de intervenci\u00f3n propiamente dicho.  los resultados obtenidos, despu\u00e9s de realizar el oportuno an\u00e1lisis estad\u00edstico, fueron significativos a favor del grupo experimental (que recibi\u00f3 el tratamiento), el cual obtuvo un mayor incremento en las capacidades perceptivas y de<\/p>\n<p>&nbsp;<\/p>\n<h3>Datos acad\u00e9micos de la tesis doctoral \u00ab<strong>Influencia de la relajaci\u00f3n y la visualizaci\u00f3n en los procesos cognitivos (percepci\u00f3n y memoria visual) y de control t\u00f3nico-emocional, en alumnado con discapacidad intelectual<\/strong>\u00ab<\/h3>\n<ul>\n<li><strong>T\u00edtulo de la tesis:<\/strong>\u00a0 Influencia de la relajaci\u00f3n y la visualizaci\u00f3n en los procesos cognitivos (percepci\u00f3n y memoria visual) y de control t\u00f3nico-emocional, en alumnado con discapacidad intelectual <\/li>\n<li><strong>Autor:<\/strong>\u00a0  S\u00e1nchez Carri\u00f3n M. Jos\u00e9 <\/li>\n<li><strong>Universidad:<\/strong>\u00a0 Granada<\/li>\n<li><strong>Fecha de lectura de la tesis:<\/strong>\u00a0 30\/09\/2003<\/li>\n<\/ul>\n<p>&nbsp;<\/p>\n<h3>Direcci\u00f3n y tribunal<\/h3>\n<ul>\n<li><strong>Director de la tesis<\/strong>\n<ul>\n<li> Linares Comino Pedro L.<\/li>\n<\/ul>\n<\/li>\n<li><strong>Tribunal<\/strong>\n<ul>\n<li>Presidente del tribunal: Miguel Moreno moreno <\/li>\n<li>nuria Mendoza laiz (vocal)<\/li>\n<li>francisca L\u00f3pez torrecillas (vocal)<\/li>\n<li> G\u00f3mez de lucena neide Mar\u00eda (vocal)<\/li>\n<\/ul>\n<\/li>\n<\/ul>\n<p>&nbsp;<\/p>\n","protected":false},"excerpt":{"rendered":"<p>Tesis doctoral de S\u00e1nchez Carri\u00f3n M. Jos\u00e9 El objeto del presente trabajo es el de dilucidar el tipo de influencia [&hellip;]<\/p>\n","protected":false},"author":1,"featured_media":0,"comment_status":"open","ping_status":"open","sticky":false,"template":"","format":"standard","meta":{"site-sidebar-layout":"default","site-content-layout":"","ast-site-content-layout":"","site-content-style":"default","site-sidebar-style":"default","ast-global-header-display":"","ast-banner-title-visibility":"","ast-main-header-display":"","ast-hfb-above-header-display":"","ast-hfb-below-header-display":"","ast-hfb-mobile-header-display":"","site-post-title":"","ast-breadcrumbs-content":"","ast-featured-img":"","footer-sml-layout":"","theme-transparent-header-meta":"","adv-header-id-meta":"","stick-header-meta":"","header-above-stick-meta":"","header-main-stick-meta":"","header-below-stick-meta":"","astra-migrate-meta-layouts":"default","ast-page-background-enabled":"default","ast-page-background-meta":{"desktop":{"background-color":"var(--ast-global-color-4)","background-image":"","background-repeat":"repeat","background-position":"center center","background-size":"auto","background-attachment":"scroll","background-type":"","background-media":"","overlay-type":"","overlay-color":"","overlay-gradient":""},"tablet":{"background-color":"","background-image":"","background-repeat":"repeat","background-position":"center center","background-size":"auto","background-attachment":"scroll","background-type":"","background-media":"","overlay-type":"","overlay-color":"","overlay-gradient":""},"mobile":{"background-color":"","background-image":"","background-repeat":"repeat","background-position":"center center","background-size":"auto","background-attachment":"scroll","background-type":"","background-media":"","overlay-type":"","overlay-color":"","overlay-gradient":""}},"ast-content-background-meta":{"desktop":{"background-color":"var(--ast-global-color-5)","background-image":"","background-repeat":"repeat","background-position":"center center","background-size":"auto","background-attachment":"scroll","background-type":"","background-media":"","overlay-type":"","overlay-color":"","overlay-gradient":""},"tablet":{"background-color":"var(--ast-global-color-5)","background-image":"","background-repeat":"repeat","background-position":"center center","background-size":"auto","background-attachment":"scroll","background-type":"","background-media":"","overlay-type":"","overlay-color":"","overlay-gradient":""},"mobile":{"background-color":"var(--ast-global-color-5)","background-image":"","background-repeat":"repeat","background-position":"center center","background-size":"auto","background-attachment":"scroll","background-type":"","background-media":"","overlay-type":"","overlay-color":"","overlay-gradient":""}},"footnotes":""},"categories":[1],"tags":[75481,75304,73679,22443,63335,75480],"class_list":["post-26011","post","type-post","status-publish","format-standard","hentry","category-sin-categoria","tag-francisca-lopez-torrecillas","tag-gomez-de-lucena-neide-maria","tag-linares-comino-pedro-l","tag-miguel-moreno-moreno","tag-nuria-mendoza-laiz","tag-sanchez-carrion-m-jose"],"_links":{"self":[{"href":"https:\/\/www.deberes.net\/tesis\/wp-json\/wp\/v2\/posts\/26011","targetHints":{"allow":["GET"]}}],"collection":[{"href":"https:\/\/www.deberes.net\/tesis\/wp-json\/wp\/v2\/posts"}],"about":[{"href":"https:\/\/www.deberes.net\/tesis\/wp-json\/wp\/v2\/types\/post"}],"author":[{"embeddable":true,"href":"https:\/\/www.deberes.net\/tesis\/wp-json\/wp\/v2\/users\/1"}],"replies":[{"embeddable":true,"href":"https:\/\/www.deberes.net\/tesis\/wp-json\/wp\/v2\/comments?post=26011"}],"version-history":[{"count":0,"href":"https:\/\/www.deberes.net\/tesis\/wp-json\/wp\/v2\/posts\/26011\/revisions"}],"wp:attachment":[{"href":"https:\/\/www.deberes.net\/tesis\/wp-json\/wp\/v2\/media?parent=26011"}],"wp:term":[{"taxonomy":"category","embeddable":true,"href":"https:\/\/www.deberes.net\/tesis\/wp-json\/wp\/v2\/categories?post=26011"},{"taxonomy":"post_tag","embeddable":true,"href":"https:\/\/www.deberes.net\/tesis\/wp-json\/wp\/v2\/tags?post=26011"}],"curies":[{"name":"wp","href":"https:\/\/api.w.org\/{rel}","templated":true}]}}