{"id":26025,"date":"2018-03-09T09:17:39","date_gmt":"2018-03-09T09:17:39","guid":{"rendered":"https:\/\/www.deberes.net\/tesis\/sin-categoria\/tradicion-tecnologica-y-evolucion-de-la-ceramica-de-cocina-desde-comienzos-de-epoca-almohade-hasta-finales-de-la-epoca-nazara%c2%ad\/"},"modified":"2018-03-09T09:17:39","modified_gmt":"2018-03-09T09:17:39","slug":"tradicion-tecnologica-y-evolucion-de-la-ceramica-de-cocina-desde-comienzos-de-epoca-almohade-hasta-finales-de-la-epoca-nazara%c2%ad","status":"publish","type":"post","link":"https:\/\/www.deberes.net\/tesis\/sin-categoria\/tradicion-tecnologica-y-evolucion-de-la-ceramica-de-cocina-desde-comienzos-de-epoca-almohade-hasta-finales-de-la-epoca-nazara%c2%ad\/","title":{"rendered":"Tradici\u00f3n tecnol\u00f3gica y evoluci\u00f3n de la cer\u00e1mica de cocina desde comienzos de \u00e9poca almohade hasta finales de la \u00e9poca nazar\u00ed"},"content":{"rendered":"<h2>Tesis doctoral de <strong> Esteban Fern\u00e1ndez Navarro <\/strong><\/h2>\n<p>El estudio de la cer\u00e1mica medieval ha tenido un proceso de m\u00e1s de 100 a\u00f1os en los que progresivamente ha aumentado el inter\u00e9s por diversos aspectos de esta disciplina, como medio para el conocimiento de la cultura hispano-musulmana.  el estudio de la tecnolog\u00eda de la cer\u00e1mica, y en concreto la cer\u00e1mica de cocina almohade-nazar\u00ed arroja informaci\u00f3n acerca de las caracter\u00edsticas y comportamiento de la materia, las t\u00e9cnicas de fabricaci\u00f3n y el contexto productivo. Con apoyo en t\u00e9cnicas de an\u00e1lisis instrumental se ha podido caracterizar la naturaleza f\u00edsico-qu\u00edmica de los materiales arcillosos y su adecuaci\u00f3n para el uso a que va destinada.  la puesta en pr\u00e1ctica de un m\u00e9todo de an\u00e1lisis de la tecnolog\u00eda cer\u00e1mica permite realizar un an\u00e1lisis comparativo con \u00e9pocas anteriores y posteriores, lo cual nos permite reconstruir el proceso de evoluci\u00f3n de la tradici\u00f3n tecnol\u00f3gica de la cer\u00e1mica que nos ocupa.<\/p>\n<p>&nbsp;<\/p>\n<h3>Datos acad\u00e9micos de la tesis doctoral \u00ab<strong>Tradici\u00f3n tecnol\u00f3gica y evoluci\u00f3n de la cer\u00e1mica de cocina desde comienzos de \u00e9poca almohade hasta finales de la \u00e9poca nazar\u00ed<\/strong>\u00ab<\/h3>\n<ul>\n<li><strong>T\u00edtulo de la tesis:<\/strong>\u00a0 Tradici\u00f3n tecnol\u00f3gica y evoluci\u00f3n de la cer\u00e1mica de cocina desde comienzos de \u00e9poca almohade hasta finales de la \u00e9poca nazar\u00ed <\/li>\n<li><strong>Autor:<\/strong>\u00a0 Esteban Fern\u00e1ndez Navarro <\/li>\n<li><strong>Universidad:<\/strong>\u00a0 Granada<\/li>\n<li><strong>Fecha de lectura de la tesis:<\/strong>\u00a0 30\/09\/2003<\/li>\n<\/ul>\n<p>&nbsp;<\/p>\n<h3>Direcci\u00f3n y tribunal<\/h3>\n<ul>\n<li><strong>Director de la tesis<\/strong>\n<ul>\n<li>Antonio Malpica Cuello<\/li>\n<\/ul>\n<\/li>\n<li><strong>Tribunal<\/strong>\n<ul>\n<li>Presidente del tribunal: crist\u00f3bal Torres delgado <\/li>\n<li>Jaime Coll conesa (vocal)<\/li>\n<li>victor Medina florez (vocal)<\/li>\n<li>Mar\u00eda pilar Roig picazo (vocal)<\/li>\n<\/ul>\n<\/li>\n<\/ul>\n<p>&nbsp;<\/p>\n","protected":false},"excerpt":{"rendered":"<p>Tesis doctoral de Esteban Fern\u00e1ndez Navarro El estudio de la cer\u00e1mica medieval ha tenido un proceso de m\u00e1s de 100 [&hellip;]<\/p>\n","protected":false},"author":1,"featured_media":0,"comment_status":"open","ping_status":"open","sticky":false,"template":"","format":"standard","meta":{"site-sidebar-layout":"default","site-content-layout":"","ast-site-content-layout":"","site-content-style":"default","site-sidebar-style":"default","ast-global-header-display":"","ast-banner-title-visibility":"","ast-main-header-display":"","ast-hfb-above-header-display":"","ast-hfb-below-header-display":"","ast-hfb-mobile-header-display":"","site-post-title":"","ast-breadcrumbs-content":"","ast-featured-img":"","footer-sml-layout":"","theme-transparent-header-meta":"","adv-header-id-meta":"","stick-header-meta":"","header-above-stick-meta":"","header-main-stick-meta":"","header-below-stick-meta":"","astra-migrate-meta-layouts":"default","ast-page-background-enabled":"default","ast-page-background-meta":{"desktop":{"background-color":"var(--ast-global-color-4)","background-image":"","background-repeat":"repeat","background-position":"center center","background-size":"auto","background-attachment":"scroll","background-type":"","background-media":"","overlay-type":"","overlay-color":"","overlay-gradient":""},"tablet":{"background-color":"","background-image":"","background-repeat":"repeat","background-position":"center center","background-size":"auto","background-attachment":"scroll","background-type":"","background-media":"","overlay-type":"","overlay-color":"","overlay-gradient":""},"mobile":{"background-color":"","background-image":"","background-repeat":"repeat","background-position":"center center","background-size":"auto","background-attachment":"scroll","background-type":"","background-media":"","overlay-type":"","overlay-color":"","overlay-gradient":""}},"ast-content-background-meta":{"desktop":{"background-color":"var(--ast-global-color-5)","background-image":"","background-repeat":"repeat","background-position":"center center","background-size":"auto","background-attachment":"scroll","background-type":"","background-media":"","overlay-type":"","overlay-color":"","overlay-gradient":""},"tablet":{"background-color":"var(--ast-global-color-5)","background-image":"","background-repeat":"repeat","background-position":"center center","background-size":"auto","background-attachment":"scroll","background-type":"","background-media":"","overlay-type":"","overlay-color":"","overlay-gradient":""},"mobile":{"background-color":"var(--ast-global-color-5)","background-image":"","background-repeat":"repeat","background-position":"center center","background-size":"auto","background-attachment":"scroll","background-type":"","background-media":"","overlay-type":"","overlay-color":"","overlay-gradient":""}},"footnotes":""},"categories":[1],"tags":[21976,21977,75504,75505,16866,35311],"class_list":["post-26025","post","type-post","status-publish","format-standard","hentry","category-sin-categoria","tag-antonio-malpica-cuello","tag-cristobal-torres-delgado","tag-esteban-fernandez-navarro","tag-jaime-coll-conesa","tag-maria-pilar-roig-picazo","tag-victor-medina-florez"],"_links":{"self":[{"href":"https:\/\/www.deberes.net\/tesis\/wp-json\/wp\/v2\/posts\/26025","targetHints":{"allow":["GET"]}}],"collection":[{"href":"https:\/\/www.deberes.net\/tesis\/wp-json\/wp\/v2\/posts"}],"about":[{"href":"https:\/\/www.deberes.net\/tesis\/wp-json\/wp\/v2\/types\/post"}],"author":[{"embeddable":true,"href":"https:\/\/www.deberes.net\/tesis\/wp-json\/wp\/v2\/users\/1"}],"replies":[{"embeddable":true,"href":"https:\/\/www.deberes.net\/tesis\/wp-json\/wp\/v2\/comments?post=26025"}],"version-history":[{"count":0,"href":"https:\/\/www.deberes.net\/tesis\/wp-json\/wp\/v2\/posts\/26025\/revisions"}],"wp:attachment":[{"href":"https:\/\/www.deberes.net\/tesis\/wp-json\/wp\/v2\/media?parent=26025"}],"wp:term":[{"taxonomy":"category","embeddable":true,"href":"https:\/\/www.deberes.net\/tesis\/wp-json\/wp\/v2\/categories?post=26025"},{"taxonomy":"post_tag","embeddable":true,"href":"https:\/\/www.deberes.net\/tesis\/wp-json\/wp\/v2\/tags?post=26025"}],"curies":[{"name":"wp","href":"https:\/\/api.w.org\/{rel}","templated":true}]}}