{"id":26034,"date":"2018-03-09T09:17:39","date_gmt":"2018-03-09T09:17:39","guid":{"rendered":"https:\/\/www.deberes.net\/tesis\/sin-categoria\/cambios-dentofaciales-y-esteticos-en-pacientes-tratados-con-ortodoncia-y-ciruga%c2%ada-ortognatica-relacionados-con-la-prediccion-cefalometrica\/"},"modified":"2018-03-09T09:17:39","modified_gmt":"2018-03-09T09:17:39","slug":"cambios-dentofaciales-y-esteticos-en-pacientes-tratados-con-ortodoncia-y-ciruga%c2%ada-ortognatica-relacionados-con-la-prediccion-cefalometrica","status":"publish","type":"post","link":"https:\/\/www.deberes.net\/tesis\/malaga\/cambios-dentofaciales-y-esteticos-en-pacientes-tratados-con-ortodoncia-y-ciruga%c2%ada-ortognatica-relacionados-con-la-prediccion-cefalometrica\/","title":{"rendered":"Cambios dentofaciales y est\u00e9ticos en pacientes tratados con ortodoncia y cirugia ortognatica relacionados con la predicci\u00f3n cefalom\u00e9trica"},"content":{"rendered":"<h2>Tesis doctoral de <strong> Rafael Poblaciones Fontes <\/strong><\/h2>\n<p>Valorando los aspectos m\u00e1s relevantes de la citada tesis doctoral destaca la puesta al d\u00eda clara de los cambios dentofaciales en funci\u00f3n del ratio de movimiento tejido duro y blando para hallar predicci\u00f3n estad\u00edstica en el apartado resultados; y obteniendo as\u00ed ecuaciones de regresi\u00f3n m\u00faltiple v\u00e1lidas en programas inform\u00e1ticos.  destaca el valor de la metodolog\u00eda con un an\u00e1lisis creado y original en dicha tesis. Se demuestra como este an\u00e1lisis esta dentro de unos valores ideales considerados como norma est\u00e9tica facial. Los aspectos concluyentes marcan concisamente la utilidad de esta investigaci\u00f3n en programas inform\u00e1ticos.<\/p>\n<p>&nbsp;<\/p>\n<h3>Datos acad\u00e9micos de la tesis doctoral \u00ab<strong>Cambios dentofaciales y est\u00e9ticos en pacientes tratados con ortodoncia y cirugia ortognatica relacionados con la predicci\u00f3n cefalom\u00e9trica<\/strong>\u00ab<\/h3>\n<ul>\n<li><strong>T\u00edtulo de la tesis:<\/strong>\u00a0 Cambios dentofaciales y est\u00e9ticos en pacientes tratados con ortodoncia y cirugia ortognatica relacionados con la predicci\u00f3n cefalom\u00e9trica <\/li>\n<li><strong>Autor:<\/strong>\u00a0 Rafael Poblaciones Fontes <\/li>\n<li><strong>Universidad:<\/strong>\u00a0 M\u00e1laga<\/li>\n<li><strong>Fecha de lectura de la tesis:<\/strong>\u00a0 30\/09\/2003<\/li>\n<\/ul>\n<p>&nbsp;<\/p>\n<h3>Direcci\u00f3n y tribunal<\/h3>\n<ul>\n<li><strong>Director de la tesis<\/strong>\n<ul>\n<li>Miguel Morell Oca\u00f1a<\/li>\n<\/ul>\n<\/li>\n<li><strong>Tribunal<\/strong>\n<ul>\n<li>Presidente del tribunal: Mar\u00eda  teresa Cabajos manzanares <\/li>\n<li>Jos\u00e9 Antonio Alarcon perez (vocal)<\/li>\n<li>mario Menendez nu\u00f1ez (vocal)<\/li>\n<li>Antonio Valiente \u00e1lvarez (vocal)<\/li>\n<\/ul>\n<\/li>\n<\/ul>\n<p>&nbsp;<\/p>\n","protected":false},"excerpt":{"rendered":"<p>Tesis doctoral de Rafael Poblaciones Fontes Valorando los aspectos m\u00e1s relevantes de la citada tesis doctoral destaca la puesta al [&hellip;]<\/p>\n","protected":false},"author":1,"featured_media":0,"comment_status":"open","ping_status":"open","sticky":false,"template":"","format":"standard","meta":{"site-sidebar-layout":"default","site-content-layout":"","ast-site-content-layout":"","site-content-style":"default","site-sidebar-style":"default","ast-global-header-display":"","ast-banner-title-visibility":"","ast-main-header-display":"","ast-hfb-above-header-display":"","ast-hfb-below-header-display":"","ast-hfb-mobile-header-display":"","site-post-title":"","ast-breadcrumbs-content":"","ast-featured-img":"","footer-sml-layout":"","theme-transparent-header-meta":"","adv-header-id-meta":"","stick-header-meta":"","header-above-stick-meta":"","header-main-stick-meta":"","header-below-stick-meta":"","astra-migrate-meta-layouts":"default","ast-page-background-enabled":"default","ast-page-background-meta":{"desktop":{"background-color":"var(--ast-global-color-4)","background-image":"","background-repeat":"repeat","background-position":"center center","background-size":"auto","background-attachment":"scroll","background-type":"","background-media":"","overlay-type":"","overlay-color":"","overlay-gradient":""},"tablet":{"background-color":"","background-image":"","background-repeat":"repeat","background-position":"center center","background-size":"auto","background-attachment":"scroll","background-type":"","background-media":"","overlay-type":"","overlay-color":"","overlay-gradient":""},"mobile":{"background-color":"","background-image":"","background-repeat":"repeat","background-position":"center center","background-size":"auto","background-attachment":"scroll","background-type":"","background-media":"","overlay-type":"","overlay-color":"","overlay-gradient":""}},"ast-content-background-meta":{"desktop":{"background-color":"var(--ast-global-color-5)","background-image":"","background-repeat":"repeat","background-position":"center center","background-size":"auto","background-attachment":"scroll","background-type":"","background-media":"","overlay-type":"","overlay-color":"","overlay-gradient":""},"tablet":{"background-color":"var(--ast-global-color-5)","background-image":"","background-repeat":"repeat","background-position":"center center","background-size":"auto","background-attachment":"scroll","background-type":"","background-media":"","overlay-type":"","overlay-color":"","overlay-gradient":""},"mobile":{"background-color":"var(--ast-global-color-5)","background-image":"","background-repeat":"repeat","background-position":"center center","background-size":"auto","background-attachment":"scroll","background-type":"","background-media":"","overlay-type":"","overlay-color":"","overlay-gradient":""}},"footnotes":""},"categories":[7834],"tags":[26587,75522,75521,21766,2167,75520],"class_list":["post-26034","post","type-post","status-publish","format-standard","hentry","category-malaga","tag-antonio-valiente-alvarez","tag-jose-antonio-alarcon-perez","tag-maria-teresa-cabajos-manzanares","tag-mario-menendez-nunez","tag-miguel-morell-ocana","tag-rafael-poblaciones-fontes"],"_links":{"self":[{"href":"https:\/\/www.deberes.net\/tesis\/wp-json\/wp\/v2\/posts\/26034","targetHints":{"allow":["GET"]}}],"collection":[{"href":"https:\/\/www.deberes.net\/tesis\/wp-json\/wp\/v2\/posts"}],"about":[{"href":"https:\/\/www.deberes.net\/tesis\/wp-json\/wp\/v2\/types\/post"}],"author":[{"embeddable":true,"href":"https:\/\/www.deberes.net\/tesis\/wp-json\/wp\/v2\/users\/1"}],"replies":[{"embeddable":true,"href":"https:\/\/www.deberes.net\/tesis\/wp-json\/wp\/v2\/comments?post=26034"}],"version-history":[{"count":0,"href":"https:\/\/www.deberes.net\/tesis\/wp-json\/wp\/v2\/posts\/26034\/revisions"}],"wp:attachment":[{"href":"https:\/\/www.deberes.net\/tesis\/wp-json\/wp\/v2\/media?parent=26034"}],"wp:term":[{"taxonomy":"category","embeddable":true,"href":"https:\/\/www.deberes.net\/tesis\/wp-json\/wp\/v2\/categories?post=26034"},{"taxonomy":"post_tag","embeddable":true,"href":"https:\/\/www.deberes.net\/tesis\/wp-json\/wp\/v2\/tags?post=26034"}],"curies":[{"name":"wp","href":"https:\/\/api.w.org\/{rel}","templated":true}]}}