{"id":26035,"date":"2018-03-09T09:17:39","date_gmt":"2018-03-09T09:17:39","guid":{"rendered":"https:\/\/www.deberes.net\/tesis\/sin-categoria\/estudio-nutricional-en-un-grupo-de-adolescentes\/"},"modified":"2018-03-09T09:17:39","modified_gmt":"2018-03-09T09:17:39","slug":"estudio-nutricional-en-un-grupo-de-adolescentes","status":"publish","type":"post","link":"https:\/\/www.deberes.net\/tesis\/malaga\/estudio-nutricional-en-un-grupo-de-adolescentes\/","title":{"rendered":"Estudio nutricional en un grupo de adolescentes"},"content":{"rendered":"<h2>Tesis doctoral de <strong>  Moreno Jimenez Francisco Javier <\/strong><\/h2>\n<p>Se estudio el estado nutricional en grupo de adolescentes internos de la residencia de estudiantes la rosaleda donde se midieron medidas antropom\u00e9tricas, hematologidas; tsh y bioqu\u00edmicas y se entrego un diario diet\u00e9tico de siete d\u00edas de duraci\u00f3n: posteriormente se realizo el estudio estad\u00edstico con an\u00e1lisis descriptivo de los datos; estudio de variables cuantitativas mediante el coeficiente de pearso y an\u00e1lisis de regresi\u00f3n posteriormente una comparaci\u00f3n de media y medidas de posici\u00f3n los datos obtenidos se observ\u00f3 un buen estado nutricional de los alumnos y alumnas de la residencia: observando elevado la ingesti\u00f3n de grasas.<\/p>\n<p>&nbsp;<\/p>\n<h3>Datos acad\u00e9micos de la tesis doctoral \u00ab<strong>Estudio nutricional en un grupo de adolescentes<\/strong>\u00ab<\/h3>\n<ul>\n<li><strong>T\u00edtulo de la tesis:<\/strong>\u00a0 Estudio nutricional en un grupo de adolescentes <\/li>\n<li><strong>Autor:<\/strong>\u00a0  Moreno Jimenez Francisco Javier <\/li>\n<li><strong>Universidad:<\/strong>\u00a0 M\u00e1laga<\/li>\n<li><strong>Fecha de lectura de la tesis:<\/strong>\u00a0 30\/09\/2003<\/li>\n<\/ul>\n<p>&nbsp;<\/p>\n<h3>Direcci\u00f3n y tribunal<\/h3>\n<ul>\n<li><strong>Director de la tesis<\/strong>\n<ul>\n<li>Miguel Morell Oca\u00f1a<\/li>\n<\/ul>\n<\/li>\n<li><strong>Tribunal<\/strong>\n<ul>\n<li>Presidente del tribunal:  Jodral villarejo manuela m. <\/li>\n<li>m\u00e1ximino Redondo bautista (vocal)<\/li>\n<li>Jos\u00e9 Miguel Fernandez fernandez (vocal)<\/li>\n<li>Mar\u00eda teresa Labajos manzanares (vocal)<\/li>\n<\/ul>\n<\/li>\n<\/ul>\n<p>&nbsp;<\/p>\n","protected":false},"excerpt":{"rendered":"<p>Tesis doctoral de Moreno Jimenez Francisco Javier Se estudio el estado nutricional en grupo de adolescentes internos de la residencia [&hellip;]<\/p>\n","protected":false},"author":1,"featured_media":0,"comment_status":"open","ping_status":"open","sticky":false,"template":"","format":"standard","meta":{"site-sidebar-layout":"default","site-content-layout":"","ast-site-content-layout":"","site-content-style":"default","site-sidebar-style":"default","ast-global-header-display":"","ast-banner-title-visibility":"","ast-main-header-display":"","ast-hfb-above-header-display":"","ast-hfb-below-header-display":"","ast-hfb-mobile-header-display":"","site-post-title":"","ast-breadcrumbs-content":"","ast-featured-img":"","footer-sml-layout":"","theme-transparent-header-meta":"","adv-header-id-meta":"","stick-header-meta":"","header-above-stick-meta":"","header-main-stick-meta":"","header-below-stick-meta":"","astra-migrate-meta-layouts":"default","ast-page-background-enabled":"default","ast-page-background-meta":{"desktop":{"background-color":"var(--ast-global-color-4)","background-image":"","background-repeat":"repeat","background-position":"center center","background-size":"auto","background-attachment":"scroll","background-type":"","background-media":"","overlay-type":"","overlay-color":"","overlay-gradient":""},"tablet":{"background-color":"","background-image":"","background-repeat":"repeat","background-position":"center center","background-size":"auto","background-attachment":"scroll","background-type":"","background-media":"","overlay-type":"","overlay-color":"","overlay-gradient":""},"mobile":{"background-color":"","background-image":"","background-repeat":"repeat","background-position":"center center","background-size":"auto","background-attachment":"scroll","background-type":"","background-media":"","overlay-type":"","overlay-color":"","overlay-gradient":""}},"ast-content-background-meta":{"desktop":{"background-color":"var(--ast-global-color-5)","background-image":"","background-repeat":"repeat","background-position":"center center","background-size":"auto","background-attachment":"scroll","background-type":"","background-media":"","overlay-type":"","overlay-color":"","overlay-gradient":""},"tablet":{"background-color":"var(--ast-global-color-5)","background-image":"","background-repeat":"repeat","background-position":"center center","background-size":"auto","background-attachment":"scroll","background-type":"","background-media":"","overlay-type":"","overlay-color":"","overlay-gradient":""},"mobile":{"background-color":"var(--ast-global-color-5)","background-image":"","background-repeat":"repeat","background-position":"center center","background-size":"auto","background-attachment":"scroll","background-type":"","background-media":"","overlay-type":"","overlay-color":"","overlay-gradient":""}},"footnotes":""},"categories":[7834],"tags":[75524,3667,75525,3397,2167,75523],"class_list":["post-26035","post","type-post","status-publish","format-standard","hentry","category-malaga","tag-jodral-villarejo-manuela-m","tag-jose-miguel-fernandez-fernandez","tag-maria-teresa-labajos-manzanares","tag-maximino-redondo-bautista","tag-miguel-morell-ocana","tag-moreno-jimenez-francisco-javier"],"_links":{"self":[{"href":"https:\/\/www.deberes.net\/tesis\/wp-json\/wp\/v2\/posts\/26035","targetHints":{"allow":["GET"]}}],"collection":[{"href":"https:\/\/www.deberes.net\/tesis\/wp-json\/wp\/v2\/posts"}],"about":[{"href":"https:\/\/www.deberes.net\/tesis\/wp-json\/wp\/v2\/types\/post"}],"author":[{"embeddable":true,"href":"https:\/\/www.deberes.net\/tesis\/wp-json\/wp\/v2\/users\/1"}],"replies":[{"embeddable":true,"href":"https:\/\/www.deberes.net\/tesis\/wp-json\/wp\/v2\/comments?post=26035"}],"version-history":[{"count":0,"href":"https:\/\/www.deberes.net\/tesis\/wp-json\/wp\/v2\/posts\/26035\/revisions"}],"wp:attachment":[{"href":"https:\/\/www.deberes.net\/tesis\/wp-json\/wp\/v2\/media?parent=26035"}],"wp:term":[{"taxonomy":"category","embeddable":true,"href":"https:\/\/www.deberes.net\/tesis\/wp-json\/wp\/v2\/categories?post=26035"},{"taxonomy":"post_tag","embeddable":true,"href":"https:\/\/www.deberes.net\/tesis\/wp-json\/wp\/v2\/tags?post=26035"}],"curies":[{"name":"wp","href":"https:\/\/api.w.org\/{rel}","templated":true}]}}