{"id":26048,"date":"2018-03-09T09:17:41","date_gmt":"2018-03-09T09:17:41","guid":{"rendered":"https:\/\/www.deberes.net\/tesis\/sin-categoria\/paisagem-e-arquitetura-no-rio-de-janeiro-iconografia-do-olhar-conciliador-de-pintores-e-arquitetos\/"},"modified":"2018-03-09T09:17:41","modified_gmt":"2018-03-09T09:17:41","slug":"paisagem-e-arquitetura-no-rio-de-janeiro-iconografia-do-olhar-conciliador-de-pintores-e-arquitetos","status":"publish","type":"post","link":"https:\/\/www.deberes.net\/tesis\/politecnica-de-catalunya\/paisagem-e-arquitetura-no-rio-de-janeiro-iconografia-do-olhar-conciliador-de-pintores-e-arquitetos\/","title":{"rendered":"Paisagem e arquitetura no rio de janeiro, iconografia do olhar conciliador de pintores e arquitetos"},"content":{"rendered":"<h2>Tesis doctoral de <strong> Tarcisio Bahia De Andrade <\/strong><\/h2>\n<p>La tesis tiene como objeto de investigaci\u00f3n del paisaje del r\u00edo de janeiro, consolidada por una estructura topogr\u00e1fica  -la naturaleza- y otra humana -la arquitectura-. El deseo por la conciliaci\u00f3n que la arquitectura impregna ante el paisaje, es la hip\u00f3tesis de un embate inalcazabale. Y una vez que se entiende el paisaje com un hecho cultural, su estudio est\u00e1 acotado por la mirada art\u00edstica de pintores y arquitectos entre un l\u00edmite hist\u00f3rico que en brasil va desde la llegada del neoclasicismo hasta la consolidaci\u00f3n del arte moderno.  si el punto inicial es en los comienzos del siglo xix, cuando varios artistas europeos desembarcaron en brasil a menudo como integrantes de misiones expediccionarias con el objetivo de catalogar, registrar, observar, m\u00e1s tarde con el arte moderno, que se opone al neoclasicismo, llega una nueva etapa del arte producido en brasil, pues es cuando la cultura brasile\u00f1a finalmente reconoce una expresi\u00f3n propia en si misma.  dividido en dos partes, en la cual la primera trata de las representaciones de r\u00edo de janeiro a trav\u00e9s de los pintores, mientras la segunda est\u00e1 dedicada a las representaciones de los arquitectos, la tesis tiene su organizaic\u00f3n seg\u00fan relaciones dial\u00e9cticas. As\u00ed, si una parte trata de la mirada de los pintores y la otra la de los arquitectos, por su vez cada parte est\u00e1 subdividida en dos cap\u00edtulos, los dos pintores y la otra la de los arquitectos, por su vez cada parte est\u00e1 subdividida en dos cap\u00edtulos, los dos primeros referentes al ojo extranjero, mientras que el segundo de cada parte trata del ojo local, es decir, de los artistas brasile\u00f1os o extranjeros radicados en brasil que retrataron el paisaje inmerso en el ambiente cultural de la ciudad de r\u00edo de janeiro.<\/p>\n<p>&nbsp;<\/p>\n<h3>Datos acad\u00e9micos de la tesis doctoral \u00ab<strong>Paisagem e arquitetura no rio de janeiro, iconografia do olhar conciliador de pintores e arquitetos<\/strong>\u00ab<\/h3>\n<ul>\n<li><strong>T\u00edtulo de la tesis:<\/strong>\u00a0 Paisagem e arquitetura no rio de janeiro, iconografia do olhar conciliador de pintores e arquitetos <\/li>\n<li><strong>Autor:<\/strong>\u00a0 Tarcisio Bahia De Andrade <\/li>\n<li><strong>Universidad:<\/strong>\u00a0 Polit\u00e9cnica de catalunya<\/li>\n<li><strong>Fecha de lectura de la tesis:<\/strong>\u00a0 30\/09\/2003<\/li>\n<\/ul>\n<p>&nbsp;<\/p>\n<h3>Direcci\u00f3n y tribunal<\/h3>\n<ul>\n<li><strong>Director de la tesis<\/strong>\n<ul>\n<li>Josep Bertran Ilari<\/li>\n<\/ul>\n<\/li>\n<li><strong>Tribunal<\/strong>\n<ul>\n<li>Presidente del tribunal: angela Garcia codo\u00f1er <\/li>\n<li>miquel Vidal pla (vocal)<\/li>\n<li>lino Manuel Cabezas gelabert (vocal)<\/li>\n<li>Jos\u00e9 Garcia navas (vocal)<\/li>\n<\/ul>\n<\/li>\n<\/ul>\n<p>&nbsp;<\/p>\n","protected":false},"excerpt":{"rendered":"<p>Tesis doctoral de Tarcisio Bahia De Andrade La tesis tiene como objeto de investigaci\u00f3n del paisaje del r\u00edo de janeiro, [&hellip;]<\/p>\n","protected":false},"author":1,"featured_media":0,"comment_status":"open","ping_status":"open","sticky":false,"template":"","format":"standard","meta":{"site-sidebar-layout":"default","site-content-layout":"","ast-site-content-layout":"","site-content-style":"default","site-sidebar-style":"default","ast-global-header-display":"","ast-banner-title-visibility":"","ast-main-header-display":"","ast-hfb-above-header-display":"","ast-hfb-below-header-display":"","ast-hfb-mobile-header-display":"","site-post-title":"","ast-breadcrumbs-content":"","ast-featured-img":"","footer-sml-layout":"","theme-transparent-header-meta":"","adv-header-id-meta":"","stick-header-meta":"","header-above-stick-meta":"","header-main-stick-meta":"","header-below-stick-meta":"","astra-migrate-meta-layouts":"default","ast-page-background-enabled":"default","ast-page-background-meta":{"desktop":{"background-color":"var(--ast-global-color-4)","background-image":"","background-repeat":"repeat","background-position":"center center","background-size":"auto","background-attachment":"scroll","background-type":"","background-media":"","overlay-type":"","overlay-color":"","overlay-gradient":""},"tablet":{"background-color":"","background-image":"","background-repeat":"repeat","background-position":"center center","background-size":"auto","background-attachment":"scroll","background-type":"","background-media":"","overlay-type":"","overlay-color":"","overlay-gradient":""},"mobile":{"background-color":"","background-image":"","background-repeat":"repeat","background-position":"center center","background-size":"auto","background-attachment":"scroll","background-type":"","background-media":"","overlay-type":"","overlay-color":"","overlay-gradient":""}},"ast-content-background-meta":{"desktop":{"background-color":"var(--ast-global-color-5)","background-image":"","background-repeat":"repeat","background-position":"center center","background-size":"auto","background-attachment":"scroll","background-type":"","background-media":"","overlay-type":"","overlay-color":"","overlay-gradient":""},"tablet":{"background-color":"var(--ast-global-color-5)","background-image":"","background-repeat":"repeat","background-position":"center center","background-size":"auto","background-attachment":"scroll","background-type":"","background-media":"","overlay-type":"","overlay-color":"","overlay-gradient":""},"mobile":{"background-color":"var(--ast-global-color-5)","background-image":"","background-repeat":"repeat","background-position":"center center","background-size":"auto","background-attachment":"scroll","background-type":"","background-media":"","overlay-type":"","overlay-color":"","overlay-gradient":""}},"footnotes":""},"categories":[15596],"tags":[59406,27971,36599,28195,30265,75560],"class_list":["post-26048","post","type-post","status-publish","format-standard","hentry","category-politecnica-de-catalunya","tag-angela-garcia-codoner","tag-jose-garcia-navas","tag-josep-bertran-ilari","tag-lino-manuel-cabezas-gelabert","tag-miquel-vidal-pla","tag-tarcisio-bahia-de-andrade"],"_links":{"self":[{"href":"https:\/\/www.deberes.net\/tesis\/wp-json\/wp\/v2\/posts\/26048","targetHints":{"allow":["GET"]}}],"collection":[{"href":"https:\/\/www.deberes.net\/tesis\/wp-json\/wp\/v2\/posts"}],"about":[{"href":"https:\/\/www.deberes.net\/tesis\/wp-json\/wp\/v2\/types\/post"}],"author":[{"embeddable":true,"href":"https:\/\/www.deberes.net\/tesis\/wp-json\/wp\/v2\/users\/1"}],"replies":[{"embeddable":true,"href":"https:\/\/www.deberes.net\/tesis\/wp-json\/wp\/v2\/comments?post=26048"}],"version-history":[{"count":0,"href":"https:\/\/www.deberes.net\/tesis\/wp-json\/wp\/v2\/posts\/26048\/revisions"}],"wp:attachment":[{"href":"https:\/\/www.deberes.net\/tesis\/wp-json\/wp\/v2\/media?parent=26048"}],"wp:term":[{"taxonomy":"category","embeddable":true,"href":"https:\/\/www.deberes.net\/tesis\/wp-json\/wp\/v2\/categories?post=26048"},{"taxonomy":"post_tag","embeddable":true,"href":"https:\/\/www.deberes.net\/tesis\/wp-json\/wp\/v2\/tags?post=26048"}],"curies":[{"name":"wp","href":"https:\/\/api.w.org\/{rel}","templated":true}]}}