{"id":26090,"date":"2003-01-10T00:00:00","date_gmt":"2003-01-10T00:00:00","guid":{"rendered":"https:\/\/www.deberes.net\/tesis\/sin-categoria\/un-estudio-de-la-influencia-del-autoconcepto-multidimensional-sobre-el-estilo-de-vida-saludable-en-la-adolescencia-temprana\/"},"modified":"2003-01-10T00:00:00","modified_gmt":"2003-01-10T00:00:00","slug":"un-estudio-de-la-influencia-del-autoconcepto-multidimensional-sobre-el-estilo-de-vida-saludable-en-la-adolescencia-temprana","status":"publish","type":"post","link":"https:\/\/www.deberes.net\/tesis\/sin-categoria\/un-estudio-de-la-influencia-del-autoconcepto-multidimensional-sobre-el-estilo-de-vida-saludable-en-la-adolescencia-temprana\/","title":{"rendered":"Un estudio de la influencia del autoconcepto multidimensional sobre el estilo de vida saludable en la adolescencia temprana"},"content":{"rendered":"<h2>Tesis doctoral de <strong> Yolanda Moreno Siguenza <\/strong><\/h2>\n<p>El objetivo del presente trabajo consiste en estudiar el estilo de vida relacionado con la salud y el autoconcepto, durante la adolescencia temprana e inicio de la adolescencia media (11-15 a\u00f1os) en funci\u00f3n del g\u00e9nero, de la edad o curso acad\u00e9mico y de diversas variables socioecon\u00f3micas (profesi\u00f3n y nivel de estudios de los padres y tipo de centro de estudios), as\u00ed como las relaciones que se establecen entre estas conductas de salud y las dimensiones del autoconcepto.  la muestra utilizada es representativa del universo de alumnos de 6\u00c2\u00ba e.G.B., 8\u00c2\u00ba e.G.B.\/2\u00c2\u00ba e.S.O., 2\u00c2\u00ba b.U.P.,\/4\u00c2\u00ba e.S.O., Y de 2\u00c2\u00ba de f.P.-I. Est\u00e1 compuesta por 967 estudiantes con edades comprendidas entre los 11 y los 16 a\u00f1os. el 49.1% son chicos y el 50.9% son chicas.  los instrumentos utilizados son el inventario de conductas de salud en escolares (balanguer, 1999, 2002; wold, 1995) -para evaluar las variables del estilo de vida relacionado con la salud, as\u00ed como las variables sociodemogr\u00e1ficas- y el perfil de autopercepciones para ni\u00f1os (harter, 1985)- para evaluar las dimensiones del autoconcepto.  se han realizado diversos an\u00e1lisis descriptivos, correlacionales, varianza y path an\u00e1lisis, cuyos principales resultados permiten concluir que en la adolescencia se produce el inicio en la experimentaci\u00f3n y consumo de tabaco, alchol y cannabis; los h\u00e1bitos alimentarios se mantienen bastante estables y la pr\u00e1ctica de actividad f\u00edsica y deporte disminuye con la edad. las conductas relacionadas con el consumo de sustancias mantienen una fuerte relaci\u00f3n positiva.  las percepciones que los j\u00f3venes tienen en los diferentes dominios del autoconcepto y en la autoval\u00eda global disminuyen con la edad, \u00fanicamente la percepci\u00f3n de aceptaci\u00f3n social permanece estable durante este periodo.  las dimensiones del autoconcepto que tienen una mayor influencia sobre la pr\u00e1ctica de deporte y de actividad f\u00edsica son la competencia deportiva y la aceptaci\u00f3n socia<\/p>\n<p>&nbsp;<\/p>\n<h3>Datos acad\u00e9micos de la tesis doctoral \u00ab<strong>Un estudio de la influencia del autoconcepto multidimensional sobre el estilo de vida saludable en la adolescencia temprana<\/strong>\u00ab<\/h3>\n<ul>\n<li><strong>T\u00edtulo de la tesis:<\/strong>\u00a0 Un estudio de la influencia del autoconcepto multidimensional sobre el estilo de vida saludable en la adolescencia temprana <\/li>\n<li><strong>Autor:<\/strong>\u00a0 Yolanda Moreno Siguenza <\/li>\n<li><strong>Universidad:<\/strong>\u00a0 Universitat de val\u00e9ncia (estudi general)<\/li>\n<li><strong>Fecha de lectura de la tesis:<\/strong>\u00a0 01\/10\/2003<\/li>\n<\/ul>\n<p>&nbsp;<\/p>\n<h3>Direcci\u00f3n y tribunal<\/h3>\n<ul>\n<li><strong>Director de la tesis<\/strong>\n<ul>\n<li>Isabel Balaguer Sol\u00e1<\/li>\n<\/ul>\n<\/li>\n<li><strong>Tribunal<\/strong>\n<ul>\n<li>Presidente del tribunal: Jos\u00e9 Mar\u00eda Peir\u00f3 silla <\/li>\n<li>n\u00faria Codina mata (vocal)<\/li>\n<li>Jes\u00fas Rodr\u00edguez mart\u00edn (vocal)<\/li>\n<li>isabel m. Castillo fernandez (vocal)<\/li>\n<\/ul>\n<\/li>\n<\/ul>\n<p>&nbsp;<\/p>\n","protected":false},"excerpt":{"rendered":"<p>Tesis doctoral de Yolanda Moreno Siguenza El objetivo del presente trabajo consiste en estudiar el estilo de vida relacionado con [&hellip;]<\/p>\n","protected":false},"author":1,"featured_media":0,"comment_status":"open","ping_status":"open","sticky":false,"template":"","format":"standard","meta":{"site-sidebar-layout":"default","site-content-layout":"","ast-site-content-layout":"","site-content-style":"default","site-sidebar-style":"default","ast-global-header-display":"","ast-banner-title-visibility":"","ast-main-header-display":"","ast-hfb-above-header-display":"","ast-hfb-below-header-display":"","ast-hfb-mobile-header-display":"","site-post-title":"","ast-breadcrumbs-content":"","ast-featured-img":"","footer-sml-layout":"","theme-transparent-header-meta":"","adv-header-id-meta":"","stick-header-meta":"","header-above-stick-meta":"","header-main-stick-meta":"","header-below-stick-meta":"","astra-migrate-meta-layouts":"default","ast-page-background-enabled":"default","ast-page-background-meta":{"desktop":{"background-color":"var(--ast-global-color-4)","background-image":"","background-repeat":"repeat","background-position":"center center","background-size":"auto","background-attachment":"scroll","background-type":"","background-media":"","overlay-type":"","overlay-color":"","overlay-gradient":""},"tablet":{"background-color":"","background-image":"","background-repeat":"repeat","background-position":"center center","background-size":"auto","background-attachment":"scroll","background-type":"","background-media":"","overlay-type":"","overlay-color":"","overlay-gradient":""},"mobile":{"background-color":"","background-image":"","background-repeat":"repeat","background-position":"center center","background-size":"auto","background-attachment":"scroll","background-type":"","background-media":"","overlay-type":"","overlay-color":"","overlay-gradient":""}},"ast-content-background-meta":{"desktop":{"background-color":"var(--ast-global-color-5)","background-image":"","background-repeat":"repeat","background-position":"center center","background-size":"auto","background-attachment":"scroll","background-type":"","background-media":"","overlay-type":"","overlay-color":"","overlay-gradient":""},"tablet":{"background-color":"var(--ast-global-color-5)","background-image":"","background-repeat":"repeat","background-position":"center center","background-size":"auto","background-attachment":"scroll","background-type":"","background-media":"","overlay-type":"","overlay-color":"","overlay-gradient":""},"mobile":{"background-color":"var(--ast-global-color-5)","background-image":"","background-repeat":"repeat","background-position":"center center","background-size":"auto","background-attachment":"scroll","background-type":"","background-media":"","overlay-type":"","overlay-color":"","overlay-gradient":""}},"footnotes":""},"categories":[1],"tags":[11443,69526,75660,7129,33492,75659],"class_list":["post-26090","post","type-post","status-publish","format-standard","hentry","category-sin-categoria","tag-isabel-balaguer-sola","tag-isabel-m-castillo-fernandez","tag-jesus-rodriguez-martin","tag-jose-maria-peiro-silla","tag-nuria-codina-mata","tag-yolanda-moreno-sigaenza"],"_links":{"self":[{"href":"https:\/\/www.deberes.net\/tesis\/wp-json\/wp\/v2\/posts\/26090","targetHints":{"allow":["GET"]}}],"collection":[{"href":"https:\/\/www.deberes.net\/tesis\/wp-json\/wp\/v2\/posts"}],"about":[{"href":"https:\/\/www.deberes.net\/tesis\/wp-json\/wp\/v2\/types\/post"}],"author":[{"embeddable":true,"href":"https:\/\/www.deberes.net\/tesis\/wp-json\/wp\/v2\/users\/1"}],"replies":[{"embeddable":true,"href":"https:\/\/www.deberes.net\/tesis\/wp-json\/wp\/v2\/comments?post=26090"}],"version-history":[{"count":0,"href":"https:\/\/www.deberes.net\/tesis\/wp-json\/wp\/v2\/posts\/26090\/revisions"}],"wp:attachment":[{"href":"https:\/\/www.deberes.net\/tesis\/wp-json\/wp\/v2\/media?parent=26090"}],"wp:term":[{"taxonomy":"category","embeddable":true,"href":"https:\/\/www.deberes.net\/tesis\/wp-json\/wp\/v2\/categories?post=26090"},{"taxonomy":"post_tag","embeddable":true,"href":"https:\/\/www.deberes.net\/tesis\/wp-json\/wp\/v2\/tags?post=26090"}],"curies":[{"name":"wp","href":"https:\/\/api.w.org\/{rel}","templated":true}]}}