{"id":26160,"date":"2003-03-10T00:00:00","date_gmt":"2003-03-10T00:00:00","guid":{"rendered":"https:\/\/www.deberes.net\/tesis\/sin-categoria\/la-automatizacion-integrada-de-los-servicios-como-fuente-de-ventajas-competitivas\/"},"modified":"2003-03-10T00:00:00","modified_gmt":"2003-03-10T00:00:00","slug":"la-automatizacion-integrada-de-los-servicios-como-fuente-de-ventajas-competitivas","status":"publish","type":"post","link":"https:\/\/www.deberes.net\/tesis\/vigo\/la-automatizacion-integrada-de-los-servicios-como-fuente-de-ventajas-competitivas\/","title":{"rendered":"La automatizaci\u00f3n integrada de los servicios como fuente de ventajas competitivas"},"content":{"rendered":"<h2>Tesis doctoral de <strong>  Diz Comesa\u00f1a M. Eva <\/strong><\/h2>\n<p>Las econom\u00edas desarrolladas se encuentran en una fase de transici\u00f3n din\u00e1mica, en la que el sector servicios ha experimentado un crecimiento espectacular y donde no se vislumbran s\u00edntomas de estancamiento.  este hecho lo tranforma en un cmapo de especial inter\u00e9s para disciplinas como la direcci\u00f3n de operaciones.  dentro de este \u00e1mbito y ante el dinamismo que caracteriza el entorno la flexibilidad se ha convertido en el neto de aquellas empresas que pretenden sobrevivir.  en este sentido, se analiza la automatizaci\u00f3n de los servicios como fuente u origen de ventajas, en la medida en que constituye un medio eficaz para alcanzarlos simult\u00e1neamente niveles aceptables de flexibilidad y productividad que redunden en una mejora de la posici\u00f3n competitiva.  a nivel emp\u00edrico se realiza un estudio sobre cuatro subsectores-autopistas, aparcamientos, lavado de autom\u00f3viles y alquiler de pel\u00edculas cinematogr\u00e1ficas &#8211; donde trata de ponerse de manifiesto  los objetivos que ha impulsado a la automatizaci\u00f3n, adem\u00e1s de las modificaciones que se producen en los elementos y resultados del subsistema de operaciones con motivo de la misma.<\/p>\n<p>&nbsp;<\/p>\n<h3>Datos acad\u00e9micos de la tesis doctoral \u00ab<strong>La automatizaci\u00f3n integrada de los servicios como fuente de ventajas competitivas<\/strong>\u00ab<\/h3>\n<ul>\n<li><strong>T\u00edtulo de la tesis:<\/strong>\u00a0 La automatizaci\u00f3n integrada de los servicios como fuente de ventajas competitivas <\/li>\n<li><strong>Autor:<\/strong>\u00a0  Diz Comesa\u00f1a M. Eva <\/li>\n<li><strong>Universidad:<\/strong>\u00a0 Vigo<\/li>\n<li><strong>Fecha de lectura de la tesis:<\/strong>\u00a0 03\/10\/2003<\/li>\n<\/ul>\n<p>&nbsp;<\/p>\n<h3>Direcci\u00f3n y tribunal<\/h3>\n<ul>\n<li><strong>Director de la tesis<\/strong>\n<ul>\n<li>Jos\u00e9 Manuel Garc\u00eda V\u00e1zquez<\/li>\n<\/ul>\n<\/li>\n<li><strong>Tribunal<\/strong>\n<ul>\n<li>Presidente del tribunal: camilo Prado freire <\/li>\n<li>Jos\u00e9 Diez de castro (vocal)<\/li>\n<li>ricardo Hern\u00e1ndez mogoll\u00f3n (vocal)<\/li>\n<li>Jos\u00e9 Cabanelas omil (vocal)<\/li>\n<\/ul>\n<\/li>\n<\/ul>\n<p>&nbsp;<\/p>\n","protected":false},"excerpt":{"rendered":"<p>Tesis doctoral de Diz Comesa\u00f1a M. Eva Las econom\u00edas desarrolladas se encuentran en una fase de transici\u00f3n din\u00e1mica, en la [&hellip;]<\/p>\n","protected":false},"author":1,"featured_media":0,"comment_status":"open","ping_status":"open","sticky":false,"template":"","format":"standard","meta":{"site-sidebar-layout":"default","site-content-layout":"","ast-site-content-layout":"","site-content-style":"default","site-sidebar-style":"default","ast-global-header-display":"","ast-banner-title-visibility":"","ast-main-header-display":"","ast-hfb-above-header-display":"","ast-hfb-below-header-display":"","ast-hfb-mobile-header-display":"","site-post-title":"","ast-breadcrumbs-content":"","ast-featured-img":"","footer-sml-layout":"","theme-transparent-header-meta":"","adv-header-id-meta":"","stick-header-meta":"","header-above-stick-meta":"","header-main-stick-meta":"","header-below-stick-meta":"","astra-migrate-meta-layouts":"default","ast-page-background-enabled":"default","ast-page-background-meta":{"desktop":{"background-color":"var(--ast-global-color-4)","background-image":"","background-repeat":"repeat","background-position":"center center","background-size":"auto","background-attachment":"scroll","background-type":"","background-media":"","overlay-type":"","overlay-color":"","overlay-gradient":""},"tablet":{"background-color":"","background-image":"","background-repeat":"repeat","background-position":"center center","background-size":"auto","background-attachment":"scroll","background-type":"","background-media":"","overlay-type":"","overlay-color":"","overlay-gradient":""},"mobile":{"background-color":"","background-image":"","background-repeat":"repeat","background-position":"center center","background-size":"auto","background-attachment":"scroll","background-type":"","background-media":"","overlay-type":"","overlay-color":"","overlay-gradient":""}},"ast-content-background-meta":{"desktop":{"background-color":"var(--ast-global-color-5)","background-image":"","background-repeat":"repeat","background-position":"center center","background-size":"auto","background-attachment":"scroll","background-type":"","background-media":"","overlay-type":"","overlay-color":"","overlay-gradient":""},"tablet":{"background-color":"var(--ast-global-color-5)","background-image":"","background-repeat":"repeat","background-position":"center center","background-size":"auto","background-attachment":"scroll","background-type":"","background-media":"","overlay-type":"","overlay-color":"","overlay-gradient":""},"mobile":{"background-color":"var(--ast-global-color-5)","background-image":"","background-repeat":"repeat","background-position":"center center","background-size":"auto","background-attachment":"scroll","background-type":"","background-media":"","overlay-type":"","overlay-color":"","overlay-gradient":""}},"footnotes":""},"categories":[18657],"tags":[7053,75827,49473,46884,21295,40010],"class_list":["post-26160","post","type-post","status-publish","format-standard","hentry","category-vigo","tag-camilo-prado-freire","tag-diz-comesana-m-eva","tag-jose-cabanelas-omil","tag-jose-diez-de-castro","tag-jose-manuel-garcia-vazquez","tag-ricardo-hernandez-mogollon"],"_links":{"self":[{"href":"https:\/\/www.deberes.net\/tesis\/wp-json\/wp\/v2\/posts\/26160","targetHints":{"allow":["GET"]}}],"collection":[{"href":"https:\/\/www.deberes.net\/tesis\/wp-json\/wp\/v2\/posts"}],"about":[{"href":"https:\/\/www.deberes.net\/tesis\/wp-json\/wp\/v2\/types\/post"}],"author":[{"embeddable":true,"href":"https:\/\/www.deberes.net\/tesis\/wp-json\/wp\/v2\/users\/1"}],"replies":[{"embeddable":true,"href":"https:\/\/www.deberes.net\/tesis\/wp-json\/wp\/v2\/comments?post=26160"}],"version-history":[{"count":0,"href":"https:\/\/www.deberes.net\/tesis\/wp-json\/wp\/v2\/posts\/26160\/revisions"}],"wp:attachment":[{"href":"https:\/\/www.deberes.net\/tesis\/wp-json\/wp\/v2\/media?parent=26160"}],"wp:term":[{"taxonomy":"category","embeddable":true,"href":"https:\/\/www.deberes.net\/tesis\/wp-json\/wp\/v2\/categories?post=26160"},{"taxonomy":"post_tag","embeddable":true,"href":"https:\/\/www.deberes.net\/tesis\/wp-json\/wp\/v2\/tags?post=26160"}],"curies":[{"name":"wp","href":"https:\/\/api.w.org\/{rel}","templated":true}]}}