{"id":26171,"date":"2003-04-10T00:00:00","date_gmt":"2003-04-10T00:00:00","guid":{"rendered":"https:\/\/www.deberes.net\/tesis\/sin-categoria\/extension-del-metodo-de-la-calibracion-a-la-estimacion-de-parametros-funcionales\/"},"modified":"2003-04-10T00:00:00","modified_gmt":"2003-04-10T00:00:00","slug":"extension-del-metodo-de-la-calibracion-a-la-estimacion-de-parametros-funcionales","status":"publish","type":"post","link":"https:\/\/www.deberes.net\/tesis\/almeria\/extension-del-metodo-de-la-calibracion-a-la-estimacion-de-parametros-funcionales\/","title":{"rendered":"Extensi\u00f3n del m\u00e9todo de la calibraci\u00f3n a la estimaci\u00f3n de par\u00e1metros funcionales"},"content":{"rendered":"<h2>Tesis doctoral de <strong> Sergio Mart\u00ednez Puertas <\/strong><\/h2>\n<p>En este trabajo se estudia una de las t\u00e9cnicas de uso de informaci\u00f3n auxiliar para la estimaci\u00f3n del par\u00e1metros funcionales, llamada calibraci\u00f3n, que desde su surgimiento ha sido seguida por muchos autores.  se analiza el problema de la estimaci\u00f3n de la funci\u00f3n de distribuci\u00f3n bajo cualqueier dise\u00f1o muestral cuando existe informaci\u00f3n auxiliar proporcionada por una o varias variables que estan ralacionadas con la variable objeto de estudio.  despues de analizar los estimadores conocidos de la funci\u00f3n de distribuci\u00f3n, se contruyen diversos estimadores de calibraci\u00f3n para esta par\u00e1metro, desarrollando sus propiedades bajo una amplia variedad de situaciones. Tambi\u00e9n se compara la precisi\u00f3n de estos estimadores formulados con los que se describen al principio del cap\u00edtulo .  la \u00faltima parte de la tesis est\u00e1 destinada a la estimaci\u00f3n de un par\u00e1metro no lineal, como es el cuantil.<\/p>\n<p>&nbsp;<\/p>\n<h3>Datos acad\u00e9micos de la tesis doctoral \u00ab<strong>Extensi\u00f3n del m\u00e9todo de la calibraci\u00f3n a la estimaci\u00f3n de par\u00e1metros funcionales<\/strong>\u00ab<\/h3>\n<ul>\n<li><strong>T\u00edtulo de la tesis:<\/strong>\u00a0 Extensi\u00f3n del m\u00e9todo de la calibraci\u00f3n a la estimaci\u00f3n de par\u00e1metros funcionales <\/li>\n<li><strong>Autor:<\/strong>\u00a0 Sergio Mart\u00ednez Puertas <\/li>\n<li><strong>Universidad:<\/strong>\u00a0 Almer\u00eda<\/li>\n<li><strong>Fecha de lectura de la tesis:<\/strong>\u00a0 04\/10\/2003<\/li>\n<\/ul>\n<p>&nbsp;<\/p>\n<h3>Direcci\u00f3n y tribunal<\/h3>\n<ul>\n<li><strong>Director de la tesis<\/strong>\n<ul>\n<li> Rueda Garc\u00eda M. Mar<\/li>\n<\/ul>\n<\/li>\n<li><strong>Tribunal<\/strong>\n<ul>\n<li>Presidente del tribunal: acosta Antonio pacual <\/li>\n<li>vicente Quesada paloma (vocal)<\/li>\n<li>Andr\u00e9s Gonz\u00e1lez carmona (vocal)<\/li>\n<li>cuadra Francisco herrera (vocal)<\/li>\n<\/ul>\n<\/li>\n<\/ul>\n<p>&nbsp;<\/p>\n","protected":false},"excerpt":{"rendered":"<p>Tesis doctoral de Sergio Mart\u00ednez Puertas En este trabajo se estudia una de las t\u00e9cnicas de uso de informaci\u00f3n auxiliar [&hellip;]<\/p>\n","protected":false},"author":1,"featured_media":0,"comment_status":"open","ping_status":"open","sticky":false,"template":"","format":"standard","meta":{"site-sidebar-layout":"default","site-content-layout":"","ast-site-content-layout":"","site-content-style":"default","site-sidebar-style":"default","ast-global-header-display":"","ast-banner-title-visibility":"","ast-main-header-display":"","ast-hfb-above-header-display":"","ast-hfb-below-header-display":"","ast-hfb-mobile-header-display":"","site-post-title":"","ast-breadcrumbs-content":"","ast-featured-img":"","footer-sml-layout":"","theme-transparent-header-meta":"","adv-header-id-meta":"","stick-header-meta":"","header-above-stick-meta":"","header-main-stick-meta":"","header-below-stick-meta":"","astra-migrate-meta-layouts":"default","ast-page-background-enabled":"default","ast-page-background-meta":{"desktop":{"background-color":"var(--ast-global-color-4)","background-image":"","background-repeat":"repeat","background-position":"center center","background-size":"auto","background-attachment":"scroll","background-type":"","background-media":"","overlay-type":"","overlay-color":"","overlay-gradient":""},"tablet":{"background-color":"","background-image":"","background-repeat":"repeat","background-position":"center center","background-size":"auto","background-attachment":"scroll","background-type":"","background-media":"","overlay-type":"","overlay-color":"","overlay-gradient":""},"mobile":{"background-color":"","background-image":"","background-repeat":"repeat","background-position":"center center","background-size":"auto","background-attachment":"scroll","background-type":"","background-media":"","overlay-type":"","overlay-color":"","overlay-gradient":""}},"ast-content-background-meta":{"desktop":{"background-color":"var(--ast-global-color-5)","background-image":"","background-repeat":"repeat","background-position":"center center","background-size":"auto","background-attachment":"scroll","background-type":"","background-media":"","overlay-type":"","overlay-color":"","overlay-gradient":""},"tablet":{"background-color":"var(--ast-global-color-5)","background-image":"","background-repeat":"repeat","background-position":"center center","background-size":"auto","background-attachment":"scroll","background-type":"","background-media":"","overlay-type":"","overlay-color":"","overlay-gradient":""},"mobile":{"background-color":"var(--ast-global-color-5)","background-image":"","background-repeat":"repeat","background-position":"center center","background-size":"auto","background-attachment":"scroll","background-type":"","background-media":"","overlay-type":"","overlay-color":"","overlay-gradient":""}},"footnotes":""},"categories":[18909],"tags":[75849,3560,75850,56671,75848,3367],"class_list":["post-26171","post","type-post","status-publish","format-standard","hentry","category-almeria","tag-acosta-antonio-pacual","tag-andres-gonzalez-carmona","tag-cuadra-francisco-herrera","tag-rueda-garcia-m-mar","tag-sergio-Martinez-puertas","tag-vicente-quesada-paloma"],"_links":{"self":[{"href":"https:\/\/www.deberes.net\/tesis\/wp-json\/wp\/v2\/posts\/26171","targetHints":{"allow":["GET"]}}],"collection":[{"href":"https:\/\/www.deberes.net\/tesis\/wp-json\/wp\/v2\/posts"}],"about":[{"href":"https:\/\/www.deberes.net\/tesis\/wp-json\/wp\/v2\/types\/post"}],"author":[{"embeddable":true,"href":"https:\/\/www.deberes.net\/tesis\/wp-json\/wp\/v2\/users\/1"}],"replies":[{"embeddable":true,"href":"https:\/\/www.deberes.net\/tesis\/wp-json\/wp\/v2\/comments?post=26171"}],"version-history":[{"count":0,"href":"https:\/\/www.deberes.net\/tesis\/wp-json\/wp\/v2\/posts\/26171\/revisions"}],"wp:attachment":[{"href":"https:\/\/www.deberes.net\/tesis\/wp-json\/wp\/v2\/media?parent=26171"}],"wp:term":[{"taxonomy":"category","embeddable":true,"href":"https:\/\/www.deberes.net\/tesis\/wp-json\/wp\/v2\/categories?post=26171"},{"taxonomy":"post_tag","embeddable":true,"href":"https:\/\/www.deberes.net\/tesis\/wp-json\/wp\/v2\/tags?post=26171"}],"curies":[{"name":"wp","href":"https:\/\/api.w.org\/{rel}","templated":true}]}}