{"id":26249,"date":"2003-10-10T00:00:00","date_gmt":"2003-10-10T00:00:00","guid":{"rendered":"https:\/\/www.deberes.net\/tesis\/sin-categoria\/efecto-de-la-administracion-de-antidepresivos-sobre-el-sistema-encefalinergico-troncoencefalico-de-la-rata\/"},"modified":"2003-10-10T00:00:00","modified_gmt":"2003-10-10T00:00:00","slug":"efecto-de-la-administracion-de-antidepresivos-sobre-el-sistema-encefalinergico-troncoencefalico-de-la-rata","status":"publish","type":"post","link":"https:\/\/www.deberes.net\/tesis\/pais-vasco-euskal-herriko-unibertsitatea\/efecto-de-la-administracion-de-antidepresivos-sobre-el-sistema-encefalinergico-troncoencefalico-de-la-rata\/","title":{"rendered":"Efecto de la administraci\u00f3n de antidepresivos sobre el sistema encefalinergico troncoencefalico de la rata"},"content":{"rendered":"<h2>Tesis doctoral de <strong>  Vegas Luzuriaga M. Laura <\/strong><\/h2>\n<p>Este trabajo estudia la posible implicaci\u00f3n del sistema encefalin\u00e9rgico troncoencef\u00e1lico en el mecanismo de acci\u00f3n cerebral de diversos f\u00e1rmacos antidepresivos.  para ello se realiz\u00f3 una administraci\u00f3n cr\u00f3nica de fluoxetina, nefazodona e imipramina en ratas, seguida de un extenso estudio inmunocitoqu\u00edmico regional, abarcando leu-encefalina y receptor opioide mu.  el tratamiento antidepresivo produjo variaciones significativas en la espresi\u00f3n inmunocitoqu\u00edmica de leu-encefalina en diversas regiones troncoencef\u00e1licas, sugiriendo una posible alteraci\u00f3n en la actividad del sistema opioide por efecto del tratamiento antidepresivo.  los resultados obtenidos sugieren la implicaci\u00f3n del sistema opioide en el mecanismo antidepresivo de estos f\u00e1rmacos.<\/p>\n<p>&nbsp;<\/p>\n<h3>Datos acad\u00e9micos de la tesis doctoral \u00ab<strong>Efecto de la administraci\u00f3n de antidepresivos sobre el sistema encefalinergico troncoencefalico de la rata<\/strong>\u00ab<\/h3>\n<ul>\n<li><strong>T\u00edtulo de la tesis:<\/strong>\u00a0 Efecto de la administraci\u00f3n de antidepresivos sobre el sistema encefalinergico troncoencefalico de la rata <\/li>\n<li><strong>Autor:<\/strong>\u00a0  Vegas Luzuriaga M. Laura <\/li>\n<li><strong>Universidad:<\/strong>\u00a0 Pa\u00eds vasco\/euskal herriko unibertsitatea<\/li>\n<li><strong>Fecha de lectura de la tesis:<\/strong>\u00a0 10\/10\/2003<\/li>\n<\/ul>\n<p>&nbsp;<\/p>\n<h3>Direcci\u00f3n y tribunal<\/h3>\n<ul>\n<li><strong>Director de la tesis<\/strong>\n<ul>\n<li>Luis Casis Saenz<\/li>\n<\/ul>\n<\/li>\n<li><strong>Tribunal<\/strong>\n<ul>\n<li>Presidente del tribunal:  Gandarias y bajon Juan  manuel <\/li>\n<li> Escanero marcen Jes\u00fas Fernando (vocal)<\/li>\n<li> Ainz fernandez Luis Fernando (vocal)<\/li>\n<li>ricardo Chirino godoy (vocal)<\/li>\n<\/ul>\n<\/li>\n<\/ul>\n<p>&nbsp;<\/p>\n","protected":false},"excerpt":{"rendered":"<p>Tesis doctoral de Vegas Luzuriaga M. Laura Este trabajo estudia la posible implicaci\u00f3n del sistema encefalin\u00e9rgico troncoencef\u00e1lico en el mecanismo [&hellip;]<\/p>\n","protected":false},"author":1,"featured_media":0,"comment_status":"open","ping_status":"open","sticky":false,"template":"","format":"standard","meta":{"site-sidebar-layout":"default","site-content-layout":"","ast-site-content-layout":"","site-content-style":"default","site-sidebar-style":"default","ast-global-header-display":"","ast-banner-title-visibility":"","ast-main-header-display":"","ast-hfb-above-header-display":"","ast-hfb-below-header-display":"","ast-hfb-mobile-header-display":"","site-post-title":"","ast-breadcrumbs-content":"","ast-featured-img":"","footer-sml-layout":"","theme-transparent-header-meta":"","adv-header-id-meta":"","stick-header-meta":"","header-above-stick-meta":"","header-main-stick-meta":"","header-below-stick-meta":"","astra-migrate-meta-layouts":"default","ast-page-background-enabled":"default","ast-page-background-meta":{"desktop":{"background-color":"var(--ast-global-color-4)","background-image":"","background-repeat":"repeat","background-position":"center center","background-size":"auto","background-attachment":"scroll","background-type":"","background-media":"","overlay-type":"","overlay-color":"","overlay-gradient":""},"tablet":{"background-color":"","background-image":"","background-repeat":"repeat","background-position":"center center","background-size":"auto","background-attachment":"scroll","background-type":"","background-media":"","overlay-type":"","overlay-color":"","overlay-gradient":""},"mobile":{"background-color":"","background-image":"","background-repeat":"repeat","background-position":"center center","background-size":"auto","background-attachment":"scroll","background-type":"","background-media":"","overlay-type":"","overlay-color":"","overlay-gradient":""}},"ast-content-background-meta":{"desktop":{"background-color":"var(--ast-global-color-5)","background-image":"","background-repeat":"repeat","background-position":"center center","background-size":"auto","background-attachment":"scroll","background-type":"","background-media":"","overlay-type":"","overlay-color":"","overlay-gradient":""},"tablet":{"background-color":"var(--ast-global-color-5)","background-image":"","background-repeat":"repeat","background-position":"center center","background-size":"auto","background-attachment":"scroll","background-type":"","background-media":"","overlay-type":"","overlay-color":"","overlay-gradient":""},"mobile":{"background-color":"var(--ast-global-color-5)","background-image":"","background-repeat":"repeat","background-position":"center center","background-size":"auto","background-attachment":"scroll","background-type":"","background-media":"","overlay-type":"","overlay-color":"","overlay-gradient":""}},"footnotes":""},"categories":[12909],"tags":[76018,29051,12912,13402,16666,76017],"class_list":["post-26249","post","type-post","status-publish","format-standard","hentry","category-pais-vasco-euskal-herriko-unibertsitatea","tag-ainz-fernandez-luis-fernando","tag-escanero-marcen-jesus-fernando","tag-gandarias-y-bajon-juan-manuel","tag-luis-casis-saenz","tag-ricardo-chirino-godoy","tag-vegas-luzuriaga-m-laura"],"_links":{"self":[{"href":"https:\/\/www.deberes.net\/tesis\/wp-json\/wp\/v2\/posts\/26249","targetHints":{"allow":["GET"]}}],"collection":[{"href":"https:\/\/www.deberes.net\/tesis\/wp-json\/wp\/v2\/posts"}],"about":[{"href":"https:\/\/www.deberes.net\/tesis\/wp-json\/wp\/v2\/types\/post"}],"author":[{"embeddable":true,"href":"https:\/\/www.deberes.net\/tesis\/wp-json\/wp\/v2\/users\/1"}],"replies":[{"embeddable":true,"href":"https:\/\/www.deberes.net\/tesis\/wp-json\/wp\/v2\/comments?post=26249"}],"version-history":[{"count":0,"href":"https:\/\/www.deberes.net\/tesis\/wp-json\/wp\/v2\/posts\/26249\/revisions"}],"wp:attachment":[{"href":"https:\/\/www.deberes.net\/tesis\/wp-json\/wp\/v2\/media?parent=26249"}],"wp:term":[{"taxonomy":"category","embeddable":true,"href":"https:\/\/www.deberes.net\/tesis\/wp-json\/wp\/v2\/categories?post=26249"},{"taxonomy":"post_tag","embeddable":true,"href":"https:\/\/www.deberes.net\/tesis\/wp-json\/wp\/v2\/tags?post=26249"}],"curies":[{"name":"wp","href":"https:\/\/api.w.org\/{rel}","templated":true}]}}