{"id":26272,"date":"2018-03-09T09:18:01","date_gmt":"2018-03-09T09:18:01","guid":{"rendered":"https:\/\/www.deberes.net\/tesis\/sin-categoria\/la-audicion-musical-en-la-escuela-primaria-una-aportacion-a-su-didactica\/"},"modified":"2018-03-09T09:18:01","modified_gmt":"2018-03-09T09:18:01","slug":"la-audicion-musical-en-la-escuela-primaria-una-aportacion-a-su-didactica","status":"publish","type":"post","link":"https:\/\/www.deberes.net\/tesis\/barcelona\/la-audicion-musical-en-la-escuela-primaria-una-aportacion-a-su-didactica\/","title":{"rendered":"La audici\u00f3n musical en la escuela primaria: una aportaci\u00f3n a su did\u00e1ctica"},"content":{"rendered":"<h2>Tesis doctoral de <strong> Joan De La Creu Godoy Tomas <\/strong><\/h2>\n<p>La presente tesis estudia y investiga el proceso de apreciaci\u00f3n y escucha de obras musicales en la escuela primaria.  en el marco te\u00f3rico, que fundamenta la posterior investigaci\u00f3n y aportaci\u00f3n did\u00e1ctica, se establecen las bases conceptuales alrededor del tema objeto de estudio: la audici\u00f3n musical.  se estudian los conceptos acerca de lo que entendemos por audici\u00f3n musical, como termino usado en el dise\u00f1o curricular de la generalitat de catalunya, estudiando los factores psicol\u00f3gicos, fisiol\u00f3gicos y sociol\u00f3gicos del proceso de escucha y apreciaci\u00f3n.  tambi\u00e9n se establecen las bases conceptuales entorno a la escuela primaria, relacionando los procesos psicol\u00f3gicos del desarrollo general con el musical. esto nos conduce al estudio sobre el curr\u00edculum y al an\u00e1lisis de la literatura del apartado de audici\u00f3n en los libros de texto de primaria.  las conclusiones del marco te\u00f3rico nos abren para la investigaci\u00f3n realizada con alumnos de las escuelas de primaria sobre: conservaci\u00f3n mel\u00f3dica, respuesta est\u00e9tica a la m\u00fasica y preferencias musicales.  la tesis concluye con un cap\u00edtulo dedicado a la aportaci\u00f3n de materiales que incluyan la relaci\u00f3n de la m\u00fasica acad\u00e9mica con la canci\u00f3n popular.<\/p>\n<p>&nbsp;<\/p>\n<h3>Datos acad\u00e9micos de la tesis doctoral \u00ab<strong>La audici\u00f3n musical en la escuela primaria: una aportaci\u00f3n a su did\u00e1ctica<\/strong>\u00ab<\/h3>\n<ul>\n<li><strong>T\u00edtulo de la tesis:<\/strong>\u00a0 La audici\u00f3n musical en la escuela primaria: una aportaci\u00f3n a su did\u00e1ctica <\/li>\n<li><strong>Autor:<\/strong>\u00a0 Joan De La Creu Godoy Tomas <\/li>\n<li><strong>Universidad:<\/strong>\u00a0 Barcelona<\/li>\n<li><strong>Fecha de lectura de la tesis:<\/strong>\u00a0 14\/10\/2003<\/li>\n<\/ul>\n<p>&nbsp;<\/p>\n<h3>Direcci\u00f3n y tribunal<\/h3>\n<ul>\n<li><strong>Director de la tesis<\/strong>\n<ul>\n<li>Mar\u00eda  De Los Angeles Subirats Bayego<\/li>\n<\/ul>\n<\/li>\n<li><strong>Tribunal<\/strong>\n<ul>\n<li>Presidente del tribunal: immaculada Bordas alsina <\/li>\n<li>m. teresa Malagarriga rovira (vocal)<\/li>\n<li>jordi Quintana albalat (vocal)<\/li>\n<li>maravillas Diaz gomez (vocal)<\/li>\n<\/ul>\n<\/li>\n<\/ul>\n<p>&nbsp;<\/p>\n","protected":false},"excerpt":{"rendered":"<p>Tesis doctoral de Joan De La Creu Godoy Tomas La presente tesis estudia y investiga el proceso de apreciaci\u00f3n y [&hellip;]<\/p>\n","protected":false},"author":1,"featured_media":0,"comment_status":"open","ping_status":"open","sticky":false,"template":"","format":"standard","meta":{"site-sidebar-layout":"default","site-content-layout":"","ast-site-content-layout":"","site-content-style":"default","site-sidebar-style":"default","ast-global-header-display":"","ast-banner-title-visibility":"","ast-main-header-display":"","ast-hfb-above-header-display":"","ast-hfb-below-header-display":"","ast-hfb-mobile-header-display":"","site-post-title":"","ast-breadcrumbs-content":"","ast-featured-img":"","footer-sml-layout":"","theme-transparent-header-meta":"","adv-header-id-meta":"","stick-header-meta":"","header-above-stick-meta":"","header-main-stick-meta":"","header-below-stick-meta":"","astra-migrate-meta-layouts":"default","ast-page-background-enabled":"default","ast-page-background-meta":{"desktop":{"background-color":"var(--ast-global-color-4)","background-image":"","background-repeat":"repeat","background-position":"center center","background-size":"auto","background-attachment":"scroll","background-type":"","background-media":"","overlay-type":"","overlay-color":"","overlay-gradient":""},"tablet":{"background-color":"","background-image":"","background-repeat":"repeat","background-position":"center center","background-size":"auto","background-attachment":"scroll","background-type":"","background-media":"","overlay-type":"","overlay-color":"","overlay-gradient":""},"mobile":{"background-color":"","background-image":"","background-repeat":"repeat","background-position":"center center","background-size":"auto","background-attachment":"scroll","background-type":"","background-media":"","overlay-type":"","overlay-color":"","overlay-gradient":""}},"ast-content-background-meta":{"desktop":{"background-color":"var(--ast-global-color-5)","background-image":"","background-repeat":"repeat","background-position":"center center","background-size":"auto","background-attachment":"scroll","background-type":"","background-media":"","overlay-type":"","overlay-color":"","overlay-gradient":""},"tablet":{"background-color":"var(--ast-global-color-5)","background-image":"","background-repeat":"repeat","background-position":"center center","background-size":"auto","background-attachment":"scroll","background-type":"","background-media":"","overlay-type":"","overlay-color":"","overlay-gradient":""},"mobile":{"background-color":"var(--ast-global-color-5)","background-image":"","background-repeat":"repeat","background-position":"center center","background-size":"auto","background-attachment":"scroll","background-type":"","background-media":"","overlay-type":"","overlay-color":"","overlay-gradient":""}},"footnotes":""},"categories":[951],"tags":[13922,76074,72031,76075,54870,72032],"class_list":["post-26272","post","type-post","status-publish","format-standard","hentry","category-barcelona","tag-immaculada-bordas-alsina","tag-joan-de-la-creu-godoy-tomas","tag-jordi-quintana-albalat","tag-m-teresa-malagarriga-rovira","tag-maravillas-diaz-gomez","tag-maria-de-los-angeles-subirats-bayego"],"_links":{"self":[{"href":"https:\/\/www.deberes.net\/tesis\/wp-json\/wp\/v2\/posts\/26272","targetHints":{"allow":["GET"]}}],"collection":[{"href":"https:\/\/www.deberes.net\/tesis\/wp-json\/wp\/v2\/posts"}],"about":[{"href":"https:\/\/www.deberes.net\/tesis\/wp-json\/wp\/v2\/types\/post"}],"author":[{"embeddable":true,"href":"https:\/\/www.deberes.net\/tesis\/wp-json\/wp\/v2\/users\/1"}],"replies":[{"embeddable":true,"href":"https:\/\/www.deberes.net\/tesis\/wp-json\/wp\/v2\/comments?post=26272"}],"version-history":[{"count":0,"href":"https:\/\/www.deberes.net\/tesis\/wp-json\/wp\/v2\/posts\/26272\/revisions"}],"wp:attachment":[{"href":"https:\/\/www.deberes.net\/tesis\/wp-json\/wp\/v2\/media?parent=26272"}],"wp:term":[{"taxonomy":"category","embeddable":true,"href":"https:\/\/www.deberes.net\/tesis\/wp-json\/wp\/v2\/categories?post=26272"},{"taxonomy":"post_tag","embeddable":true,"href":"https:\/\/www.deberes.net\/tesis\/wp-json\/wp\/v2\/tags?post=26272"}],"curies":[{"name":"wp","href":"https:\/\/api.w.org\/{rel}","templated":true}]}}