{"id":26285,"date":"2018-03-09T09:18:02","date_gmt":"2018-03-09T09:18:02","guid":{"rendered":"https:\/\/www.deberes.net\/tesis\/sin-categoria\/sueno-y-frustracion-el-rascacielos-en-europa-1900-1939\/"},"modified":"2018-03-09T09:18:02","modified_gmt":"2018-03-09T09:18:02","slug":"sueno-y-frustracion-el-rascacielos-en-europa-1900-1939","status":"publish","type":"post","link":"https:\/\/www.deberes.net\/tesis\/navarra\/sueno-y-frustracion-el-rascacielos-en-europa-1900-1939\/","title":{"rendered":"Sue\u00f1o y frustraci\u00f3n: el rascacielos en europa 1900-1939"},"content":{"rendered":"<h2>Tesis doctoral de <strong> Francisco Javier Quintana De U\u00f1a <\/strong><\/h2>\n<p>La contribuci\u00f3n europea a la historia del rascacielos ha sido tradicionalmente atribuida a los l\u00edderes modernos y a sus antecesores de las vanguardias. exist\u00edan aportaciones reconocidas de los autores m\u00e1s conservadores pero la conciencia colectiva les adjudicaba un papel m\u00ednimo en la historia de la tipolog\u00eda. \u00abSue\u00f1o y frustraci\u00f3n\u00bb presenta, analiza y cataloga casi 600 proyectos de rascacielos que demuestran que aquella creencia minusvaloraba no s\u00f3lo la aportaci\u00f3n de los historicistas sino la de los arquitectos europeos en general.  el estudio abarca los aspectos urban\u00edsticos y tipol\u00f3gicos del fen\u00f3meno durante un periodo en que la situaci\u00f3n en europa imposibilit\u00f3 su materializaci\u00f3n. es por ello que se habla de un sue\u00f1o arquitect\u00f3nico con enunciado y desarrollo ambiciosos pero finalmente frustrado.  el discurso incide en la influencia del modelo americano en todos este proceso pero tambi\u00e9n en el vanguardismo y originalidad de muchos proyectos. se reclama as\u00ed la existencia de un concepto de rascacielos propio distinto al de su hom\u00f3logo de ultramar.<\/p>\n<p>&nbsp;<\/p>\n<h3>Datos acad\u00e9micos de la tesis doctoral \u00ab<strong>Sue\u00f1o y frustraci\u00f3n: el rascacielos en europa 1900-1939<\/strong>\u00ab<\/h3>\n<ul>\n<li><strong>T\u00edtulo de la tesis:<\/strong>\u00a0 Sue\u00f1o y frustraci\u00f3n: el rascacielos en europa 1900-1939 <\/li>\n<li><strong>Autor:<\/strong>\u00a0 Francisco Javier Quintana De U\u00f1a <\/li>\n<li><strong>Universidad:<\/strong>\u00a0 Navarra<\/li>\n<li><strong>Fecha de lectura de la tesis:<\/strong>\u00a0 14\/10\/2003<\/li>\n<\/ul>\n<p>&nbsp;<\/p>\n<h3>Direcci\u00f3n y tribunal<\/h3>\n<ul>\n<li><strong>Director de la tesis<\/strong>\n<ul>\n<li> Alonso Del Val Miguel Angel<\/li>\n<\/ul>\n<\/li>\n<li><strong>Tribunal<\/strong>\n<ul>\n<li>Presidente del tribunal: Juan  Miguel Ochotorena elizegui <\/li>\n<li>Juan  Jos\u00e9 Lahuerta alsina (vocal)<\/li>\n<li>Jos\u00e9 ignacio Abalos vazquez (vocal)<\/li>\n<li>rufino Javier Hernandez minguillon (vocal)<\/li>\n<\/ul>\n<\/li>\n<\/ul>\n<p>&nbsp;<\/p>\n","protected":false},"excerpt":{"rendered":"<p>Tesis doctoral de Francisco Javier Quintana De U\u00f1a La contribuci\u00f3n europea a la historia del rascacielos ha sido tradicionalmente atribuida [&hellip;]<\/p>\n","protected":false},"author":1,"featured_media":0,"comment_status":"open","ping_status":"open","sticky":false,"template":"","format":"standard","meta":{"site-sidebar-layout":"default","site-content-layout":"","ast-site-content-layout":"","site-content-style":"default","site-sidebar-style":"default","ast-global-header-display":"","ast-banner-title-visibility":"","ast-main-header-display":"","ast-hfb-above-header-display":"","ast-hfb-below-header-display":"","ast-hfb-mobile-header-display":"","site-post-title":"","ast-breadcrumbs-content":"","ast-featured-img":"","footer-sml-layout":"","theme-transparent-header-meta":"","adv-header-id-meta":"","stick-header-meta":"","header-above-stick-meta":"","header-main-stick-meta":"","header-below-stick-meta":"","astra-migrate-meta-layouts":"default","ast-page-background-enabled":"default","ast-page-background-meta":{"desktop":{"background-color":"var(--ast-global-color-4)","background-image":"","background-repeat":"repeat","background-position":"center center","background-size":"auto","background-attachment":"scroll","background-type":"","background-media":"","overlay-type":"","overlay-color":"","overlay-gradient":""},"tablet":{"background-color":"","background-image":"","background-repeat":"repeat","background-position":"center center","background-size":"auto","background-attachment":"scroll","background-type":"","background-media":"","overlay-type":"","overlay-color":"","overlay-gradient":""},"mobile":{"background-color":"","background-image":"","background-repeat":"repeat","background-position":"center center","background-size":"auto","background-attachment":"scroll","background-type":"","background-media":"","overlay-type":"","overlay-color":"","overlay-gradient":""}},"ast-content-background-meta":{"desktop":{"background-color":"var(--ast-global-color-5)","background-image":"","background-repeat":"repeat","background-position":"center center","background-size":"auto","background-attachment":"scroll","background-type":"","background-media":"","overlay-type":"","overlay-color":"","overlay-gradient":""},"tablet":{"background-color":"var(--ast-global-color-5)","background-image":"","background-repeat":"repeat","background-position":"center center","background-size":"auto","background-attachment":"scroll","background-type":"","background-media":"","overlay-type":"","overlay-color":"","overlay-gradient":""},"mobile":{"background-color":"var(--ast-global-color-5)","background-image":"","background-repeat":"repeat","background-position":"center center","background-size":"auto","background-attachment":"scroll","background-type":"","background-media":"","overlay-type":"","overlay-color":"","overlay-gradient":""}},"footnotes":""},"categories":[17749],"tags":[32109,76108,70039,15636,16362,36714],"class_list":["post-26285","post","type-post","status-publish","format-standard","hentry","category-navarra","tag-alonso-del-val-miguel-angel","tag-francisco-javier-quintana-de-una","tag-jose-ignacio-abalos-vazquez","tag-juan-jose-lahuerta-alsina","tag-juan-miguel-ochotorena-elizegui","tag-rufino-javier-hernandez-minguillon"],"_links":{"self":[{"href":"https:\/\/www.deberes.net\/tesis\/wp-json\/wp\/v2\/posts\/26285","targetHints":{"allow":["GET"]}}],"collection":[{"href":"https:\/\/www.deberes.net\/tesis\/wp-json\/wp\/v2\/posts"}],"about":[{"href":"https:\/\/www.deberes.net\/tesis\/wp-json\/wp\/v2\/types\/post"}],"author":[{"embeddable":true,"href":"https:\/\/www.deberes.net\/tesis\/wp-json\/wp\/v2\/users\/1"}],"replies":[{"embeddable":true,"href":"https:\/\/www.deberes.net\/tesis\/wp-json\/wp\/v2\/comments?post=26285"}],"version-history":[{"count":0,"href":"https:\/\/www.deberes.net\/tesis\/wp-json\/wp\/v2\/posts\/26285\/revisions"}],"wp:attachment":[{"href":"https:\/\/www.deberes.net\/tesis\/wp-json\/wp\/v2\/media?parent=26285"}],"wp:term":[{"taxonomy":"category","embeddable":true,"href":"https:\/\/www.deberes.net\/tesis\/wp-json\/wp\/v2\/categories?post=26285"},{"taxonomy":"post_tag","embeddable":true,"href":"https:\/\/www.deberes.net\/tesis\/wp-json\/wp\/v2\/tags?post=26285"}],"curies":[{"name":"wp","href":"https:\/\/api.w.org\/{rel}","templated":true}]}}