{"id":26291,"date":"2018-03-09T09:18:03","date_gmt":"2018-03-09T09:18:03","guid":{"rendered":"https:\/\/www.deberes.net\/tesis\/sin-categoria\/las-conductas-conscientemente-paralelas\/"},"modified":"2018-03-09T09:18:03","modified_gmt":"2018-03-09T09:18:03","slug":"las-conductas-conscientemente-paralelas","status":"publish","type":"post","link":"https:\/\/www.deberes.net\/tesis\/san-pablo-ceu\/las-conductas-conscientemente-paralelas\/","title":{"rendered":"Las conductas conscientemente paralelas"},"content":{"rendered":"<h2>Tesis doctoral de <strong>  Navarro Suay M. Carmen <\/strong><\/h2>\n<p>El objeto de estudio es la clasificaci\u00f3n de la expresi\u00f3n \u00abpr\u00e1cticas concertadas o conscientemente paralelas\u00bb del art\u00edculo 1 de la ley de defensa de la competencia.  la tesis aborda las posibles soluciones al problema de la colusi\u00f3n t\u00e1cita en el oligopolio.  partiendo de la colusi\u00f3n como todo comportamiento que conduce a un precio superior al precio competitivo, la tesis sostiene la diferenciaci\u00f3n de las \u00abconductas conscientemente paralelas\u00bb respecto de las pr\u00e1cticas concertadas.  pueden existir restricciones anticompetitivas sin que medie el elemento consensual t\u00edpico de las pr\u00e1cticas concertadas.  la tesis reivindica la utilidad del t\u00e9rmino tradicional espa\u00f1ol y repasa los ordenamientos estadounidense (noci\u00f3n de \u00abparalelismo consciente\u00bb), comunitario (noci\u00f3n de pr\u00e1ctica concertada) y espa\u00f1ol.  distingue tambi\u00e9n las conductas conscientemente paralelas de la posici\u00f3n dominante conjunta<\/p>\n<p>&nbsp;<\/p>\n<h3>Datos acad\u00e9micos de la tesis doctoral \u00ab<strong>Las conductas conscientemente paralelas<\/strong>\u00ab<\/h3>\n<ul>\n<li><strong>T\u00edtulo de la tesis:<\/strong>\u00a0 Las conductas conscientemente paralelas <\/li>\n<li><strong>Autor:<\/strong>\u00a0  Navarro Suay M. Carmen <\/li>\n<li><strong>Universidad:<\/strong>\u00a0 San pablo-ceu<\/li>\n<li><strong>Fecha de lectura de la tesis:<\/strong>\u00a0 14\/10\/2003<\/li>\n<\/ul>\n<p>&nbsp;<\/p>\n<h3>Direcci\u00f3n y tribunal<\/h3>\n<ul>\n<li><strong>Director de la tesis<\/strong>\n<ul>\n<li> Beltran Sanchez Emilio Manuel<\/li>\n<\/ul>\n<\/li>\n<li><strong>Tribunal<\/strong>\n<ul>\n<li>Presidente del tribunal: evelio Verdera tuells <\/li>\n<li> Villar palasi Jos\u00e9 Luis (vocal)<\/li>\n<li>rodrigo Bercovitz rodriguez-cano (vocal)<\/li>\n<li> Franch meneu Jos\u00e9 Juan (vocal)<\/li>\n<\/ul>\n<\/li>\n<\/ul>\n<p>&nbsp;<\/p>\n","protected":false},"excerpt":{"rendered":"<p>Tesis doctoral de Navarro Suay M. Carmen El objeto de estudio es la clasificaci\u00f3n de la expresi\u00f3n \u00abpr\u00e1cticas concertadas o [&hellip;]<\/p>\n","protected":false},"author":1,"featured_media":0,"comment_status":"open","ping_status":"open","sticky":false,"template":"","format":"standard","meta":{"site-sidebar-layout":"default","site-content-layout":"","ast-site-content-layout":"","site-content-style":"default","site-sidebar-style":"default","ast-global-header-display":"","ast-banner-title-visibility":"","ast-main-header-display":"","ast-hfb-above-header-display":"","ast-hfb-below-header-display":"","ast-hfb-mobile-header-display":"","site-post-title":"","ast-breadcrumbs-content":"","ast-featured-img":"","footer-sml-layout":"","theme-transparent-header-meta":"","adv-header-id-meta":"","stick-header-meta":"","header-above-stick-meta":"","header-main-stick-meta":"","header-below-stick-meta":"","astra-migrate-meta-layouts":"default","ast-page-background-enabled":"default","ast-page-background-meta":{"desktop":{"background-color":"var(--ast-global-color-4)","background-image":"","background-repeat":"repeat","background-position":"center center","background-size":"auto","background-attachment":"scroll","background-type":"","background-media":"","overlay-type":"","overlay-color":"","overlay-gradient":""},"tablet":{"background-color":"","background-image":"","background-repeat":"repeat","background-position":"center center","background-size":"auto","background-attachment":"scroll","background-type":"","background-media":"","overlay-type":"","overlay-color":"","overlay-gradient":""},"mobile":{"background-color":"","background-image":"","background-repeat":"repeat","background-position":"center center","background-size":"auto","background-attachment":"scroll","background-type":"","background-media":"","overlay-type":"","overlay-color":"","overlay-gradient":""}},"ast-content-background-meta":{"desktop":{"background-color":"var(--ast-global-color-5)","background-image":"","background-repeat":"repeat","background-position":"center center","background-size":"auto","background-attachment":"scroll","background-type":"","background-media":"","overlay-type":"","overlay-color":"","overlay-gradient":""},"tablet":{"background-color":"var(--ast-global-color-5)","background-image":"","background-repeat":"repeat","background-position":"center center","background-size":"auto","background-attachment":"scroll","background-type":"","background-media":"","overlay-type":"","overlay-color":"","overlay-gradient":""},"mobile":{"background-color":"var(--ast-global-color-5)","background-image":"","background-repeat":"repeat","background-position":"center center","background-size":"auto","background-attachment":"scroll","background-type":"","background-media":"","overlay-type":"","overlay-color":"","overlay-gradient":""}},"footnotes":""},"categories":[39800],"tags":[76122,4634,73171,76121,6797,4717],"class_list":["post-26291","post","type-post","status-publish","format-standard","hentry","category-san-pablo-ceu","tag-beltran-sanchez-emilio-manuel","tag-evelio-verdera-tuells","tag-franch-meneu-jose-juan","tag-navarro-suay-m-carmen","tag-rodrigo-bercovitz-rodriguez-cano","tag-villar-palasi-jose-luis"],"_links":{"self":[{"href":"https:\/\/www.deberes.net\/tesis\/wp-json\/wp\/v2\/posts\/26291","targetHints":{"allow":["GET"]}}],"collection":[{"href":"https:\/\/www.deberes.net\/tesis\/wp-json\/wp\/v2\/posts"}],"about":[{"href":"https:\/\/www.deberes.net\/tesis\/wp-json\/wp\/v2\/types\/post"}],"author":[{"embeddable":true,"href":"https:\/\/www.deberes.net\/tesis\/wp-json\/wp\/v2\/users\/1"}],"replies":[{"embeddable":true,"href":"https:\/\/www.deberes.net\/tesis\/wp-json\/wp\/v2\/comments?post=26291"}],"version-history":[{"count":0,"href":"https:\/\/www.deberes.net\/tesis\/wp-json\/wp\/v2\/posts\/26291\/revisions"}],"wp:attachment":[{"href":"https:\/\/www.deberes.net\/tesis\/wp-json\/wp\/v2\/media?parent=26291"}],"wp:term":[{"taxonomy":"category","embeddable":true,"href":"https:\/\/www.deberes.net\/tesis\/wp-json\/wp\/v2\/categories?post=26291"},{"taxonomy":"post_tag","embeddable":true,"href":"https:\/\/www.deberes.net\/tesis\/wp-json\/wp\/v2\/tags?post=26291"}],"curies":[{"name":"wp","href":"https:\/\/api.w.org\/{rel}","templated":true}]}}