{"id":26293,"date":"2018-03-09T09:18:03","date_gmt":"2018-03-09T09:18:03","guid":{"rendered":"https:\/\/www.deberes.net\/tesis\/sin-categoria\/diseno-optimo-de-secciones-y-elementos-estructurales-de-hormigon-armado\/"},"modified":"2018-03-09T09:18:03","modified_gmt":"2018-03-09T09:18:03","slug":"diseno-optimo-de-secciones-y-elementos-estructurales-de-hormigon-armado","status":"publish","type":"post","link":"https:\/\/www.deberes.net\/tesis\/politecnica-de-cartagena\/diseno-optimo-de-secciones-y-elementos-estructurales-de-hormigon-armado\/","title":{"rendered":"Dise\u00f1o \u00f3ptimo de secciones y elementos estructurales de hormig\u00f3n armado"},"content":{"rendered":"<h2>Tesis doctoral de <strong> Manuel Santiago Torrano Martinez <\/strong><\/h2>\n<p>Frente a las t\u00e9cnicas tradicionales de dise\u00f1o por prueba y error, en las que la figura del dise\u00f1ador es clave en todo el proceso de an\u00e1lisis, desde el dise\u00f1o conceptual al dise\u00f1o de detalle, pasando por la validaci\u00f3n del an\u00e1lisis y redise\u00f1o, se presenta el dise\u00f1o \u00f3ptimo, en el que la figura del dise\u00f1ador es sustituida por el ordenador en las fases de validaci\u00f3n del an\u00e1lisis y de redise\u00f1\u00f3, y  en muchos casos, en la fase de dise\u00f1o inicial.  siguiente esta l\u00ednea, el objetivo de esta tesis es proponer unos procedimientos, sencillos y eficientes, para el an\u00e1lisis y dise\u00f1o \u00f3ptimo de secciones de hormig\u00f3n armado, con forma arbitrar\u00eda y cualquier distribuci\u00f3n de armado, sometidas a solicitaciones normales. Tambi\u00e9n se propone un procedimientos para el dise\u00f1o \u00f3ptimo de elementos estructurales, optimiz\u00e1ci\u00f3n el armado longitudinal y el armado a cortante, as\u00ed como las dimensiones y forma de la secci\u00f3n transversal del elemento.  los procedimientos propuestos han sido implementados en una aplicaci\u00f3n inform\u00e1tica, denominada disha (dise\u00f1o interactivo de secciones de hormig\u00f3n armado).<\/p>\n<p>&nbsp;<\/p>\n<h3>Datos acad\u00e9micos de la tesis doctoral \u00ab<strong>Dise\u00f1o \u00f3ptimo de secciones y elementos estructurales de hormig\u00f3n armado<\/strong>\u00ab<\/h3>\n<ul>\n<li><strong>T\u00edtulo de la tesis:<\/strong>\u00a0 Dise\u00f1o \u00f3ptimo de secciones y elementos estructurales de hormig\u00f3n armado <\/li>\n<li><strong>Autor:<\/strong>\u00a0 Manuel Santiago Torrano Martinez <\/li>\n<li><strong>Universidad:<\/strong>\u00a0 Polit\u00e9cnica de cartagena<\/li>\n<li><strong>Fecha de lectura de la tesis:<\/strong>\u00a0 14\/10\/2003<\/li>\n<\/ul>\n<p>&nbsp;<\/p>\n<h3>Direcci\u00f3n y tribunal<\/h3>\n<ul>\n<li><strong>Director de la tesis<\/strong>\n<ul>\n<li>Pascual Marti Montrull<\/li>\n<\/ul>\n<\/li>\n<li><strong>Tribunal<\/strong>\n<ul>\n<li>Presidente del tribunal: sosa Pedro Miguel <\/li>\n<li>Javier Canales abaitua (vocal)<\/li>\n<li>sevilla Rafael gallego (vocal)<\/li>\n<li>olivares Gregorio s\u00e1nchez (vocal)<\/li>\n<\/ul>\n<\/li>\n<\/ul>\n<p>&nbsp;<\/p>\n","protected":false},"excerpt":{"rendered":"<p>Tesis doctoral de Manuel Santiago Torrano Martinez Frente a las t\u00e9cnicas tradicionales de dise\u00f1o por prueba y error, en las [&hellip;]<\/p>\n","protected":false},"author":1,"featured_media":0,"comment_status":"open","ping_status":"open","sticky":false,"template":"","format":"standard","meta":{"site-sidebar-layout":"default","site-content-layout":"","ast-site-content-layout":"","site-content-style":"default","site-sidebar-style":"default","ast-global-header-display":"","ast-banner-title-visibility":"","ast-main-header-display":"","ast-hfb-above-header-display":"","ast-hfb-below-header-display":"","ast-hfb-mobile-header-display":"","site-post-title":"","ast-breadcrumbs-content":"","ast-featured-img":"","footer-sml-layout":"","theme-transparent-header-meta":"","adv-header-id-meta":"","stick-header-meta":"","header-above-stick-meta":"","header-main-stick-meta":"","header-below-stick-meta":"","astra-migrate-meta-layouts":"default","ast-page-background-enabled":"default","ast-page-background-meta":{"desktop":{"background-color":"var(--ast-global-color-4)","background-image":"","background-repeat":"repeat","background-position":"center center","background-size":"auto","background-attachment":"scroll","background-type":"","background-media":"","overlay-type":"","overlay-color":"","overlay-gradient":""},"tablet":{"background-color":"","background-image":"","background-repeat":"repeat","background-position":"center center","background-size":"auto","background-attachment":"scroll","background-type":"","background-media":"","overlay-type":"","overlay-color":"","overlay-gradient":""},"mobile":{"background-color":"","background-image":"","background-repeat":"repeat","background-position":"center center","background-size":"auto","background-attachment":"scroll","background-type":"","background-media":"","overlay-type":"","overlay-color":"","overlay-gradient":""}},"ast-content-background-meta":{"desktop":{"background-color":"var(--ast-global-color-5)","background-image":"","background-repeat":"repeat","background-position":"center center","background-size":"auto","background-attachment":"scroll","background-type":"","background-media":"","overlay-type":"","overlay-color":"","overlay-gradient":""},"tablet":{"background-color":"var(--ast-global-color-5)","background-image":"","background-repeat":"repeat","background-position":"center center","background-size":"auto","background-attachment":"scroll","background-type":"","background-media":"","overlay-type":"","overlay-color":"","overlay-gradient":""},"mobile":{"background-color":"var(--ast-global-color-5)","background-image":"","background-repeat":"repeat","background-position":"center center","background-size":"auto","background-attachment":"scroll","background-type":"","background-media":"","overlay-type":"","overlay-color":"","overlay-gradient":""}},"footnotes":""},"categories":[36532],"tags":[60999,76126,76129,27986,76128,76127],"class_list":["post-26293","post","type-post","status-publish","format-standard","hentry","category-politecnica-de-cartagena","tag-javier-canales-abaitua","tag-manuel-santiago-torrano-Martinez","tag-olivares-gregorio-sanchez","tag-pascual-marti-montrull","tag-sevilla-rafael-gallego","tag-sosa-pedro-miguel"],"_links":{"self":[{"href":"https:\/\/www.deberes.net\/tesis\/wp-json\/wp\/v2\/posts\/26293","targetHints":{"allow":["GET"]}}],"collection":[{"href":"https:\/\/www.deberes.net\/tesis\/wp-json\/wp\/v2\/posts"}],"about":[{"href":"https:\/\/www.deberes.net\/tesis\/wp-json\/wp\/v2\/types\/post"}],"author":[{"embeddable":true,"href":"https:\/\/www.deberes.net\/tesis\/wp-json\/wp\/v2\/users\/1"}],"replies":[{"embeddable":true,"href":"https:\/\/www.deberes.net\/tesis\/wp-json\/wp\/v2\/comments?post=26293"}],"version-history":[{"count":0,"href":"https:\/\/www.deberes.net\/tesis\/wp-json\/wp\/v2\/posts\/26293\/revisions"}],"wp:attachment":[{"href":"https:\/\/www.deberes.net\/tesis\/wp-json\/wp\/v2\/media?parent=26293"}],"wp:term":[{"taxonomy":"category","embeddable":true,"href":"https:\/\/www.deberes.net\/tesis\/wp-json\/wp\/v2\/categories?post=26293"},{"taxonomy":"post_tag","embeddable":true,"href":"https:\/\/www.deberes.net\/tesis\/wp-json\/wp\/v2\/tags?post=26293"}],"curies":[{"name":"wp","href":"https:\/\/api.w.org\/{rel}","templated":true}]}}