{"id":26324,"date":"2018-03-09T09:18:06","date_gmt":"2018-03-09T09:18:06","guid":{"rendered":"https:\/\/www.deberes.net\/tesis\/sin-categoria\/caracterizacion-estructural-y-funcional-del-factor-fork-head-foxj2-analisis-de-su-region-promotora\/"},"modified":"2018-03-09T09:18:06","modified_gmt":"2018-03-09T09:18:06","slug":"caracterizacion-estructural-y-funcional-del-factor-fork-head-foxj2-analisis-de-su-region-promotora","status":"publish","type":"post","link":"https:\/\/www.deberes.net\/tesis\/sin-categoria\/caracterizacion-estructural-y-funcional-del-factor-fork-head-foxj2-analisis-de-su-region-promotora\/","title":{"rendered":"Caracterizaci\u00f3n estructural y funcional del factor fork head foxj2. an\u00e1lisis de su regi\u00f3n promotora"},"content":{"rendered":"<h2>Tesis doctoral de <strong>  G\u00f3mez Ferrer\u00eda M. Ana <\/strong><\/h2>\n<p>Foxj2 es un factor de transcripci\u00f3n que regula la expresi\u00f3n g\u00e9nica tanto durante el desarrollo como en numerosos tejidos del individuo adulto.  en esta tesis se abord\u00f3 el estudio de los dominios importantes para la actividad de foxj2. Este factor presenta una se\u00f1al de localizaci\u00f3n nuclear bipartita foramda por dos regiones: nls.N y nls.C, en los extremos del dominio fork head. Foxj2 incluye tres dominios de transactivaci\u00f3n: el dominio di, el dominio phq y el  dominio ab, rico en residuos \u00e1cidos. Hemos visto tambi\u00e9n que esta prote\u00edna se fosforila en ser172 y en ser197, si bien la mutaci\u00f3n de estos residuos no afecta a la actividad transcripcional de foxj2 en las condiciones ensayadas. La regi\u00f3n -35\/+90 del gen de foxj2 presenta actividad promotora. Los sitios de uni\u00f3n de sp1 en posici\u00f3n +41\/+51 y en posici\u00f3n +68\/+82 son necesarios para la actividad basal del promotor de foxj2. Sp1 activa dicho promotor a atrav\u00e9s de estos sitios.<\/p>\n<p>&nbsp;<\/p>\n<h3>Datos acad\u00e9micos de la tesis doctoral \u00ab<strong>Caracterizaci\u00f3n estructural y funcional del factor fork head foxj2. an\u00e1lisis de su regi\u00f3n promotora<\/strong>\u00ab<\/h3>\n<ul>\n<li><strong>T\u00edtulo de la tesis:<\/strong>\u00a0 Caracterizaci\u00f3n estructural y funcional del factor fork head foxj2. an\u00e1lisis de su regi\u00f3n promotora <\/li>\n<li><strong>Autor:<\/strong>\u00a0  G\u00f3mez Ferrer\u00eda M. Ana <\/li>\n<li><strong>Universidad:<\/strong>\u00a0 Aut\u00f3noma de Madrid<\/li>\n<li><strong>Fecha de lectura de la tesis:<\/strong>\u00a0 16\/10\/2003<\/li>\n<\/ul>\n<p>&nbsp;<\/p>\n<h3>Direcci\u00f3n y tribunal<\/h3>\n<ul>\n<li><strong>Director de la tesis<\/strong>\n<ul>\n<li>Javier Rey Campos<\/li>\n<\/ul>\n<\/li>\n<li><strong>Tribunal<\/strong>\n<ul>\n<li>Presidente del tribunal: domingo (secretario) Barettino fraile <\/li>\n<li>Santiago Lamas pel\u00e1ez (vocal)<\/li>\n<li>Ana Aranda iriarte (vocal)<\/li>\n<li>  (vocal)<\/li>\n<\/ul>\n<\/li>\n<\/ul>\n<p>&nbsp;<\/p>\n","protected":false},"excerpt":{"rendered":"<p>Tesis doctoral de G\u00f3mez Ferrer\u00eda M. Ana Foxj2 es un factor de transcripci\u00f3n que regula la expresi\u00f3n g\u00e9nica tanto durante [&hellip;]<\/p>\n","protected":false},"author":1,"featured_media":0,"comment_status":"open","ping_status":"open","sticky":false,"template":"","format":"standard","meta":{"site-sidebar-layout":"default","site-content-layout":"","ast-site-content-layout":"","site-content-style":"default","site-sidebar-style":"default","ast-global-header-display":"","ast-banner-title-visibility":"","ast-main-header-display":"","ast-hfb-above-header-display":"","ast-hfb-below-header-display":"","ast-hfb-mobile-header-display":"","site-post-title":"","ast-breadcrumbs-content":"","ast-featured-img":"","footer-sml-layout":"","theme-transparent-header-meta":"","adv-header-id-meta":"","stick-header-meta":"","header-above-stick-meta":"","header-main-stick-meta":"","header-below-stick-meta":"","astra-migrate-meta-layouts":"default","ast-page-background-enabled":"default","ast-page-background-meta":{"desktop":{"background-color":"var(--ast-global-color-4)","background-image":"","background-repeat":"repeat","background-position":"center center","background-size":"auto","background-attachment":"scroll","background-type":"","background-media":"","overlay-type":"","overlay-color":"","overlay-gradient":""},"tablet":{"background-color":"","background-image":"","background-repeat":"repeat","background-position":"center center","background-size":"auto","background-attachment":"scroll","background-type":"","background-media":"","overlay-type":"","overlay-color":"","overlay-gradient":""},"mobile":{"background-color":"","background-image":"","background-repeat":"repeat","background-position":"center center","background-size":"auto","background-attachment":"scroll","background-type":"","background-media":"","overlay-type":"","overlay-color":"","overlay-gradient":""}},"ast-content-background-meta":{"desktop":{"background-color":"var(--ast-global-color-5)","background-image":"","background-repeat":"repeat","background-position":"center center","background-size":"auto","background-attachment":"scroll","background-type":"","background-media":"","overlay-type":"","overlay-color":"","overlay-gradient":""},"tablet":{"background-color":"var(--ast-global-color-5)","background-image":"","background-repeat":"repeat","background-position":"center center","background-size":"auto","background-attachment":"scroll","background-type":"","background-media":"","overlay-type":"","overlay-color":"","overlay-gradient":""},"mobile":{"background-color":"var(--ast-global-color-5)","background-image":"","background-repeat":"repeat","background-position":"center center","background-size":"auto","background-attachment":"scroll","background-type":"","background-media":"","overlay-type":"","overlay-color":"","overlay-gradient":""}},"footnotes":""},"categories":[1],"tags":[7262,76199,76198,14481,25896],"class_list":["post-26324","post","type-post","status-publish","format-standard","hentry","category-sin-categoria","tag-ana-aranda-iriarte","tag-domingo-secretario-barettino-fraile","tag-gomez-ferreria-m-ana","tag-javier-rey-campos","tag-santiago-lamas-pelaez"],"_links":{"self":[{"href":"https:\/\/www.deberes.net\/tesis\/wp-json\/wp\/v2\/posts\/26324","targetHints":{"allow":["GET"]}}],"collection":[{"href":"https:\/\/www.deberes.net\/tesis\/wp-json\/wp\/v2\/posts"}],"about":[{"href":"https:\/\/www.deberes.net\/tesis\/wp-json\/wp\/v2\/types\/post"}],"author":[{"embeddable":true,"href":"https:\/\/www.deberes.net\/tesis\/wp-json\/wp\/v2\/users\/1"}],"replies":[{"embeddable":true,"href":"https:\/\/www.deberes.net\/tesis\/wp-json\/wp\/v2\/comments?post=26324"}],"version-history":[{"count":0,"href":"https:\/\/www.deberes.net\/tesis\/wp-json\/wp\/v2\/posts\/26324\/revisions"}],"wp:attachment":[{"href":"https:\/\/www.deberes.net\/tesis\/wp-json\/wp\/v2\/media?parent=26324"}],"wp:term":[{"taxonomy":"category","embeddable":true,"href":"https:\/\/www.deberes.net\/tesis\/wp-json\/wp\/v2\/categories?post=26324"},{"taxonomy":"post_tag","embeddable":true,"href":"https:\/\/www.deberes.net\/tesis\/wp-json\/wp\/v2\/tags?post=26324"}],"curies":[{"name":"wp","href":"https:\/\/api.w.org\/{rel}","templated":true}]}}