{"id":26334,"date":"2018-03-09T09:18:06","date_gmt":"2018-03-09T09:18:06","guid":{"rendered":"https:\/\/www.deberes.net\/tesis\/sin-categoria\/estudos-sobre-as-interaa%c2%a7oes-entre-a-auga-e-o-material-em-suspensao-na-bacia-do-ra%c2%ado-tubarao-e-complexo-lagunar-sc-brasil\/"},"modified":"2018-03-09T09:18:06","modified_gmt":"2018-03-09T09:18:06","slug":"estudos-sobre-as-interaa%c2%a7oes-entre-a-auga-e-o-material-em-suspensao-na-bacia-do-ra%c2%ado-tubarao-e-complexo-lagunar-sc-brasil","status":"publish","type":"post","link":"https:\/\/www.deberes.net\/tesis\/santiago-de-compostela\/estudos-sobre-as-interaa%c2%a7oes-entre-a-auga-e-o-material-em-suspensao-na-bacia-do-ra%c2%ado-tubarao-e-complexo-lagunar-sc-brasil\/","title":{"rendered":"Estudos sobre as intera\u00c1\u00a7oes entre a auga e o material em suspensao, na bacia do r\u00edo tubarao e complexo lagunar-sc\/brasil"},"content":{"rendered":"<h2>Tesis doctoral de <strong> Pedro Bortoluzzi Ismael <\/strong><\/h2>\n<p>Se realiz\u00f3 un estudio exhaustivo de las caracter\u00edsticas f\u00edsico qu\u00edmicas de las aguas de la cuenca del r\u00edo tubarao, obord\u00e1ndose fundamentalmente los siguientes aspectos:  definici\u00f3n de una base cartogr\u00e1fica para la localizaic\u00f3n de los puntos de toma de muestras.  establecimiento del origen y localizaci\u00f3n de las posibles fuentes de contaminaci\u00f3n de las aguas.  analizar y discutir la calidad general de las aguas del r\u00edo tubarao y del complejo lagunar situado en la desembocadura del r\u00edo.  sugerir las reacciones que posibilitan la formaci\u00f3n del material insoluble transportado por las aguas de la red de drenaje.  establecer un perfil general de la cuenca hidrogr\u00e1fica del rio tubarao con la finalidad de la gesti\u00f3n de los recursos h\u00eddricos.<\/p>\n<p>&nbsp;<\/p>\n<h3>Datos acad\u00e9micos de la tesis doctoral \u00ab<strong>Estudos sobre as intera\u00c1\u00a7oes entre a auga e o material em suspensao, na bacia do r\u00edo tubarao e complexo lagunar-sc\/brasil<\/strong>\u00ab<\/h3>\n<ul>\n<li><strong>T\u00edtulo de la tesis:<\/strong>\u00a0 Estudos sobre as intera\u00c1\u00a7oes entre a auga e o material em suspensao, na bacia do r\u00edo tubarao e complexo lagunar-sc\/brasil <\/li>\n<li><strong>Autor:<\/strong>\u00a0 Pedro Bortoluzzi Ismael <\/li>\n<li><strong>Universidad:<\/strong>\u00a0 Santiago de compostela<\/li>\n<li><strong>Fecha de lectura de la tesis:<\/strong>\u00a0 17\/10\/2003<\/li>\n<\/ul>\n<p>&nbsp;<\/p>\n<h3>Direcci\u00f3n y tribunal<\/h3>\n<ul>\n<li><strong>Director de la tesis<\/strong>\n<ul>\n<li>Juan  Manuel Antelo Cortizas<\/li>\n<\/ul>\n<\/li>\n<li><strong>Tribunal<\/strong>\n<ul>\n<li>Presidente del tribunal: pilar Bermejo barrera <\/li>\n<li> L\u00f3pez fonseca j. Miguel (vocal)<\/li>\n<li>Francisco Diaz-fierros viqueira (vocal)<\/li>\n<li>Manuel Sastre de vicente (vocal)<\/li>\n<\/ul>\n<\/li>\n<\/ul>\n<p>&nbsp;<\/p>\n","protected":false},"excerpt":{"rendered":"<p>Tesis doctoral de Pedro Bortoluzzi Ismael Se realiz\u00f3 un estudio exhaustivo de las caracter\u00edsticas f\u00edsico qu\u00edmicas de las aguas de [&hellip;]<\/p>\n","protected":false},"author":1,"featured_media":0,"comment_status":"open","ping_status":"open","sticky":false,"template":"","format":"standard","meta":{"site-sidebar-layout":"default","site-content-layout":"","ast-site-content-layout":"","site-content-style":"default","site-sidebar-style":"default","ast-global-header-display":"","ast-banner-title-visibility":"","ast-main-header-display":"","ast-hfb-above-header-display":"","ast-hfb-below-header-display":"","ast-hfb-mobile-header-display":"","site-post-title":"","ast-breadcrumbs-content":"","ast-featured-img":"","footer-sml-layout":"","theme-transparent-header-meta":"","adv-header-id-meta":"","stick-header-meta":"","header-above-stick-meta":"","header-main-stick-meta":"","header-below-stick-meta":"","astra-migrate-meta-layouts":"default","ast-page-background-enabled":"default","ast-page-background-meta":{"desktop":{"background-color":"var(--ast-global-color-4)","background-image":"","background-repeat":"repeat","background-position":"center center","background-size":"auto","background-attachment":"scroll","background-type":"","background-media":"","overlay-type":"","overlay-color":"","overlay-gradient":""},"tablet":{"background-color":"","background-image":"","background-repeat":"repeat","background-position":"center center","background-size":"auto","background-attachment":"scroll","background-type":"","background-media":"","overlay-type":"","overlay-color":"","overlay-gradient":""},"mobile":{"background-color":"","background-image":"","background-repeat":"repeat","background-position":"center center","background-size":"auto","background-attachment":"scroll","background-type":"","background-media":"","overlay-type":"","overlay-color":"","overlay-gradient":""}},"ast-content-background-meta":{"desktop":{"background-color":"var(--ast-global-color-5)","background-image":"","background-repeat":"repeat","background-position":"center center","background-size":"auto","background-attachment":"scroll","background-type":"","background-media":"","overlay-type":"","overlay-color":"","overlay-gradient":""},"tablet":{"background-color":"var(--ast-global-color-5)","background-image":"","background-repeat":"repeat","background-position":"center center","background-size":"auto","background-attachment":"scroll","background-type":"","background-media":"","overlay-type":"","overlay-color":"","overlay-gradient":""},"mobile":{"background-color":"var(--ast-global-color-5)","background-image":"","background-repeat":"repeat","background-position":"center center","background-size":"auto","background-attachment":"scroll","background-type":"","background-media":"","overlay-type":"","overlay-color":"","overlay-gradient":""}},"footnotes":""},"categories":[977],"tags":[2478,15522,76222,2622,76221,3260],"class_list":["post-26334","post","type-post","status-publish","format-standard","hentry","category-santiago-de-compostela","tag-francisco-diaz-fierros-viqueira","tag-juan-manuel-antelo-cortizas","tag-lopez-fonseca-j-miguel","tag-manuel-sastre-de-vicente","tag-pedro-bortoluzzi-ismael","tag-pilar-bermejo-barrera"],"_links":{"self":[{"href":"https:\/\/www.deberes.net\/tesis\/wp-json\/wp\/v2\/posts\/26334","targetHints":{"allow":["GET"]}}],"collection":[{"href":"https:\/\/www.deberes.net\/tesis\/wp-json\/wp\/v2\/posts"}],"about":[{"href":"https:\/\/www.deberes.net\/tesis\/wp-json\/wp\/v2\/types\/post"}],"author":[{"embeddable":true,"href":"https:\/\/www.deberes.net\/tesis\/wp-json\/wp\/v2\/users\/1"}],"replies":[{"embeddable":true,"href":"https:\/\/www.deberes.net\/tesis\/wp-json\/wp\/v2\/comments?post=26334"}],"version-history":[{"count":0,"href":"https:\/\/www.deberes.net\/tesis\/wp-json\/wp\/v2\/posts\/26334\/revisions"}],"wp:attachment":[{"href":"https:\/\/www.deberes.net\/tesis\/wp-json\/wp\/v2\/media?parent=26334"}],"wp:term":[{"taxonomy":"category","embeddable":true,"href":"https:\/\/www.deberes.net\/tesis\/wp-json\/wp\/v2\/categories?post=26334"},{"taxonomy":"post_tag","embeddable":true,"href":"https:\/\/www.deberes.net\/tesis\/wp-json\/wp\/v2\/tags?post=26334"}],"curies":[{"name":"wp","href":"https:\/\/api.w.org\/{rel}","templated":true}]}}