{"id":26347,"date":"2018-03-09T09:18:07","date_gmt":"2018-03-09T09:18:07","guid":{"rendered":"https:\/\/www.deberes.net\/tesis\/sin-categoria\/toxicidad-combinada-de-metales-pesados-y-compuestos-organicos-en-procesos-anaerobios\/"},"modified":"2018-03-09T09:18:07","modified_gmt":"2018-03-09T09:18:07","slug":"toxicidad-combinada-de-metales-pesados-y-compuestos-organicos-en-procesos-anaerobios","status":"publish","type":"post","link":"https:\/\/www.deberes.net\/tesis\/pais-vasco-euskal-herriko-unibertsitatea\/toxicidad-combinada-de-metales-pesados-y-compuestos-organicos-en-procesos-anaerobios\/","title":{"rendered":"Toxicidad combinada de metales pesados y compuestos org\u00e1nicos en procesos anaerobios"},"content":{"rendered":"<h2>Tesis doctoral de <strong>  Osuna Gonz\u00e1lez M. Bego\u00f1a <\/strong><\/h2>\n<p>Se han estudiado los efectos producidos sobre la actividad metanog\u00e9nica espec\u00edfica de un in\u00f3culo bacteriano durante la degradaci\u00f3n anaerobia de una mezcla de \u00e1cidos grasos vol\u00e1tiles tras la exposici\u00f3n a diferentes concentraciones de metales pesados (ni, cd, pb y zn) y compuestos org\u00e1nicos como el aedt, sds y sdbs, \u00e9stos dos \u00faltimos con carcter\u00edsticas tensoactivas.  se ha caracterizado la toxicidad de estos compuestos y sus mezclas, y la relaci\u00f3n existente con la especiaci\u00f3n de los mismos.  adem\u00e1s, se ha estudiado el efecto de carencia de los metales en el proceso anaerobio.  por \u00faltimo, con el fin de establecer correlaciones entre la toxicidad y la especiaci\u00f3n de los metales en lodos anaerobios granulares se ha estudiado su transporte mediante t\u00e9cnicas de microim\u00e1genes obtenidas por resonancia magn\u00e9tica nuclear.<\/p>\n<p>&nbsp;<\/p>\n<h3>Datos acad\u00e9micos de la tesis doctoral \u00ab<strong>Toxicidad combinada de metales pesados y compuestos org\u00e1nicos en procesos anaerobios<\/strong>\u00ab<\/h3>\n<ul>\n<li><strong>T\u00edtulo de la tesis:<\/strong>\u00a0 Toxicidad combinada de metales pesados y compuestos org\u00e1nicos en procesos anaerobios <\/li>\n<li><strong>Autor:<\/strong>\u00a0  Osuna Gonz\u00e1lez M. Bego\u00f1a <\/li>\n<li><strong>Universidad:<\/strong>\u00a0 Pa\u00eds vasco\/euskal herriko unibertsitatea<\/li>\n<li><strong>Fecha de lectura de la tesis:<\/strong>\u00a0 17\/10\/2003<\/li>\n<\/ul>\n<p>&nbsp;<\/p>\n<h3>Direcci\u00f3n y tribunal<\/h3>\n<ul>\n<li><strong>Director de la tesis<\/strong>\n<ul>\n<li>Jon Mario Iza Lopez<\/li>\n<\/ul>\n<\/li>\n<li><strong>Tribunal<\/strong>\n<ul>\n<li>Presidente del tribunal: Jos\u00e9 Luis Rodriguez frutos <\/li>\n<li>j.m. Stams alfons (vocal)<\/li>\n<li> Fern\u00e1ndez polanco fern\u00e1ndez de moreda Fernando (vocal)<\/li>\n<li> Veiga barbaz\u00e1n Mar\u00eda del carmen (vocal)<\/li>\n<\/ul>\n<\/li>\n<\/ul>\n<p>&nbsp;<\/p>\n","protected":false},"excerpt":{"rendered":"<p>Tesis doctoral de Osuna Gonz\u00e1lez M. Bego\u00f1a Se han estudiado los efectos producidos sobre la actividad metanog\u00e9nica espec\u00edfica de un [&hellip;]<\/p>\n","protected":false},"author":1,"featured_media":0,"comment_status":"open","ping_status":"open","sticky":false,"template":"","format":"standard","meta":{"site-sidebar-layout":"default","site-content-layout":"","ast-site-content-layout":"","site-content-style":"default","site-sidebar-style":"default","ast-global-header-display":"","ast-banner-title-visibility":"","ast-main-header-display":"","ast-hfb-above-header-display":"","ast-hfb-below-header-display":"","ast-hfb-mobile-header-display":"","site-post-title":"","ast-breadcrumbs-content":"","ast-featured-img":"","footer-sml-layout":"","theme-transparent-header-meta":"","adv-header-id-meta":"","stick-header-meta":"","header-above-stick-meta":"","header-main-stick-meta":"","header-below-stick-meta":"","astra-migrate-meta-layouts":"default","ast-page-background-enabled":"default","ast-page-background-meta":{"desktop":{"background-color":"var(--ast-global-color-4)","background-image":"","background-repeat":"repeat","background-position":"center center","background-size":"auto","background-attachment":"scroll","background-type":"","background-media":"","overlay-type":"","overlay-color":"","overlay-gradient":""},"tablet":{"background-color":"","background-image":"","background-repeat":"repeat","background-position":"center center","background-size":"auto","background-attachment":"scroll","background-type":"","background-media":"","overlay-type":"","overlay-color":"","overlay-gradient":""},"mobile":{"background-color":"","background-image":"","background-repeat":"repeat","background-position":"center center","background-size":"auto","background-attachment":"scroll","background-type":"","background-media":"","overlay-type":"","overlay-color":"","overlay-gradient":""}},"ast-content-background-meta":{"desktop":{"background-color":"var(--ast-global-color-5)","background-image":"","background-repeat":"repeat","background-position":"center center","background-size":"auto","background-attachment":"scroll","background-type":"","background-media":"","overlay-type":"","overlay-color":"","overlay-gradient":""},"tablet":{"background-color":"var(--ast-global-color-5)","background-image":"","background-repeat":"repeat","background-position":"center center","background-size":"auto","background-attachment":"scroll","background-type":"","background-media":"","overlay-type":"","overlay-color":"","overlay-gradient":""},"mobile":{"background-color":"var(--ast-global-color-5)","background-image":"","background-repeat":"repeat","background-position":"center center","background-size":"auto","background-attachment":"scroll","background-type":"","background-media":"","overlay-type":"","overlay-color":"","overlay-gradient":""}},"footnotes":""},"categories":[12909],"tags":[12890,76250,14056,25273,76249,76251],"class_list":["post-26347","post","type-post","status-publish","format-standard","hentry","category-pais-vasco-euskal-herriko-unibertsitatea","tag-fernandez-polanco-fernandez-de-moreda-fernando","tag-j-m-stams-alfons","tag-jon-mario-iza-lopez","tag-jose-luis-rodriguez-frutos","tag-osuna-gonzalez-m-begona","tag-veiga-barbazan-maria-del-carmen"],"_links":{"self":[{"href":"https:\/\/www.deberes.net\/tesis\/wp-json\/wp\/v2\/posts\/26347","targetHints":{"allow":["GET"]}}],"collection":[{"href":"https:\/\/www.deberes.net\/tesis\/wp-json\/wp\/v2\/posts"}],"about":[{"href":"https:\/\/www.deberes.net\/tesis\/wp-json\/wp\/v2\/types\/post"}],"author":[{"embeddable":true,"href":"https:\/\/www.deberes.net\/tesis\/wp-json\/wp\/v2\/users\/1"}],"replies":[{"embeddable":true,"href":"https:\/\/www.deberes.net\/tesis\/wp-json\/wp\/v2\/comments?post=26347"}],"version-history":[{"count":0,"href":"https:\/\/www.deberes.net\/tesis\/wp-json\/wp\/v2\/posts\/26347\/revisions"}],"wp:attachment":[{"href":"https:\/\/www.deberes.net\/tesis\/wp-json\/wp\/v2\/media?parent=26347"}],"wp:term":[{"taxonomy":"category","embeddable":true,"href":"https:\/\/www.deberes.net\/tesis\/wp-json\/wp\/v2\/categories?post=26347"},{"taxonomy":"post_tag","embeddable":true,"href":"https:\/\/www.deberes.net\/tesis\/wp-json\/wp\/v2\/tags?post=26347"}],"curies":[{"name":"wp","href":"https:\/\/api.w.org\/{rel}","templated":true}]}}