{"id":26375,"date":"2018-03-09T09:18:10","date_gmt":"2018-03-09T09:18:10","guid":{"rendered":"https:\/\/www.deberes.net\/tesis\/sin-categoria\/el-genero-de-la-rihla-en-la-literatura-libia-segunda-mitad-del-siglo-xx\/"},"modified":"2018-03-09T09:18:10","modified_gmt":"2018-03-09T09:18:10","slug":"el-genero-de-la-rihla-en-la-literatura-libia-segunda-mitad-del-siglo-xx","status":"publish","type":"post","link":"https:\/\/www.deberes.net\/tesis\/sevilla\/el-genero-de-la-rihla-en-la-literatura-libia-segunda-mitad-del-siglo-xx\/","title":{"rendered":"El g\u00e9nero de la rihla en la literatura libia (segunda mitad del siglo xx)."},"content":{"rendered":"<h2>Tesis doctoral de <strong> Abdalla Lazreg <\/strong><\/h2>\n<p>Tesis centrada en la segunda mitad del siglo xx del g\u00e9nero de rihla, producido y cultivado en libia.  es un primer intento global de este g\u00e9nero y una primera aproximaci\u00f3n metodolog\u00eda. agrupa la obra de ocho figuras destacadas del mismo, de entre las cuales sobresale muhammad masud gubran.  se contextualiza la obra de estos autores y el desarrollo hist\u00f3rico, cronol\u00f3gicamente hablando del g\u00e9nero rihla.<\/p>\n<p>&nbsp;<\/p>\n<h3>Datos acad\u00e9micos de la tesis doctoral \u00ab<strong>El g\u00e9nero de la rihla en la literatura libia (segunda mitad del siglo xx).<\/strong>\u00ab<\/h3>\n<ul>\n<li><strong>T\u00edtulo de la tesis:<\/strong>\u00a0 El g\u00e9nero de la rihla en la literatura libia (segunda mitad del siglo xx). <\/li>\n<li><strong>Autor:<\/strong>\u00a0 Abdalla Lazreg <\/li>\n<li><strong>Universidad:<\/strong>\u00a0 Sevilla<\/li>\n<li><strong>Fecha de lectura de la tesis:<\/strong>\u00a0 20\/10\/2003<\/li>\n<\/ul>\n<p>&nbsp;<\/p>\n<h3>Direcci\u00f3n y tribunal<\/h3>\n<ul>\n<li><strong>Director de la tesis<\/strong>\n<ul>\n<li> Thomas De Antonio  Clara<\/li>\n<\/ul>\n<\/li>\n<li><strong>Tribunal<\/strong>\n<ul>\n<li>Presidente del tribunal: pedro Martinez montavez <\/li>\n<li> Del amo hern\u00e1ndez mercedes (vocal)<\/li>\n<li>carmen Ruiz bravo-villasante (vocal)<\/li>\n<li> Lirola delgado M\u00aa pilar (vocal)<\/li>\n<\/ul>\n<\/li>\n<\/ul>\n<p>&nbsp;<\/p>\n","protected":false},"excerpt":{"rendered":"<p>Tesis doctoral de Abdalla Lazreg Tesis centrada en la segunda mitad del siglo xx del g\u00e9nero de rihla, producido y [&hellip;]<\/p>\n","protected":false},"author":1,"featured_media":0,"comment_status":"open","ping_status":"open","sticky":false,"template":"","format":"standard","meta":{"site-sidebar-layout":"default","site-content-layout":"","ast-site-content-layout":"","site-content-style":"default","site-sidebar-style":"default","ast-global-header-display":"","ast-banner-title-visibility":"","ast-main-header-display":"","ast-hfb-above-header-display":"","ast-hfb-below-header-display":"","ast-hfb-mobile-header-display":"","site-post-title":"","ast-breadcrumbs-content":"","ast-featured-img":"","footer-sml-layout":"","theme-transparent-header-meta":"","adv-header-id-meta":"","stick-header-meta":"","header-above-stick-meta":"","header-main-stick-meta":"","header-below-stick-meta":"","astra-migrate-meta-layouts":"default","ast-page-background-enabled":"default","ast-page-background-meta":{"desktop":{"background-color":"var(--ast-global-color-4)","background-image":"","background-repeat":"repeat","background-position":"center center","background-size":"auto","background-attachment":"scroll","background-type":"","background-media":"","overlay-type":"","overlay-color":"","overlay-gradient":""},"tablet":{"background-color":"","background-image":"","background-repeat":"repeat","background-position":"center center","background-size":"auto","background-attachment":"scroll","background-type":"","background-media":"","overlay-type":"","overlay-color":"","overlay-gradient":""},"mobile":{"background-color":"","background-image":"","background-repeat":"repeat","background-position":"center center","background-size":"auto","background-attachment":"scroll","background-type":"","background-media":"","overlay-type":"","overlay-color":"","overlay-gradient":""}},"ast-content-background-meta":{"desktop":{"background-color":"var(--ast-global-color-5)","background-image":"","background-repeat":"repeat","background-position":"center center","background-size":"auto","background-attachment":"scroll","background-type":"","background-media":"","overlay-type":"","overlay-color":"","overlay-gradient":""},"tablet":{"background-color":"var(--ast-global-color-5)","background-image":"","background-repeat":"repeat","background-position":"center center","background-size":"auto","background-attachment":"scroll","background-type":"","background-media":"","overlay-type":"","overlay-color":"","overlay-gradient":""},"mobile":{"background-color":"var(--ast-global-color-5)","background-image":"","background-repeat":"repeat","background-position":"center center","background-size":"auto","background-attachment":"scroll","background-type":"","background-media":"","overlay-type":"","overlay-color":"","overlay-gradient":""}},"footnotes":""},"categories":[10715],"tags":[76313,7681,76315,76316,3890,76314],"class_list":["post-26375","post","type-post","status-publish","format-standard","hentry","category-sevilla","tag-abdalla-lazreg","tag-carmen-ruiz-bravo-villasante","tag-del-amo-hernandez-mercedes","tag-lirola-delgado-ma-pilar","tag-pedro-Martinez-montavez","tag-thomas-de-antonio-clara"],"_links":{"self":[{"href":"https:\/\/www.deberes.net\/tesis\/wp-json\/wp\/v2\/posts\/26375","targetHints":{"allow":["GET"]}}],"collection":[{"href":"https:\/\/www.deberes.net\/tesis\/wp-json\/wp\/v2\/posts"}],"about":[{"href":"https:\/\/www.deberes.net\/tesis\/wp-json\/wp\/v2\/types\/post"}],"author":[{"embeddable":true,"href":"https:\/\/www.deberes.net\/tesis\/wp-json\/wp\/v2\/users\/1"}],"replies":[{"embeddable":true,"href":"https:\/\/www.deberes.net\/tesis\/wp-json\/wp\/v2\/comments?post=26375"}],"version-history":[{"count":0,"href":"https:\/\/www.deberes.net\/tesis\/wp-json\/wp\/v2\/posts\/26375\/revisions"}],"wp:attachment":[{"href":"https:\/\/www.deberes.net\/tesis\/wp-json\/wp\/v2\/media?parent=26375"}],"wp:term":[{"taxonomy":"category","embeddable":true,"href":"https:\/\/www.deberes.net\/tesis\/wp-json\/wp\/v2\/categories?post=26375"},{"taxonomy":"post_tag","embeddable":true,"href":"https:\/\/www.deberes.net\/tesis\/wp-json\/wp\/v2\/tags?post=26375"}],"curies":[{"name":"wp","href":"https:\/\/api.w.org\/{rel}","templated":true}]}}