{"id":26389,"date":"2018-03-09T09:18:11","date_gmt":"2018-03-09T09:18:11","guid":{"rendered":"https:\/\/www.deberes.net\/tesis\/sin-categoria\/organizaciones-complejas-y-cultura-el-caso-de-maersk-espana-en-algeciras\/"},"modified":"2018-03-09T09:18:11","modified_gmt":"2018-03-09T09:18:11","slug":"organizaciones-complejas-y-cultura-el-caso-de-maersk-espana-en-algeciras","status":"publish","type":"post","link":"https:\/\/www.deberes.net\/tesis\/sin-categoria\/organizaciones-complejas-y-cultura-el-caso-de-maersk-espana-en-algeciras\/","title":{"rendered":"Organizaciones complejas y cultura: el caso de maersk espa\u00f1a en algeciras"},"content":{"rendered":"<h2>Tesis doctoral de <strong> Francisco Alberto Vallejo Pe\u00f1a <\/strong><\/h2>\n<p>En el \u00e1mbito de la sociolog\u00eda de las organizaciones se ha dado desde los 80 un creciente inter\u00e9s por el estudio de la cultura organizacional. El \u00e9xito econ\u00f3mico de algunas culturas fuertes en el sistema mundial, vinculado en ocasiones al ascenso de algunas naciones como es el caso de jap\u00f3n, despert\u00f3 la curiosidad hacia el estudio de casos concretos.  dinamarca es una peque\u00f1a naci\u00f3n que se ha manifestado como grande en el sistema por su significativa contribuci\u00f3n al sistema con algunas de las multinacionales m\u00e1s importantes del mundo. Este ha sido el caso de maersk, dependiente del grupo a.P.Moller, que se ha convertido en objeto de nuestro estudio gracias a la accesibilidad de una de sus principales plazas mundiales: la terminal de algeciras. Aplicando una metodolog\u00eda predominantemente cualitativa hemos tratado de obtener algunas conclusiones acerca de la cultura que se da en una plaza que fusiona a los directivos daneses con la mayoritaria colonia andaluza, tratando, por otra parte, de obtener algunas generalizaciones respecto a la multinacional en su conjunto.<\/p>\n<p>&nbsp;<\/p>\n<h3>Datos acad\u00e9micos de la tesis doctoral \u00ab<strong>Organizaciones complejas y cultura: el caso de maersk espa\u00f1a en algeciras<\/strong>\u00ab<\/h3>\n<ul>\n<li><strong>T\u00edtulo de la tesis:<\/strong>\u00a0 Organizaciones complejas y cultura: el caso de maersk espa\u00f1a en algeciras <\/li>\n<li><strong>Autor:<\/strong>\u00a0 Francisco Alberto Vallejo Pe\u00f1a <\/li>\n<li><strong>Universidad:<\/strong>\u00a0 Granada<\/li>\n<li><strong>Fecha de lectura de la tesis:<\/strong>\u00a0 21\/10\/2003<\/li>\n<\/ul>\n<p>&nbsp;<\/p>\n<h3>Direcci\u00f3n y tribunal<\/h3>\n<ul>\n<li><strong>Director de la tesis<\/strong>\n<ul>\n<li>Antonio Trinidad Requena<\/li>\n<\/ul>\n<\/li>\n<li><strong>Tribunal<\/strong>\n<ul>\n<li>Presidente del tribunal: julio Iglesias de ussel <\/li>\n<li>Andr\u00e9s Rodr\u00edguez fern\u00e1ndez (vocal)<\/li>\n<li>ignacio Brunet icart (vocal)<\/li>\n<li> Garmendia mart\u00ednez j. Antonio (vocal)<\/li>\n<\/ul>\n<\/li>\n<\/ul>\n<p>&nbsp;<\/p>\n","protected":false},"excerpt":{"rendered":"<p>Tesis doctoral de Francisco Alberto Vallejo Pe\u00f1a En el \u00e1mbito de la sociolog\u00eda de las organizaciones se ha dado desde [&hellip;]<\/p>\n","protected":false},"author":1,"featured_media":0,"comment_status":"open","ping_status":"open","sticky":false,"template":"","format":"standard","meta":{"site-sidebar-layout":"default","site-content-layout":"","ast-site-content-layout":"","site-content-style":"default","site-sidebar-style":"default","ast-global-header-display":"","ast-banner-title-visibility":"","ast-main-header-display":"","ast-hfb-above-header-display":"","ast-hfb-below-header-display":"","ast-hfb-mobile-header-display":"","site-post-title":"","ast-breadcrumbs-content":"","ast-featured-img":"","footer-sml-layout":"","theme-transparent-header-meta":"","adv-header-id-meta":"","stick-header-meta":"","header-above-stick-meta":"","header-main-stick-meta":"","header-below-stick-meta":"","astra-migrate-meta-layouts":"default","ast-page-background-enabled":"default","ast-page-background-meta":{"desktop":{"background-color":"var(--ast-global-color-4)","background-image":"","background-repeat":"repeat","background-position":"center center","background-size":"auto","background-attachment":"scroll","background-type":"","background-media":"","overlay-type":"","overlay-color":"","overlay-gradient":""},"tablet":{"background-color":"","background-image":"","background-repeat":"repeat","background-position":"center center","background-size":"auto","background-attachment":"scroll","background-type":"","background-media":"","overlay-type":"","overlay-color":"","overlay-gradient":""},"mobile":{"background-color":"","background-image":"","background-repeat":"repeat","background-position":"center center","background-size":"auto","background-attachment":"scroll","background-type":"","background-media":"","overlay-type":"","overlay-color":"","overlay-gradient":""}},"ast-content-background-meta":{"desktop":{"background-color":"var(--ast-global-color-5)","background-image":"","background-repeat":"repeat","background-position":"center center","background-size":"auto","background-attachment":"scroll","background-type":"","background-media":"","overlay-type":"","overlay-color":"","overlay-gradient":""},"tablet":{"background-color":"var(--ast-global-color-5)","background-image":"","background-repeat":"repeat","background-position":"center center","background-size":"auto","background-attachment":"scroll","background-type":"","background-media":"","overlay-type":"","overlay-color":"","overlay-gradient":""},"mobile":{"background-color":"var(--ast-global-color-5)","background-image":"","background-repeat":"repeat","background-position":"center center","background-size":"auto","background-attachment":"scroll","background-type":"","background-media":"","overlay-type":"","overlay-color":"","overlay-gradient":""}},"footnotes":""},"categories":[1],"tags":[22299,76352,76351,76353,48067,3578],"class_list":["post-26389","post","type-post","status-publish","format-standard","hentry","category-sin-categoria","tag-andres-rodriguez-fernandez","tag-antonio-trinidad-requena","tag-francisco-alberto-vallejo-pena","tag-garmendia-Martinez-j-antonio","tag-ignacio-brunet-icart","tag-julio-iglesias-de-ussel"],"_links":{"self":[{"href":"https:\/\/www.deberes.net\/tesis\/wp-json\/wp\/v2\/posts\/26389","targetHints":{"allow":["GET"]}}],"collection":[{"href":"https:\/\/www.deberes.net\/tesis\/wp-json\/wp\/v2\/posts"}],"about":[{"href":"https:\/\/www.deberes.net\/tesis\/wp-json\/wp\/v2\/types\/post"}],"author":[{"embeddable":true,"href":"https:\/\/www.deberes.net\/tesis\/wp-json\/wp\/v2\/users\/1"}],"replies":[{"embeddable":true,"href":"https:\/\/www.deberes.net\/tesis\/wp-json\/wp\/v2\/comments?post=26389"}],"version-history":[{"count":0,"href":"https:\/\/www.deberes.net\/tesis\/wp-json\/wp\/v2\/posts\/26389\/revisions"}],"wp:attachment":[{"href":"https:\/\/www.deberes.net\/tesis\/wp-json\/wp\/v2\/media?parent=26389"}],"wp:term":[{"taxonomy":"category","embeddable":true,"href":"https:\/\/www.deberes.net\/tesis\/wp-json\/wp\/v2\/categories?post=26389"},{"taxonomy":"post_tag","embeddable":true,"href":"https:\/\/www.deberes.net\/tesis\/wp-json\/wp\/v2\/tags?post=26389"}],"curies":[{"name":"wp","href":"https:\/\/api.w.org\/{rel}","templated":true}]}}