{"id":26392,"date":"2018-03-09T09:18:12","date_gmt":"2018-03-09T09:18:12","guid":{"rendered":"https:\/\/www.deberes.net\/tesis\/sin-categoria\/perfil-psicologico-del-autoempleado\/"},"modified":"2018-03-09T09:18:12","modified_gmt":"2018-03-09T09:18:12","slug":"perfil-psicologico-del-autoempleado","status":"publish","type":"post","link":"https:\/\/www.deberes.net\/tesis\/sin-categoria\/perfil-psicologico-del-autoempleado\/","title":{"rendered":"Perfil psicol\u00f3gico del autoempleado"},"content":{"rendered":"<h2>Tesis doctoral de <strong>  S\u00e1nchez Almagro M. Luisa <\/strong><\/h2>\n<p>La persona, que se autoemplea, genera su propia ocupaci\u00f3n y este camino permite formar parte del mercado laboral. Esta investigaci\u00f3n recoge un acercamiento psicol\u00f3gico de esta figura autoempleada siguiendo la estructura del desarrollo de carrera empresarial de sonnenfelt &amp; kotter (1982). La muestra est\u00e1 formada por 453 sujetos adultos entre 18 y 55 repartidos entre autoempleados (creadores y empresa y empresarios) y no autoempleados (opositores y funcionarios).  la escala de actitud en orientaci\u00f3n emprendedora (robinson et al. 1991) es el cuestionario que mejor descrimina al autoempleado. El perfil del autoempleado investigado se centra en un propietario-gerente de Madrid (espa\u00f1a), cuya edad se encuentra entre los 25-35 a\u00f1os, con un nivel de estudios universitarios, que funda su empresa como aut\u00f3nomo o con una sociedad limitada, de nueva creaci\u00f3n no franquiciada, dentro del sector servicios, al que dedic\u00f3 m\u00e1s de 12 meses para su puesta en marcha.  la familia, los amigos, el c\u00f3nyuge y los compa\u00f1eros son los grupos que m\u00e1s le  apoyan en su proceso empresarial, sirvi\u00e9ndoles los tres primeros de modelo.  poseen un nivel elevado de locus de control interno. Entre las variables motivacionales que mueven su conducta son la motivaci\u00f3n de logro, necesidad de escape. Como variables cognitivas la asunci\u00f3n de riesgo, orientaci\u00f3n hacia la oportunidad hacia metas espec\u00edficas, autoconfianza y valores individualistas. como caracter\u00edsticas intelectuales destacan la innovaci\u00f3n planificaci\u00f3n y seguimiento sistem\u00e1tico, capacidad para analizar el ambiente y reflexi\u00f3n. un aspecto f\u00edsico que destaca es la energ\u00eda.  adem\u00e1s, se contemplan las variables psicol\u00f3gicas que permiten al autoempleado mantener abierta su empresa, las caracter\u00edsticas psicol\u00f3gicas de la mujer autoempleada y su diferencia con los sujetos que buscan trabajo en la administraciones p\u00fablicas.<\/p>\n<p>&nbsp;<\/p>\n<h3>Datos acad\u00e9micos de la tesis doctoral \u00ab<strong>Perfil psicol\u00f3gico del autoempleado<\/strong>\u00ab<\/h3>\n<ul>\n<li><strong>T\u00edtulo de la tesis:<\/strong>\u00a0 Perfil psicol\u00f3gico del autoempleado <\/li>\n<li><strong>Autor:<\/strong>\u00a0  S\u00e1nchez Almagro M. Luisa <\/li>\n<li><strong>Universidad:<\/strong>\u00a0 Complutense de Madrid<\/li>\n<li><strong>Fecha de lectura de la tesis:<\/strong>\u00a0 21\/10\/2003<\/li>\n<\/ul>\n<p>&nbsp;<\/p>\n<h3>Direcci\u00f3n y tribunal<\/h3>\n<ul>\n<li><strong>Director de la tesis<\/strong>\n<ul>\n<li> Sanchez Herrero Arbide Silvia Andrea<\/li>\n<\/ul>\n<\/li>\n<li><strong>Tribunal<\/strong>\n<ul>\n<li>Presidente del tribunal:  S\u00e1nchez l\u00f3pez m. pilar <\/li>\n<li>Francisco Palaci descals (vocal)<\/li>\n<li>Fernando Casani fern\u00e1ndez-navarrete (vocal)<\/li>\n<li>adela Fuste escolano (vocal)<\/li>\n<\/ul>\n<\/li>\n<\/ul>\n<p>&nbsp;<\/p>\n","protected":false},"excerpt":{"rendered":"<p>Tesis doctoral de S\u00e1nchez Almagro M. Luisa La persona, que se autoemplea, genera su propia ocupaci\u00f3n y este camino permite [&hellip;]<\/p>\n","protected":false},"author":1,"featured_media":0,"comment_status":"open","ping_status":"open","sticky":false,"template":"","format":"standard","meta":{"site-sidebar-layout":"default","site-content-layout":"","ast-site-content-layout":"","site-content-style":"default","site-sidebar-style":"default","ast-global-header-display":"","ast-banner-title-visibility":"","ast-main-header-display":"","ast-hfb-above-header-display":"","ast-hfb-below-header-display":"","ast-hfb-mobile-header-display":"","site-post-title":"","ast-breadcrumbs-content":"","ast-featured-img":"","footer-sml-layout":"","theme-transparent-header-meta":"","adv-header-id-meta":"","stick-header-meta":"","header-above-stick-meta":"","header-main-stick-meta":"","header-below-stick-meta":"","astra-migrate-meta-layouts":"default","ast-page-background-enabled":"default","ast-page-background-meta":{"desktop":{"background-color":"var(--ast-global-color-4)","background-image":"","background-repeat":"repeat","background-position":"center center","background-size":"auto","background-attachment":"scroll","background-type":"","background-media":"","overlay-type":"","overlay-color":"","overlay-gradient":""},"tablet":{"background-color":"","background-image":"","background-repeat":"repeat","background-position":"center center","background-size":"auto","background-attachment":"scroll","background-type":"","background-media":"","overlay-type":"","overlay-color":"","overlay-gradient":""},"mobile":{"background-color":"","background-image":"","background-repeat":"repeat","background-position":"center center","background-size":"auto","background-attachment":"scroll","background-type":"","background-media":"","overlay-type":"","overlay-color":"","overlay-gradient":""}},"ast-content-background-meta":{"desktop":{"background-color":"var(--ast-global-color-5)","background-image":"","background-repeat":"repeat","background-position":"center center","background-size":"auto","background-attachment":"scroll","background-type":"","background-media":"","overlay-type":"","overlay-color":"","overlay-gradient":""},"tablet":{"background-color":"var(--ast-global-color-5)","background-image":"","background-repeat":"repeat","background-position":"center center","background-size":"auto","background-attachment":"scroll","background-type":"","background-media":"","overlay-type":"","overlay-color":"","overlay-gradient":""},"mobile":{"background-color":"var(--ast-global-color-5)","background-image":"","background-repeat":"repeat","background-position":"center center","background-size":"auto","background-attachment":"scroll","background-type":"","background-media":"","overlay-type":"","overlay-color":"","overlay-gradient":""}},"footnotes":""},"categories":[1],"tags":[42179,76361,76360,76358,76359,42178],"class_list":["post-26392","post","type-post","status-publish","format-standard","hentry","category-sin-categoria","tag-adela-fuste-escolano","tag-fernando-casani-fernandez-navarrete","tag-francisco-palaci-descals","tag-sanchez-almagro-m-luisa","tag-sanchez-herrero-arbide-silvia-andrea","tag-sanchez-lopez-m-pilar"],"_links":{"self":[{"href":"https:\/\/www.deberes.net\/tesis\/wp-json\/wp\/v2\/posts\/26392","targetHints":{"allow":["GET"]}}],"collection":[{"href":"https:\/\/www.deberes.net\/tesis\/wp-json\/wp\/v2\/posts"}],"about":[{"href":"https:\/\/www.deberes.net\/tesis\/wp-json\/wp\/v2\/types\/post"}],"author":[{"embeddable":true,"href":"https:\/\/www.deberes.net\/tesis\/wp-json\/wp\/v2\/users\/1"}],"replies":[{"embeddable":true,"href":"https:\/\/www.deberes.net\/tesis\/wp-json\/wp\/v2\/comments?post=26392"}],"version-history":[{"count":0,"href":"https:\/\/www.deberes.net\/tesis\/wp-json\/wp\/v2\/posts\/26392\/revisions"}],"wp:attachment":[{"href":"https:\/\/www.deberes.net\/tesis\/wp-json\/wp\/v2\/media?parent=26392"}],"wp:term":[{"taxonomy":"category","embeddable":true,"href":"https:\/\/www.deberes.net\/tesis\/wp-json\/wp\/v2\/categories?post=26392"},{"taxonomy":"post_tag","embeddable":true,"href":"https:\/\/www.deberes.net\/tesis\/wp-json\/wp\/v2\/tags?post=26392"}],"curies":[{"name":"wp","href":"https:\/\/api.w.org\/{rel}","templated":true}]}}