{"id":26443,"date":"2018-03-09T09:18:16","date_gmt":"2018-03-09T09:18:16","guid":{"rendered":"https:\/\/www.deberes.net\/tesis\/sin-categoria\/representacion-social-de-la-interaccion-pedagogica-un-estudio-intercultural\/"},"modified":"2018-03-09T09:18:16","modified_gmt":"2018-03-09T09:18:16","slug":"representacion-social-de-la-interaccion-pedagogica-un-estudio-intercultural","status":"publish","type":"post","link":"https:\/\/www.deberes.net\/tesis\/pais-vasco-euskal-herriko-unibertsitatea\/representacion-social-de-la-interaccion-pedagogica-un-estudio-intercultural\/","title":{"rendered":"Representaci\u00f3n social de la interacci\u00f3n pedag\u00f3gica: un estudio intercultural."},"content":{"rendered":"<h2>Tesis doctoral de <strong> Elisa Casado Gonz\u00e1lez <\/strong><\/h2>\n<p>La presente tesis, desarrolla e integra la teor\u00eda de las representaciones sociales en el contexto de la interacci\u00f3n pedag\u00f3gica.  para ello se presentan cinco estudios de dise\u00f1o correlacional y de t\u00e9cnicas de an\u00e1lisis multivariadas que aportan interesantes resultados sobre el objeto de estudio, tanto desde un an\u00e1lisis estructural, relacional como socio afectivo de la relaci\u00f3n docentes-alumnos.  se contrastan dos universos muestrales con dimensiones culturales diferentes que posibilitan ver valores y creencias en diferentes anclajes sociales. as\u00ed mismo, se evidencian las dimensiones que enmarcan las tipolog\u00edas representacionales de la interacci\u00f3n pedag\u00f3gica, y la influencia de los sistemas culturales en la modulaci\u00f3n del comportamiento entre profesores y alumnos, as\u00ed como las emociones asociadas a distintos grados de malestar o bienestar subjetivo promotores de la relaci\u00f3n.<\/p>\n<p>&nbsp;<\/p>\n<h3>Datos acad\u00e9micos de la tesis doctoral \u00ab<strong>Representaci\u00f3n social de la interacci\u00f3n pedag\u00f3gica: un estudio intercultural.<\/strong>\u00ab<\/h3>\n<ul>\n<li><strong>T\u00edtulo de la tesis:<\/strong>\u00a0 Representaci\u00f3n social de la interacci\u00f3n pedag\u00f3gica: un estudio intercultural. <\/li>\n<li><strong>Autor:<\/strong>\u00a0 Elisa Casado Gonz\u00e1lez <\/li>\n<li><strong>Universidad:<\/strong>\u00a0 Pa\u00eds vasco\/euskal herriko unibertsitatea<\/li>\n<li><strong>Fecha de lectura de la tesis:<\/strong>\u00a0 23\/10\/2003<\/li>\n<\/ul>\n<p>&nbsp;<\/p>\n<h3>Direcci\u00f3n y tribunal<\/h3>\n<ul>\n<li><strong>Director de la tesis<\/strong>\n<ul>\n<li> Mart\u00ednez De Taboada Kutz Cristina<\/li>\n<\/ul>\n<\/li>\n<li><strong>Tribunal<\/strong>\n<ul>\n<li>Presidente del tribunal: adolfo Perinat maceres <\/li>\n<li>sabino Ayestar\u00e1n etxebarria (vocal)<\/li>\n<li> Morales dom\u00ednguez Francisco Jos\u00e9 (vocal)<\/li>\n<li>anastasio Ovejero bernal (vocal)<\/li>\n<\/ul>\n<\/li>\n<\/ul>\n<p>&nbsp;<\/p>\n","protected":false},"excerpt":{"rendered":"<p>Tesis doctoral de Elisa Casado Gonz\u00e1lez La presente tesis, desarrolla e integra la teor\u00eda de las representaciones sociales en el [&hellip;]<\/p>\n","protected":false},"author":1,"featured_media":0,"comment_status":"open","ping_status":"open","sticky":false,"template":"","format":"standard","meta":{"site-sidebar-layout":"default","site-content-layout":"","ast-site-content-layout":"","site-content-style":"default","site-sidebar-style":"default","ast-global-header-display":"","ast-banner-title-visibility":"","ast-main-header-display":"","ast-hfb-above-header-display":"","ast-hfb-below-header-display":"","ast-hfb-mobile-header-display":"","site-post-title":"","ast-breadcrumbs-content":"","ast-featured-img":"","footer-sml-layout":"","theme-transparent-header-meta":"","adv-header-id-meta":"","stick-header-meta":"","header-above-stick-meta":"","header-main-stick-meta":"","header-below-stick-meta":"","astra-migrate-meta-layouts":"default","ast-page-background-enabled":"default","ast-page-background-meta":{"desktop":{"background-color":"var(--ast-global-color-4)","background-image":"","background-repeat":"repeat","background-position":"center center","background-size":"auto","background-attachment":"scroll","background-type":"","background-media":"","overlay-type":"","overlay-color":"","overlay-gradient":""},"tablet":{"background-color":"","background-image":"","background-repeat":"repeat","background-position":"center center","background-size":"auto","background-attachment":"scroll","background-type":"","background-media":"","overlay-type":"","overlay-color":"","overlay-gradient":""},"mobile":{"background-color":"","background-image":"","background-repeat":"repeat","background-position":"center center","background-size":"auto","background-attachment":"scroll","background-type":"","background-media":"","overlay-type":"","overlay-color":"","overlay-gradient":""}},"ast-content-background-meta":{"desktop":{"background-color":"var(--ast-global-color-5)","background-image":"","background-repeat":"repeat","background-position":"center center","background-size":"auto","background-attachment":"scroll","background-type":"","background-media":"","overlay-type":"","overlay-color":"","overlay-gradient":""},"tablet":{"background-color":"var(--ast-global-color-5)","background-image":"","background-repeat":"repeat","background-position":"center center","background-size":"auto","background-attachment":"scroll","background-type":"","background-media":"","overlay-type":"","overlay-color":"","overlay-gradient":""},"mobile":{"background-color":"var(--ast-global-color-5)","background-image":"","background-repeat":"repeat","background-position":"center center","background-size":"auto","background-attachment":"scroll","background-type":"","background-media":"","overlay-type":"","overlay-color":"","overlay-gradient":""}},"footnotes":""},"categories":[12909],"tags":[13942,2998,76477,76478,76479,26788],"class_list":["post-26443","post","type-post","status-publish","format-standard","hentry","category-pais-vasco-euskal-herriko-unibertsitatea","tag-adolfo-perinat-maceres","tag-anastasio-ovejero-bernal","tag-elisa-casado-gonzalez","tag-Martinez-de-taboada-kutz-cristina","tag-morales-dominguez-francisco-jose","tag-sabino-ayestaran-etxebarria"],"_links":{"self":[{"href":"https:\/\/www.deberes.net\/tesis\/wp-json\/wp\/v2\/posts\/26443","targetHints":{"allow":["GET"]}}],"collection":[{"href":"https:\/\/www.deberes.net\/tesis\/wp-json\/wp\/v2\/posts"}],"about":[{"href":"https:\/\/www.deberes.net\/tesis\/wp-json\/wp\/v2\/types\/post"}],"author":[{"embeddable":true,"href":"https:\/\/www.deberes.net\/tesis\/wp-json\/wp\/v2\/users\/1"}],"replies":[{"embeddable":true,"href":"https:\/\/www.deberes.net\/tesis\/wp-json\/wp\/v2\/comments?post=26443"}],"version-history":[{"count":0,"href":"https:\/\/www.deberes.net\/tesis\/wp-json\/wp\/v2\/posts\/26443\/revisions"}],"wp:attachment":[{"href":"https:\/\/www.deberes.net\/tesis\/wp-json\/wp\/v2\/media?parent=26443"}],"wp:term":[{"taxonomy":"category","embeddable":true,"href":"https:\/\/www.deberes.net\/tesis\/wp-json\/wp\/v2\/categories?post=26443"},{"taxonomy":"post_tag","embeddable":true,"href":"https:\/\/www.deberes.net\/tesis\/wp-json\/wp\/v2\/tags?post=26443"}],"curies":[{"name":"wp","href":"https:\/\/api.w.org\/{rel}","templated":true}]}}