{"id":26461,"date":"2018-03-09T09:18:17","date_gmt":"2018-03-09T09:18:17","guid":{"rendered":"https:\/\/www.deberes.net\/tesis\/sin-categoria\/lectura-en-deficientes-auditivos-evaluacion-de-representaciones-fonologicas-y-ortograficas\/"},"modified":"2018-03-09T09:18:17","modified_gmt":"2018-03-09T09:18:17","slug":"lectura-en-deficientes-auditivos-evaluacion-de-representaciones-fonologicas-y-ortograficas","status":"publish","type":"post","link":"https:\/\/www.deberes.net\/tesis\/sin-categoria\/lectura-en-deficientes-auditivos-evaluacion-de-representaciones-fonologicas-y-ortograficas\/","title":{"rendered":"Lectura en deficientes auditivos: evaluaci\u00f3n de representaciones fonol\u00f3gicas y ortogr\u00e1ficas"},"content":{"rendered":"<h2>Tesis doctoral de <strong> Alicia Cruz Berenguel <\/strong><\/h2>\n<p>Dado que la lectura y la escritura son habilidades b\u00e1sicas para desenvolverse en nuestro contexto social, el inter\u00e9s principal de nuestros trabajo consisti\u00f3 en estudiar los factores asociados a su adquisici\u00f3n y desarrollo en ni\u00f1os sordos desde una perspectiva cl\u00ednica y aplicada con la finalidad \u00faltima de determinar posible formas de intervenci\u00f3n.  la tesis presenta dos partes diferenciadas, el marco te\u00f3rico y la investigaci\u00f3n emp\u00edricas. La primera parte, marco te\u00f3rico, consta de tres cap\u00edtulos. En el primero de ellos se consideran los conceptos e investigaciones principales obre reconocimiento de palabras, conciencia fonol\u00f3gica y escritura. El cap\u00edtulo dos se centra en aspectos conceptuales relacionados con la deficiencia auditiva, los sistemas de comunicaci\u00f3n y los estudios realizados acerca del desarrollo de representaciones fenol\u00f3gicas en deficientes auditivos. el cap\u00edtulo tercero se dedica a analizar la lectura y la escritura en definiciones auditivos, con especial referencia a las habilidades de conciencia fonol\u00f3gica, recogiendo las principales aportaciones de los estudios realizados en las \u00faltimas d\u00e9cadas.  en la parte emp\u00edrica, el cap\u00edtulo cuarto describe el planteamiento de nuestra investigaci\u00f3n, los principales objetivos e hip\u00f3tesis as\u00ed como los grupos de lectores que han participado. Nuestro objetivo general es realizar un estudio sobre las representaciones fonol\u00f3gicas que poseen los deficientes auditivos, la exactitud de \u00e9stas y qu\u00e9 posibles an\u00e1lisis pueden realizar con ellas. Todo ello en relaci\u00f3n con los niveles de lectura y escritura alcanzados, en un idioma de ortograf\u00eda transparente como es el castellano.  los siguientes cap\u00edtulos recogen la metodolog\u00eda, los resultados y discusi\u00f3n de los diferentes aspectos evaluados. As\u00ed, el quinto se dedica a la lectura, el siguiente -cap\u00edtulo sexto- a la conciencia fonol\u00f3gica global, el s\u00e9ptimo a la conciencia fon\u00e9mica y, por \u00faltimo, el cap\u00edtul<\/p>\n<p>&nbsp;<\/p>\n<h3>Datos acad\u00e9micos de la tesis doctoral \u00ab<strong>Lectura en deficientes auditivos: evaluaci\u00f3n de representaciones fonol\u00f3gicas y ortogr\u00e1ficas<\/strong>\u00ab<\/h3>\n<ul>\n<li><strong>T\u00edtulo de la tesis:<\/strong>\u00a0 Lectura en deficientes auditivos: evaluaci\u00f3n de representaciones fonol\u00f3gicas y ortogr\u00e1ficas <\/li>\n<li><strong>Autor:<\/strong>\u00a0 Alicia Cruz Berenguel <\/li>\n<li><strong>Universidad:<\/strong>\u00a0 Granada<\/li>\n<li><strong>Fecha de lectura de la tesis:<\/strong>\u00a0 24\/10\/2003<\/li>\n<\/ul>\n<p>&nbsp;<\/p>\n<h3>Direcci\u00f3n y tribunal<\/h3>\n<ul>\n<li><strong>Director de la tesis<\/strong>\n<ul>\n<li>Elvira Mendoza Lara<\/li>\n<\/ul>\n<\/li>\n<li><strong>Tribunal<\/strong>\n<ul>\n<li>Presidente del tribunal: Jaime Vila castellar <\/li>\n<li>Francisco Martos perales (vocal)<\/li>\n<li>Jes\u00fas Alegria iscoa (vocal)<\/li>\n<li>Santiago Torres monreal (vocal)<\/li>\n<\/ul>\n<\/li>\n<\/ul>\n<p>&nbsp;<\/p>\n","protected":false},"excerpt":{"rendered":"<p>Tesis doctoral de Alicia Cruz Berenguel Dado que la lectura y la escritura son habilidades b\u00e1sicas para desenvolverse en nuestro [&hellip;]<\/p>\n","protected":false},"author":1,"featured_media":0,"comment_status":"open","ping_status":"open","sticky":false,"template":"","format":"standard","meta":{"site-sidebar-layout":"default","site-content-layout":"","ast-site-content-layout":"","site-content-style":"default","site-sidebar-style":"default","ast-global-header-display":"","ast-banner-title-visibility":"","ast-main-header-display":"","ast-hfb-above-header-display":"","ast-hfb-below-header-display":"","ast-hfb-mobile-header-display":"","site-post-title":"","ast-breadcrumbs-content":"","ast-featured-img":"","footer-sml-layout":"","theme-transparent-header-meta":"","adv-header-id-meta":"","stick-header-meta":"","header-above-stick-meta":"","header-main-stick-meta":"","header-below-stick-meta":"","astra-migrate-meta-layouts":"default","ast-page-background-enabled":"default","ast-page-background-meta":{"desktop":{"background-color":"var(--ast-global-color-4)","background-image":"","background-repeat":"repeat","background-position":"center center","background-size":"auto","background-attachment":"scroll","background-type":"","background-media":"","overlay-type":"","overlay-color":"","overlay-gradient":""},"tablet":{"background-color":"","background-image":"","background-repeat":"repeat","background-position":"center center","background-size":"auto","background-attachment":"scroll","background-type":"","background-media":"","overlay-type":"","overlay-color":"","overlay-gradient":""},"mobile":{"background-color":"","background-image":"","background-repeat":"repeat","background-position":"center center","background-size":"auto","background-attachment":"scroll","background-type":"","background-media":"","overlay-type":"","overlay-color":"","overlay-gradient":""}},"ast-content-background-meta":{"desktop":{"background-color":"var(--ast-global-color-5)","background-image":"","background-repeat":"repeat","background-position":"center center","background-size":"auto","background-attachment":"scroll","background-type":"","background-media":"","overlay-type":"","overlay-color":"","overlay-gradient":""},"tablet":{"background-color":"var(--ast-global-color-5)","background-image":"","background-repeat":"repeat","background-position":"center center","background-size":"auto","background-attachment":"scroll","background-type":"","background-media":"","overlay-type":"","overlay-color":"","overlay-gradient":""},"mobile":{"background-color":"var(--ast-global-color-5)","background-image":"","background-repeat":"repeat","background-position":"center center","background-size":"auto","background-attachment":"scroll","background-type":"","background-media":"","overlay-type":"","overlay-color":"","overlay-gradient":""}},"footnotes":""},"categories":[1],"tags":[76520,21801,76521,4169,10402,70488],"class_list":["post-26461","post","type-post","status-publish","format-standard","hentry","category-sin-categoria","tag-alicia-cruz-berenguel","tag-elvira-mendoza-lara","tag-francisco-martos-perales","tag-jaime-vila-castellar","tag-jesus-alegria-iscoa","tag-santiago-torres-monreal"],"_links":{"self":[{"href":"https:\/\/www.deberes.net\/tesis\/wp-json\/wp\/v2\/posts\/26461","targetHints":{"allow":["GET"]}}],"collection":[{"href":"https:\/\/www.deberes.net\/tesis\/wp-json\/wp\/v2\/posts"}],"about":[{"href":"https:\/\/www.deberes.net\/tesis\/wp-json\/wp\/v2\/types\/post"}],"author":[{"embeddable":true,"href":"https:\/\/www.deberes.net\/tesis\/wp-json\/wp\/v2\/users\/1"}],"replies":[{"embeddable":true,"href":"https:\/\/www.deberes.net\/tesis\/wp-json\/wp\/v2\/comments?post=26461"}],"version-history":[{"count":0,"href":"https:\/\/www.deberes.net\/tesis\/wp-json\/wp\/v2\/posts\/26461\/revisions"}],"wp:attachment":[{"href":"https:\/\/www.deberes.net\/tesis\/wp-json\/wp\/v2\/media?parent=26461"}],"wp:term":[{"taxonomy":"category","embeddable":true,"href":"https:\/\/www.deberes.net\/tesis\/wp-json\/wp\/v2\/categories?post=26461"},{"taxonomy":"post_tag","embeddable":true,"href":"https:\/\/www.deberes.net\/tesis\/wp-json\/wp\/v2\/tags?post=26461"}],"curies":[{"name":"wp","href":"https:\/\/api.w.org\/{rel}","templated":true}]}}