{"id":26521,"date":"2018-03-09T09:18:22","date_gmt":"2018-03-09T09:18:22","guid":{"rendered":"https:\/\/www.deberes.net\/tesis\/sin-categoria\/un-analisis-de-la-convergencia-de-las-tasas-de-paro-regionales-en-espana-1977-2000\/"},"modified":"2018-03-09T09:18:22","modified_gmt":"2018-03-09T09:18:22","slug":"un-analisis-de-la-convergencia-de-las-tasas-de-paro-regionales-en-espana-1977-2000","status":"publish","type":"post","link":"https:\/\/www.deberes.net\/tesis\/valladolid\/un-analisis-de-la-convergencia-de-las-tasas-de-paro-regionales-en-espana-1977-2000\/","title":{"rendered":"Un an\u00e1lisis de la convergencia de las tasas de paro regionales en espa\u00f1a: 1977-2000"},"content":{"rendered":"<h2>Tesis doctoral de <strong>  Moral De Blas Alfonso <\/strong><\/h2>\n<p>El objetivo de esta tesis es realizar un estudio de la convergencia real entre las distintas comunidades aut\u00f3nomas espa\u00f1ola a trav\u00e9s de las tasas de desempleo regionales.  con este fin se efect\u00faa un triple acercamiento al problema, descriptivo, te\u00f3rico y emp\u00edrico:  en primer lugar, el an\u00e1lisis descriptivo, tanto a nivel est\u00e1tico como din\u00e1mico, nos proporciona una primera intuici\u00f3n de la realidad del desempleo en espa\u00f1a, y nos permite apreciar la ausencia de un proceso de convergencia generalizado entre todas las regiones espa\u00f1olas.  en segundo lugar, y desde un punto de vista te\u00f3rico, se nos dota de una estructura de escenarios caracterizados en funci\u00f3n de las peculiaridades que presenta el mercado el trabajo. Estos escenarios nos sirven de marco de referencia de las distintas posibilidades con que nos podemos encontrar.  tambi\u00e9n se dedica un cap\u00edtulo a la revisi\u00f3n metodol\u00f3gica donde se analizan los distintos m\u00e9todos aplicables para el estudio de la convergencia y donde se concretan los que se emplear\u00e1n en el an\u00e1lisis emp\u00edrico.  bas\u00e1ndonos en esa selecci\u00f3n previa, el an\u00e1lisis econom\u00e9trico intenta corroborar las intuiciones anteriores desde el punto de vista emp\u00edrico. En este apartado, a trav\u00e9s de la cointegraci\u00f3n y la descomposici\u00f3n de la varianza se demuestra nuevamente que no existe una senda com\u00fan en la evoluci\u00f3n del desempleo regional, y que el grado de convergencia es mucho mayor cuando nos centramos en grupos poblacionales cada vez m\u00e1s homog\u00e9neos entre s\u00ed.<\/p>\n<p>&nbsp;<\/p>\n<h3>Datos acad\u00e9micos de la tesis doctoral \u00ab<strong>Un an\u00e1lisis de la convergencia de las tasas de paro regionales en espa\u00f1a: 1977-2000<\/strong>\u00ab<\/h3>\n<ul>\n<li><strong>T\u00edtulo de la tesis:<\/strong>\u00a0 Un an\u00e1lisis de la convergencia de las tasas de paro regionales en espa\u00f1a: 1977-2000 <\/li>\n<li><strong>Autor:<\/strong>\u00a0  Moral De Blas Alfonso <\/li>\n<li><strong>Universidad:<\/strong>\u00a0 Valladolid<\/li>\n<li><strong>Fecha de lectura de la tesis:<\/strong>\u00a0 27\/10\/2003<\/li>\n<\/ul>\n<p>&nbsp;<\/p>\n<h3>Direcci\u00f3n y tribunal<\/h3>\n<ul>\n<li><strong>Director de la tesis<\/strong>\n<ul>\n<li>Jos\u00e9 Miguel Sanchez  Molinero<\/li>\n<\/ul>\n<\/li>\n<li><strong>Tribunal<\/strong>\n<ul>\n<li>Presidente del tribunal: Francisco Cabrillo rodriguez <\/li>\n<li>Jos\u00e9 Antonio Garc\u00eda dur\u00e1n de lara (vocal)<\/li>\n<li>felipe Saez fernandez (vocal)<\/li>\n<li> Gonzalez perez Jos\u00e9 Manuel (vocal)<\/li>\n<\/ul>\n<\/li>\n<\/ul>\n<p>&nbsp;<\/p>\n","protected":false},"excerpt":{"rendered":"<p>Tesis doctoral de Moral De Blas Alfonso El objetivo de esta tesis es realizar un estudio de la convergencia real [&hellip;]<\/p>\n","protected":false},"author":1,"featured_media":0,"comment_status":"open","ping_status":"open","sticky":false,"template":"","format":"standard","meta":{"site-sidebar-layout":"default","site-content-layout":"","ast-site-content-layout":"","site-content-style":"default","site-sidebar-style":"default","ast-global-header-display":"","ast-banner-title-visibility":"","ast-main-header-display":"","ast-hfb-above-header-display":"","ast-hfb-below-header-display":"","ast-hfb-mobile-header-display":"","site-post-title":"","ast-breadcrumbs-content":"","ast-featured-img":"","footer-sml-layout":"","theme-transparent-header-meta":"","adv-header-id-meta":"","stick-header-meta":"","header-above-stick-meta":"","header-main-stick-meta":"","header-below-stick-meta":"","astra-migrate-meta-layouts":"default","ast-page-background-enabled":"default","ast-page-background-meta":{"desktop":{"background-color":"var(--ast-global-color-4)","background-image":"","background-repeat":"repeat","background-position":"center center","background-size":"auto","background-attachment":"scroll","background-type":"","background-media":"","overlay-type":"","overlay-color":"","overlay-gradient":""},"tablet":{"background-color":"","background-image":"","background-repeat":"repeat","background-position":"center center","background-size":"auto","background-attachment":"scroll","background-type":"","background-media":"","overlay-type":"","overlay-color":"","overlay-gradient":""},"mobile":{"background-color":"","background-image":"","background-repeat":"repeat","background-position":"center center","background-size":"auto","background-attachment":"scroll","background-type":"","background-media":"","overlay-type":"","overlay-color":"","overlay-gradient":""}},"ast-content-background-meta":{"desktop":{"background-color":"var(--ast-global-color-5)","background-image":"","background-repeat":"repeat","background-position":"center center","background-size":"auto","background-attachment":"scroll","background-type":"","background-media":"","overlay-type":"","overlay-color":"","overlay-gradient":""},"tablet":{"background-color":"var(--ast-global-color-5)","background-image":"","background-repeat":"repeat","background-position":"center center","background-size":"auto","background-attachment":"scroll","background-type":"","background-media":"","overlay-type":"","overlay-color":"","overlay-gradient":""},"mobile":{"background-color":"var(--ast-global-color-5)","background-image":"","background-repeat":"repeat","background-position":"center center","background-size":"auto","background-attachment":"scroll","background-type":"","background-media":"","overlay-type":"","overlay-color":"","overlay-gradient":""}},"footnotes":""},"categories":[12451],"tags":[12789,21559,21407,12680,12787,76677],"class_list":["post-26521","post","type-post","status-publish","format-standard","hentry","category-valladolid","tag-felipe-saez-fernandez","tag-francisco-cabrillo-rodriguez","tag-gonzalez-perez-jose-manuel","tag-jose-antonio-garcia-duran-de-lara","tag-jose-miguel-sanchez-molinero","tag-moral-de-blas-alfonso"],"_links":{"self":[{"href":"https:\/\/www.deberes.net\/tesis\/wp-json\/wp\/v2\/posts\/26521","targetHints":{"allow":["GET"]}}],"collection":[{"href":"https:\/\/www.deberes.net\/tesis\/wp-json\/wp\/v2\/posts"}],"about":[{"href":"https:\/\/www.deberes.net\/tesis\/wp-json\/wp\/v2\/types\/post"}],"author":[{"embeddable":true,"href":"https:\/\/www.deberes.net\/tesis\/wp-json\/wp\/v2\/users\/1"}],"replies":[{"embeddable":true,"href":"https:\/\/www.deberes.net\/tesis\/wp-json\/wp\/v2\/comments?post=26521"}],"version-history":[{"count":0,"href":"https:\/\/www.deberes.net\/tesis\/wp-json\/wp\/v2\/posts\/26521\/revisions"}],"wp:attachment":[{"href":"https:\/\/www.deberes.net\/tesis\/wp-json\/wp\/v2\/media?parent=26521"}],"wp:term":[{"taxonomy":"category","embeddable":true,"href":"https:\/\/www.deberes.net\/tesis\/wp-json\/wp\/v2\/categories?post=26521"},{"taxonomy":"post_tag","embeddable":true,"href":"https:\/\/www.deberes.net\/tesis\/wp-json\/wp\/v2\/tags?post=26521"}],"curies":[{"name":"wp","href":"https:\/\/api.w.org\/{rel}","templated":true}]}}