{"id":26613,"date":"2018-03-09T09:18:31","date_gmt":"2018-03-09T09:18:31","guid":{"rendered":"https:\/\/www.deberes.net\/tesis\/sin-categoria\/valoracion-morfologica-ecografica-tridimensional-del-cordon-umbilical-comparacion-con-la-bidimension\/"},"modified":"2018-03-09T09:18:31","modified_gmt":"2018-03-09T09:18:31","slug":"valoracion-morfologica-ecografica-tridimensional-del-cordon-umbilical-comparacion-con-la-bidimension","status":"publish","type":"post","link":"https:\/\/www.deberes.net\/tesis\/sin-categoria\/valoracion-morfologica-ecografica-tridimensional-del-cordon-umbilical-comparacion-con-la-bidimension\/","title":{"rendered":"Valoraci\u00f3n morfol\u00f3gica ecogr\u00e1fica tridimensional del cord\u00f3n umbilical: comparaci\u00f3n con la bidimensi\u00f3n"},"content":{"rendered":"<h2>Tesis doctoral de <strong> M. Jos\u00e9 Puig Mu\u00f1ez <\/strong><\/h2>\n<p>&nbsp;<\/p>\n<h3>Datos acad\u00e9micos de la tesis doctoral \u00ab<strong>Valoraci\u00f3n morfol\u00f3gica ecogr\u00e1fica tridimensional del cord\u00f3n umbilical: comparaci\u00f3n con la bidimensi\u00f3n<\/strong>\u00ab<\/h3>\n<ul>\n<li><strong>T\u00edtulo de la tesis:<\/strong>\u00a0 Valoraci\u00f3n morfol\u00f3gica ecogr\u00e1fica tridimensional del cord\u00f3n umbilical: comparaci\u00f3n con la bidimensi\u00f3n <\/li>\n<li><strong>Autor:<\/strong>\u00a0 M. Jos\u00e9 Puig Mu\u00f1ez <\/li>\n<li><strong>Universidad:<\/strong>\u00a0 Universitat de val\u00e9ncia (estudi general)<\/li>\n<li><strong>Fecha de lectura de la tesis:<\/strong>\u00a0 31\/10\/2003<\/li>\n<\/ul>\n<p>&nbsp;<\/p>\n<h3>Direcci\u00f3n y tribunal<\/h3>\n<ul>\n<li><strong>Director de la tesis<\/strong>\n<ul>\n<li>Fernando Bonilla Musoles<\/li>\n<\/ul>\n<\/li>\n<li><strong>Tribunal<\/strong>\n<ul>\n<li>Presidente del tribunal: lorenzo Abad Martinez <\/li>\n<li>Juan  Jos\u00e9 Parrilla paricio (vocal)<\/li>\n<li>Antonio Pellicer Martinez (vocal)<\/li>\n<li>  (vocal)<\/li>\n<\/ul>\n<\/li>\n<\/ul>\n<p>&nbsp;<\/p>\n","protected":false},"excerpt":{"rendered":"<p>Tesis doctoral de M. Jos\u00e9 Puig Mu\u00f1ez &nbsp; Datos acad\u00e9micos de la tesis doctoral \u00abValoraci\u00f3n morfol\u00f3gica ecogr\u00e1fica tridimensional del cord\u00f3n [&hellip;]<\/p>\n","protected":false},"author":1,"featured_media":0,"comment_status":"open","ping_status":"open","sticky":false,"template":"","format":"standard","meta":{"site-sidebar-layout":"default","site-content-layout":"","ast-site-content-layout":"","site-content-style":"default","site-sidebar-style":"default","ast-global-header-display":"","ast-banner-title-visibility":"","ast-main-header-display":"","ast-hfb-above-header-display":"","ast-hfb-below-header-display":"","ast-hfb-mobile-header-display":"","site-post-title":"","ast-breadcrumbs-content":"","ast-featured-img":"","footer-sml-layout":"","theme-transparent-header-meta":"","adv-header-id-meta":"","stick-header-meta":"","header-above-stick-meta":"","header-main-stick-meta":"","header-below-stick-meta":"","astra-migrate-meta-layouts":"default","ast-page-background-enabled":"default","ast-page-background-meta":{"desktop":{"background-color":"var(--ast-global-color-4)","background-image":"","background-repeat":"repeat","background-position":"center center","background-size":"auto","background-attachment":"scroll","background-type":"","background-media":"","overlay-type":"","overlay-color":"","overlay-gradient":""},"tablet":{"background-color":"","background-image":"","background-repeat":"repeat","background-position":"center center","background-size":"auto","background-attachment":"scroll","background-type":"","background-media":"","overlay-type":"","overlay-color":"","overlay-gradient":""},"mobile":{"background-color":"","background-image":"","background-repeat":"repeat","background-position":"center center","background-size":"auto","background-attachment":"scroll","background-type":"","background-media":"","overlay-type":"","overlay-color":"","overlay-gradient":""}},"ast-content-background-meta":{"desktop":{"background-color":"var(--ast-global-color-5)","background-image":"","background-repeat":"repeat","background-position":"center center","background-size":"auto","background-attachment":"scroll","background-type":"","background-media":"","overlay-type":"","overlay-color":"","overlay-gradient":""},"tablet":{"background-color":"var(--ast-global-color-5)","background-image":"","background-repeat":"repeat","background-position":"center center","background-size":"auto","background-attachment":"scroll","background-type":"","background-media":"","overlay-type":"","overlay-color":"","overlay-gradient":""},"mobile":{"background-color":"var(--ast-global-color-5)","background-image":"","background-repeat":"repeat","background-position":"center center","background-size":"auto","background-attachment":"scroll","background-type":"","background-media":"","overlay-type":"","overlay-color":"","overlay-gradient":""}},"footnotes":""},"categories":[1],"tags":[8820,11514,8376,5494,76912],"class_list":["post-26613","post","type-post","status-publish","format-standard","hentry","category-sin-categoria","tag-antonio-pellicer-Martinez","tag-fernando-bonilla-musoles","tag-juan-jose-parrilla-paricio","tag-lorenzo-abad-Martinez","tag-m-jose-puig-munez"],"_links":{"self":[{"href":"https:\/\/www.deberes.net\/tesis\/wp-json\/wp\/v2\/posts\/26613","targetHints":{"allow":["GET"]}}],"collection":[{"href":"https:\/\/www.deberes.net\/tesis\/wp-json\/wp\/v2\/posts"}],"about":[{"href":"https:\/\/www.deberes.net\/tesis\/wp-json\/wp\/v2\/types\/post"}],"author":[{"embeddable":true,"href":"https:\/\/www.deberes.net\/tesis\/wp-json\/wp\/v2\/users\/1"}],"replies":[{"embeddable":true,"href":"https:\/\/www.deberes.net\/tesis\/wp-json\/wp\/v2\/comments?post=26613"}],"version-history":[{"count":0,"href":"https:\/\/www.deberes.net\/tesis\/wp-json\/wp\/v2\/posts\/26613\/revisions"}],"wp:attachment":[{"href":"https:\/\/www.deberes.net\/tesis\/wp-json\/wp\/v2\/media?parent=26613"}],"wp:term":[{"taxonomy":"category","embeddable":true,"href":"https:\/\/www.deberes.net\/tesis\/wp-json\/wp\/v2\/categories?post=26613"},{"taxonomy":"post_tag","embeddable":true,"href":"https:\/\/www.deberes.net\/tesis\/wp-json\/wp\/v2\/tags?post=26613"}],"curies":[{"name":"wp","href":"https:\/\/api.w.org\/{rel}","templated":true}]}}