{"id":26653,"date":"2003-04-11T00:00:00","date_gmt":"2003-04-11T00:00:00","guid":{"rendered":"https:\/\/www.deberes.net\/tesis\/sin-categoria\/regeneracion-pos-incendio-de-matorral-en-suelos-con-distintas-historias-de-uso\/"},"modified":"2003-04-11T00:00:00","modified_gmt":"2003-04-11T00:00:00","slug":"regeneracion-pos-incendio-de-matorral-en-suelos-con-distintas-historias-de-uso","status":"publish","type":"post","link":"https:\/\/www.deberes.net\/tesis\/barcelona\/regeneracion-pos-incendio-de-matorral-en-suelos-con-distintas-historias-de-uso\/","title":{"rendered":"Regeneraci\u00f3n pos-incendio de matorral en suelos con distintas historias de uso"},"content":{"rendered":"<h2>Tesis doctoral de <strong> Mar\u00eda  Fatima De Ara\u00fajo Vieira Santos <\/strong><\/h2>\n<p>La vegetaci\u00f3n en regeneraci\u00f3n pos-incendio fue muestreada en la zona del incendio de argelita de mediados de septiembre de 1993, en parcelas en los bancales. Abandonados por la agricultura, y laderas sin pasado agr\u00edcola. el objetivo fue investigar la influencia de la historia de uso del suelo en la regeneraci\u00f3n de la vegetaci\u00f3n muestreada a los 3,9,15 y 21 meses despu\u00e9s del fuego. Tambi\u00e9n se estudi\u00f3 el efecto del abandono agr\u00edcola en el banco de semilla del suelo despu\u00e9s del fuego y en los suelos 2 a\u00f1os despu\u00e9s del incendio.  los resultados de la regeneraci\u00f3n de la vegetaci\u00f3n no han sido muy diferentes entre los bancales y las laderas. Las laderas presentaron como elementos diferenciales algunos faner\u00f3-fitos rebrotadores poco abundantes. No obstante, los bancales produjeron un recubrimiento vegetal mayor que las laderas debido a una mayor capacidad de almacenamiento de agua.<\/p>\n<p>&nbsp;<\/p>\n<h3>Datos acad\u00e9micos de la tesis doctoral \u00ab<strong>Regeneraci\u00f3n pos-incendio de matorral en suelos con distintas historias de uso<\/strong>\u00ab<\/h3>\n<ul>\n<li><strong>T\u00edtulo de la tesis:<\/strong>\u00a0 Regeneraci\u00f3n pos-incendio de matorral en suelos con distintas historias de uso <\/li>\n<li><strong>Autor:<\/strong>\u00a0 Mar\u00eda  Fatima De Ara\u00fajo Vieira Santos <\/li>\n<li><strong>Universidad:<\/strong>\u00a0 Barcelona<\/li>\n<li><strong>Fecha de lectura de la tesis:<\/strong>\u00a0 04\/11\/2003<\/li>\n<\/ul>\n<p>&nbsp;<\/p>\n<h3>Direcci\u00f3n y tribunal<\/h3>\n<ul>\n<li><strong>Director de la tesis<\/strong>\n<ul>\n<li>Ram\u00f3n Vallejo Calzada<\/li>\n<\/ul>\n<\/li>\n<li><strong>Tribunal<\/strong>\n<ul>\n<li>Presidente del tribunal: estanislao De Luis calabuig <\/li>\n<li>Francisco Lloret (vocal)<\/li>\n<li>garcia Pausa juli (vocal)<\/li>\n<li>teresa Sebasti\u00e1 Mar\u00eda (vocal)<\/li>\n<\/ul>\n<\/li>\n<\/ul>\n<p>&nbsp;<\/p>\n","protected":false},"excerpt":{"rendered":"<p>Tesis doctoral de Mar\u00eda Fatima De Ara\u00fajo Vieira Santos La vegetaci\u00f3n en regeneraci\u00f3n pos-incendio fue muestreada en la zona del [&hellip;]<\/p>\n","protected":false},"author":1,"featured_media":0,"comment_status":"open","ping_status":"open","sticky":false,"template":"","format":"standard","meta":{"site-sidebar-layout":"default","site-content-layout":"","ast-site-content-layout":"","site-content-style":"default","site-sidebar-style":"default","ast-global-header-display":"","ast-banner-title-visibility":"","ast-main-header-display":"","ast-hfb-above-header-display":"","ast-hfb-below-header-display":"","ast-hfb-mobile-header-display":"","site-post-title":"","ast-breadcrumbs-content":"","ast-featured-img":"","footer-sml-layout":"","theme-transparent-header-meta":"","adv-header-id-meta":"","stick-header-meta":"","header-above-stick-meta":"","header-main-stick-meta":"","header-below-stick-meta":"","astra-migrate-meta-layouts":"default","ast-page-background-enabled":"default","ast-page-background-meta":{"desktop":{"background-color":"var(--ast-global-color-4)","background-image":"","background-repeat":"repeat","background-position":"center center","background-size":"auto","background-attachment":"scroll","background-type":"","background-media":"","overlay-type":"","overlay-color":"","overlay-gradient":""},"tablet":{"background-color":"","background-image":"","background-repeat":"repeat","background-position":"center center","background-size":"auto","background-attachment":"scroll","background-type":"","background-media":"","overlay-type":"","overlay-color":"","overlay-gradient":""},"mobile":{"background-color":"","background-image":"","background-repeat":"repeat","background-position":"center center","background-size":"auto","background-attachment":"scroll","background-type":"","background-media":"","overlay-type":"","overlay-color":"","overlay-gradient":""}},"ast-content-background-meta":{"desktop":{"background-color":"var(--ast-global-color-5)","background-image":"","background-repeat":"repeat","background-position":"center center","background-size":"auto","background-attachment":"scroll","background-type":"","background-media":"","overlay-type":"","overlay-color":"","overlay-gradient":""},"tablet":{"background-color":"var(--ast-global-color-5)","background-image":"","background-repeat":"repeat","background-position":"center center","background-size":"auto","background-attachment":"scroll","background-type":"","background-media":"","overlay-type":"","overlay-color":"","overlay-gradient":""},"mobile":{"background-color":"var(--ast-global-color-5)","background-image":"","background-repeat":"repeat","background-position":"center center","background-size":"auto","background-attachment":"scroll","background-type":"","background-media":"","overlay-type":"","overlay-color":"","overlay-gradient":""}},"footnotes":""},"categories":[951],"tags":[4440,61987,77004,77003,3265,77005],"class_list":["post-26653","post","type-post","status-publish","format-standard","hentry","category-barcelona","tag-estanislao-de-luis-calabuig","tag-francisco-lloret","tag-garcia-pausa-juli","tag-maria-fatima-de-araujo-vieira-santos","tag-ramon-vallejo-calzada","tag-teresa-sebastia-maria"],"_links":{"self":[{"href":"https:\/\/www.deberes.net\/tesis\/wp-json\/wp\/v2\/posts\/26653","targetHints":{"allow":["GET"]}}],"collection":[{"href":"https:\/\/www.deberes.net\/tesis\/wp-json\/wp\/v2\/posts"}],"about":[{"href":"https:\/\/www.deberes.net\/tesis\/wp-json\/wp\/v2\/types\/post"}],"author":[{"embeddable":true,"href":"https:\/\/www.deberes.net\/tesis\/wp-json\/wp\/v2\/users\/1"}],"replies":[{"embeddable":true,"href":"https:\/\/www.deberes.net\/tesis\/wp-json\/wp\/v2\/comments?post=26653"}],"version-history":[{"count":0,"href":"https:\/\/www.deberes.net\/tesis\/wp-json\/wp\/v2\/posts\/26653\/revisions"}],"wp:attachment":[{"href":"https:\/\/www.deberes.net\/tesis\/wp-json\/wp\/v2\/media?parent=26653"}],"wp:term":[{"taxonomy":"category","embeddable":true,"href":"https:\/\/www.deberes.net\/tesis\/wp-json\/wp\/v2\/categories?post=26653"},{"taxonomy":"post_tag","embeddable":true,"href":"https:\/\/www.deberes.net\/tesis\/wp-json\/wp\/v2\/tags?post=26653"}],"curies":[{"name":"wp","href":"https:\/\/api.w.org\/{rel}","templated":true}]}}