{"id":26662,"date":"2003-05-11T00:00:00","date_gmt":"2003-05-11T00:00:00","guid":{"rendered":"https:\/\/www.deberes.net\/tesis\/sin-categoria\/refugiados-juda%c2%ados-alemanes-en-uruguay-1933-1941\/"},"modified":"2003-05-11T00:00:00","modified_gmt":"2003-05-11T00:00:00","slug":"refugiados-juda%c2%ados-alemanes-en-uruguay-1933-1941","status":"publish","type":"post","link":"https:\/\/www.deberes.net\/tesis\/santiago-de-compostela\/refugiados-juda%c2%ados-alemanes-en-uruguay-1933-1941\/","title":{"rendered":"Refugiados jud\u00edos alemanes en uruguay 1933-1941"},"content":{"rendered":"<h2>Tesis doctoral de <strong>  Facal Santiago Ana Silvia <\/strong><\/h2>\n<p>Entre los a\u00f1os 1933 y 1941, uruguay se convirti\u00f3 en el refugio de casi 6000 jud\u00edos alemanes. La mayor\u00eda de ellos proced\u00edan de las capas medias y medias altas de la sociedad de origen y al llegar al uruguay, pa\u00eds, pr\u00e1cticamente desconocido para ellos, debieron enfrentarse al reto de la integraci\u00f3n y al de la construcci\u00f3n de nuevas identidades. Por todo esto, el proceso migratorio vivido por estos refugiados result\u00f3 m\u00e1s traum\u00e1tico que para los inmigrantes \u00abecon\u00f3micos\u00bb, pues estos llegaron al pa\u00eds de forma, se podr\u00eda decir, voluntaria. Para poder llevar adelante sus vidas, de las mejor manera posible, trataron de crear una vida comunitaria muy din\u00e1mica, a trav\u00e9s de la cual se mantuvo viva la cultura alemana de los tiempos de la rep\u00fablica de weimar.  a lo largo de esta tesis se trata, justamente el tema de la integrac\u00f3n y los posteriores cambios de identidad sufridos por estos refugiados jud\u00edos alemanes del siglo xx.<\/p>\n<p>&nbsp;<\/p>\n<h3>Datos acad\u00e9micos de la tesis doctoral \u00ab<strong>Refugiados jud\u00edos alemanes en uruguay 1933-1941<\/strong>\u00ab<\/h3>\n<ul>\n<li><strong>T\u00edtulo de la tesis:<\/strong>\u00a0 Refugiados jud\u00edos alemanes en uruguay 1933-1941 <\/li>\n<li><strong>Autor:<\/strong>\u00a0  Facal Santiago Ana Silvia <\/li>\n<li><strong>Universidad:<\/strong>\u00a0 Santiago de compostela<\/li>\n<li><strong>Fecha de lectura de la tesis:<\/strong>\u00a0 05\/11\/2003<\/li>\n<\/ul>\n<p>&nbsp;<\/p>\n<h3>Direcci\u00f3n y tribunal<\/h3>\n<ul>\n<li><strong>Director de la tesis<\/strong>\n<ul>\n<li>Pilar Cagiao Vila<\/li>\n<\/ul>\n<\/li>\n<li><strong>Tribunal<\/strong>\n<ul>\n<li>Presidente del tribunal: ramon Villares paz <\/li>\n<li> Gonz\u00e1lez mart\u00ednez elda evangelina (vocal)<\/li>\n<li>teresa Porzecanski (vocal)<\/li>\n<li>concepci\u00f3n Navarro azcue (vocal)<\/li>\n<\/ul>\n<\/li>\n<\/ul>\n<p>&nbsp;<\/p>\n","protected":false},"excerpt":{"rendered":"<p>Tesis doctoral de Facal Santiago Ana Silvia Entre los a\u00f1os 1933 y 1941, uruguay se convirti\u00f3 en el refugio de [&hellip;]<\/p>\n","protected":false},"author":1,"featured_media":0,"comment_status":"open","ping_status":"open","sticky":false,"template":"","format":"standard","meta":{"site-sidebar-layout":"default","site-content-layout":"","ast-site-content-layout":"","site-content-style":"default","site-sidebar-style":"default","ast-global-header-display":"","ast-banner-title-visibility":"","ast-main-header-display":"","ast-hfb-above-header-display":"","ast-hfb-below-header-display":"","ast-hfb-mobile-header-display":"","site-post-title":"","ast-breadcrumbs-content":"","ast-featured-img":"","footer-sml-layout":"","theme-transparent-header-meta":"","adv-header-id-meta":"","stick-header-meta":"","header-above-stick-meta":"","header-main-stick-meta":"","header-below-stick-meta":"","astra-migrate-meta-layouts":"default","ast-page-background-enabled":"default","ast-page-background-meta":{"desktop":{"background-color":"var(--ast-global-color-4)","background-image":"","background-repeat":"repeat","background-position":"center center","background-size":"auto","background-attachment":"scroll","background-type":"","background-media":"","overlay-type":"","overlay-color":"","overlay-gradient":""},"tablet":{"background-color":"","background-image":"","background-repeat":"repeat","background-position":"center center","background-size":"auto","background-attachment":"scroll","background-type":"","background-media":"","overlay-type":"","overlay-color":"","overlay-gradient":""},"mobile":{"background-color":"","background-image":"","background-repeat":"repeat","background-position":"center center","background-size":"auto","background-attachment":"scroll","background-type":"","background-media":"","overlay-type":"","overlay-color":"","overlay-gradient":""}},"ast-content-background-meta":{"desktop":{"background-color":"var(--ast-global-color-5)","background-image":"","background-repeat":"repeat","background-position":"center center","background-size":"auto","background-attachment":"scroll","background-type":"","background-media":"","overlay-type":"","overlay-color":"","overlay-gradient":""},"tablet":{"background-color":"var(--ast-global-color-5)","background-image":"","background-repeat":"repeat","background-position":"center center","background-size":"auto","background-attachment":"scroll","background-type":"","background-media":"","overlay-type":"","overlay-color":"","overlay-gradient":""},"mobile":{"background-color":"var(--ast-global-color-5)","background-image":"","background-repeat":"repeat","background-position":"center center","background-size":"auto","background-attachment":"scroll","background-type":"","background-media":"","overlay-type":"","overlay-color":"","overlay-gradient":""}},"footnotes":""},"categories":[977],"tags":[6903,77023,77024,37336,2911,77025],"class_list":["post-26662","post","type-post","status-publish","format-standard","hentry","category-santiago-de-compostela","tag-concepcion-navarro-azcue","tag-facal-santiago-ana-silvia","tag-gonzalez-Martinez-elda-evangelina","tag-pilar-cagiao-vila","tag-ramon-villares-paz","tag-teresa-porzecanski"],"_links":{"self":[{"href":"https:\/\/www.deberes.net\/tesis\/wp-json\/wp\/v2\/posts\/26662","targetHints":{"allow":["GET"]}}],"collection":[{"href":"https:\/\/www.deberes.net\/tesis\/wp-json\/wp\/v2\/posts"}],"about":[{"href":"https:\/\/www.deberes.net\/tesis\/wp-json\/wp\/v2\/types\/post"}],"author":[{"embeddable":true,"href":"https:\/\/www.deberes.net\/tesis\/wp-json\/wp\/v2\/users\/1"}],"replies":[{"embeddable":true,"href":"https:\/\/www.deberes.net\/tesis\/wp-json\/wp\/v2\/comments?post=26662"}],"version-history":[{"count":0,"href":"https:\/\/www.deberes.net\/tesis\/wp-json\/wp\/v2\/posts\/26662\/revisions"}],"wp:attachment":[{"href":"https:\/\/www.deberes.net\/tesis\/wp-json\/wp\/v2\/media?parent=26662"}],"wp:term":[{"taxonomy":"category","embeddable":true,"href":"https:\/\/www.deberes.net\/tesis\/wp-json\/wp\/v2\/categories?post=26662"},{"taxonomy":"post_tag","embeddable":true,"href":"https:\/\/www.deberes.net\/tesis\/wp-json\/wp\/v2\/tags?post=26662"}],"curies":[{"name":"wp","href":"https:\/\/api.w.org\/{rel}","templated":true}]}}