{"id":26672,"date":"2003-05-11T00:00:00","date_gmt":"2003-05-11T00:00:00","guid":{"rendered":"https:\/\/www.deberes.net\/tesis\/sin-categoria\/concepcion-juridico-politica-de-espana-en-marcelino-menendez-pelayo\/"},"modified":"2003-05-11T00:00:00","modified_gmt":"2003-05-11T00:00:00","slug":"concepcion-juridico-politica-de-espana-en-marcelino-menendez-pelayo","status":"publish","type":"post","link":"https:\/\/www.deberes.net\/tesis\/europea-de-madrid\/concepcion-juridico-politica-de-espana-en-marcelino-menendez-pelayo\/","title":{"rendered":"Concepcion juridico politica de espa\u00f1a en marcelino menendez pelayo"},"content":{"rendered":"<h2>Tesis doctoral de <strong>  Sanchez Rodriguez Eva M. <\/strong><\/h2>\n<p>En un primer cap\u00edtulo se repasa los antecedentes biogr\u00e1ficos e intelectuales de marcelino men\u00e9ndez pelayo; para pasar, a continuaci\u00f3n, a abordar los antecedentes pol\u00edticos de los a\u00f1os en que se desarroll\u00f3 su vida.  en el cap\u00edtulo tercero se repasa su actividad pol\u00edtica y sus ideas sobre la concepci\u00f3n jur\u00eddico-pol\u00edtica de espa\u00f1a; una concepci\u00f3n mon\u00e1rquica, cat\u00f3lica y unitaria, aunque respetuosa con las identidades particulares de las regiones.  finalmente, se estudia la influencia de la obra del autor c\u00e1ntabra en la revista acci\u00f3n espa\u00f1ola y los otros proyectos intelectuales,  arbor, verbbo y raz\u00f3n espa\u00f1ola.<\/p>\n<p>&nbsp;<\/p>\n<h3>Datos acad\u00e9micos de la tesis doctoral \u00ab<strong>Concepcion juridico politica de espa\u00f1a en marcelino menendez pelayo<\/strong>\u00ab<\/h3>\n<ul>\n<li><strong>T\u00edtulo de la tesis:<\/strong>\u00a0 Concepcion juridico politica de espa\u00f1a en marcelino menendez pelayo <\/li>\n<li><strong>Autor:<\/strong>\u00a0  Sanchez Rodriguez Eva M. <\/li>\n<li><strong>Universidad:<\/strong>\u00a0 Europea de Madrid<\/li>\n<li><strong>Fecha de lectura de la tesis:<\/strong>\u00a0 05\/11\/2003<\/li>\n<\/ul>\n<p>&nbsp;<\/p>\n<h3>Direcci\u00f3n y tribunal<\/h3>\n<ul>\n<li><strong>Director de la tesis<\/strong>\n<ul>\n<li>Jos\u00e9 D\u00edaz Nieva<\/li>\n<\/ul>\n<\/li>\n<li><strong>Tribunal<\/strong>\n<ul>\n<li>Presidente del tribunal: andres Gambra gutierrez <\/li>\n<li> Martinez sicluna y sepulveda consuelo (vocal)<\/li>\n<li>Miguel Ayuso torres (vocal)<\/li>\n<li>Jos\u00e9 Luis Orella mart\u00ednez (vocal)<\/li>\n<\/ul>\n<\/li>\n<\/ul>\n<p>&nbsp;<\/p>\n","protected":false},"excerpt":{"rendered":"<p>Tesis doctoral de Sanchez Rodriguez Eva M. En un primer cap\u00edtulo se repasa los antecedentes biogr\u00e1ficos e intelectuales de marcelino [&hellip;]<\/p>\n","protected":false},"author":1,"featured_media":0,"comment_status":"open","ping_status":"open","sticky":false,"template":"","format":"standard","meta":{"site-sidebar-layout":"default","site-content-layout":"","ast-site-content-layout":"","site-content-style":"default","site-sidebar-style":"default","ast-global-header-display":"","ast-banner-title-visibility":"","ast-main-header-display":"","ast-hfb-above-header-display":"","ast-hfb-below-header-display":"","ast-hfb-mobile-header-display":"","site-post-title":"","ast-breadcrumbs-content":"","ast-featured-img":"","footer-sml-layout":"","theme-transparent-header-meta":"","adv-header-id-meta":"","stick-header-meta":"","header-above-stick-meta":"","header-main-stick-meta":"","header-below-stick-meta":"","astra-migrate-meta-layouts":"default","ast-page-background-enabled":"default","ast-page-background-meta":{"desktop":{"background-color":"var(--ast-global-color-4)","background-image":"","background-repeat":"repeat","background-position":"center center","background-size":"auto","background-attachment":"scroll","background-type":"","background-media":"","overlay-type":"","overlay-color":"","overlay-gradient":""},"tablet":{"background-color":"","background-image":"","background-repeat":"repeat","background-position":"center center","background-size":"auto","background-attachment":"scroll","background-type":"","background-media":"","overlay-type":"","overlay-color":"","overlay-gradient":""},"mobile":{"background-color":"","background-image":"","background-repeat":"repeat","background-position":"center center","background-size":"auto","background-attachment":"scroll","background-type":"","background-media":"","overlay-type":"","overlay-color":"","overlay-gradient":""}},"ast-content-background-meta":{"desktop":{"background-color":"var(--ast-global-color-5)","background-image":"","background-repeat":"repeat","background-position":"center center","background-size":"auto","background-attachment":"scroll","background-type":"","background-media":"","overlay-type":"","overlay-color":"","overlay-gradient":""},"tablet":{"background-color":"var(--ast-global-color-5)","background-image":"","background-repeat":"repeat","background-position":"center center","background-size":"auto","background-attachment":"scroll","background-type":"","background-media":"","overlay-type":"","overlay-color":"","overlay-gradient":""},"mobile":{"background-color":"var(--ast-global-color-5)","background-image":"","background-repeat":"repeat","background-position":"center center","background-size":"auto","background-attachment":"scroll","background-type":"","background-media":"","overlay-type":"","overlay-color":"","overlay-gradient":""}},"footnotes":""},"categories":[51447],"tags":[54711,58608,31986,77049,77050,77048],"class_list":["post-26672","post","type-post","status-publish","format-standard","hentry","category-europea-de-madrid","tag-andres-gambra-gutierrez","tag-jose-diaz-nieva","tag-jose-luis-orella-Martinez","tag-Martinez-sicluna-y-sepulveda-consuelo","tag-miguel-ayuso-torres","tag-sanchez-rodriguez-eva-m"],"_links":{"self":[{"href":"https:\/\/www.deberes.net\/tesis\/wp-json\/wp\/v2\/posts\/26672","targetHints":{"allow":["GET"]}}],"collection":[{"href":"https:\/\/www.deberes.net\/tesis\/wp-json\/wp\/v2\/posts"}],"about":[{"href":"https:\/\/www.deberes.net\/tesis\/wp-json\/wp\/v2\/types\/post"}],"author":[{"embeddable":true,"href":"https:\/\/www.deberes.net\/tesis\/wp-json\/wp\/v2\/users\/1"}],"replies":[{"embeddable":true,"href":"https:\/\/www.deberes.net\/tesis\/wp-json\/wp\/v2\/comments?post=26672"}],"version-history":[{"count":0,"href":"https:\/\/www.deberes.net\/tesis\/wp-json\/wp\/v2\/posts\/26672\/revisions"}],"wp:attachment":[{"href":"https:\/\/www.deberes.net\/tesis\/wp-json\/wp\/v2\/media?parent=26672"}],"wp:term":[{"taxonomy":"category","embeddable":true,"href":"https:\/\/www.deberes.net\/tesis\/wp-json\/wp\/v2\/categories?post=26672"},{"taxonomy":"post_tag","embeddable":true,"href":"https:\/\/www.deberes.net\/tesis\/wp-json\/wp\/v2\/tags?post=26672"}],"curies":[{"name":"wp","href":"https:\/\/api.w.org\/{rel}","templated":true}]}}