{"id":2672,"date":"1994-01-01T00:00:00","date_gmt":"1994-01-01T00:00:00","guid":{"rendered":"https:\/\/www.deberes.net\/tesis\/1994\/01\/01\/las-politicas-ganaderas-de-la-union-europea-aplicacion-y-aplicabilidad-en-andalucia\/"},"modified":"1994-01-01T00:00:00","modified_gmt":"1994-01-01T00:00:00","slug":"las-politicas-ganaderas-de-la-union-europea-aplicacion-y-aplicabilidad-en-andalucia","status":"publish","type":"post","link":"https:\/\/www.deberes.net\/tesis\/ciencia-politica\/las-politicas-ganaderas-de-la-union-europea-aplicacion-y-aplicabilidad-en-andalucia\/","title":{"rendered":"Las politicas ganaderas de la union europea. aplicacion y aplicabilidad en andalucia"},"content":{"rendered":"<h2>Tesis doctoral de <strong> Rocio Silva Perez <\/strong><\/h2>\n<p>Una vez superados los primeros a\u00f1os de desconocimiento en la aplicacion de la pac, actualmente los programas europeos tienen una incidencia creciente en las decisiones, de todo tipo, que afectan a las explotaciones agrarias: reestructuracion, abandono, reorientacion de la produccion, etc. Tras comprobar esta realidad, esta tesis doctoral analiza los resultados de la aplicacion de los programas de la politica agraria europea en la ganaderia extensiva andaluza, y el grado de adecuacion de la legislacion comunitaria a las caracteristicas estructurales y productivas del sector en la region, que se ha venido en denominar en este trabajo \u00abcondiciones de aplicabilidad de las politicas agrarias\u00bb.  con ello se pretende profundizar en el conocimiento de estos programas, y evaluar sus deficiencias y potencialidades, de cara a conseguir una mejor aplicacion de los mismos en las areas en las que se asienta la ganaderia extensiva andaluza.<\/p>\n<p>&nbsp;<\/p>\n<h3>Datos acad\u00e9micos de la tesis doctoral \u00ab<strong>Las politicas ganaderas de la union europea. aplicacion y aplicabilidad en andalucia<\/strong>\u00ab<\/h3>\n<ul>\n<li><strong>T\u00edtulo de la tesis:<\/strong>\u00a0 Las politicas ganaderas de la union europea. aplicacion y aplicabilidad en andalucia <\/li>\n<li><strong>Autor:<\/strong>\u00a0 Rocio Silva Perez <\/li>\n<li><strong>Universidad:<\/strong>\u00a0 Sevilla<\/li>\n<li><strong>Fecha de lectura de la tesis:<\/strong>\u00a0 01\/01\/1994<\/li>\n<\/ul>\n<p>&nbsp;<\/p>\n<h3>Direcci\u00f3n y tribunal<\/h3>\n<ul>\n<li><strong>Director de la tesis<\/strong>\n<ul>\n<li>Josefina Cruz Villal\u00f3n<\/li>\n<\/ul>\n<\/li>\n<li><strong>Tribunal<\/strong>\n<ul>\n<li>Presidente del tribunal: Bartolom\u00e9 Valle Buenestado <\/li>\n<li>Juan  Francisco Ojeda Rivera (vocal)<\/li>\n<li> Perez Iglesias Mar\u00eda  Luisa (vocal)<\/li>\n<li>Ferm\u00edn Rodr\u00edguez Guti\u00e9rrez (vocal)<\/li>\n<\/ul>\n<\/li>\n<\/ul>\n<p>&nbsp;<\/p>\n","protected":false},"excerpt":{"rendered":"<p>Tesis doctoral de Rocio Silva Perez Una vez superados los primeros a\u00f1os de desconocimiento en la aplicacion de la pac, [&hellip;]<\/p>\n","protected":false},"author":1,"featured_media":0,"comment_status":"open","ping_status":"open","sticky":false,"template":"","format":"standard","meta":{"site-sidebar-layout":"default","site-content-layout":"","ast-site-content-layout":"","site-content-style":"default","site-sidebar-style":"default","ast-global-header-display":"","ast-banner-title-visibility":"","ast-main-header-display":"","ast-hfb-above-header-display":"","ast-hfb-below-header-display":"","ast-hfb-mobile-header-display":"","site-post-title":"","ast-breadcrumbs-content":"","ast-featured-img":"","footer-sml-layout":"","theme-transparent-header-meta":"","adv-header-id-meta":"","stick-header-meta":"","header-above-stick-meta":"","header-main-stick-meta":"","header-below-stick-meta":"","astra-migrate-meta-layouts":"default","ast-page-background-enabled":"default","ast-page-background-meta":{"desktop":{"background-color":"var(--ast-global-color-4)","background-image":"","background-repeat":"repeat","background-position":"center center","background-size":"auto","background-attachment":"scroll","background-type":"","background-media":"","overlay-type":"","overlay-color":"","overlay-gradient":""},"tablet":{"background-color":"","background-image":"","background-repeat":"repeat","background-position":"center center","background-size":"auto","background-attachment":"scroll","background-type":"","background-media":"","overlay-type":"","overlay-color":"","overlay-gradient":""},"mobile":{"background-color":"","background-image":"","background-repeat":"repeat","background-position":"center center","background-size":"auto","background-attachment":"scroll","background-type":"","background-media":"","overlay-type":"","overlay-color":"","overlay-gradient":""}},"ast-content-background-meta":{"desktop":{"background-color":"var(--ast-global-color-5)","background-image":"","background-repeat":"repeat","background-position":"center center","background-size":"auto","background-attachment":"scroll","background-type":"","background-media":"","overlay-type":"","overlay-color":"","overlay-gradient":""},"tablet":{"background-color":"var(--ast-global-color-5)","background-image":"","background-repeat":"repeat","background-position":"center center","background-size":"auto","background-attachment":"scroll","background-type":"","background-media":"","overlay-type":"","overlay-color":"","overlay-gradient":""},"mobile":{"background-color":"var(--ast-global-color-5)","background-image":"","background-repeat":"repeat","background-position":"center center","background-size":"auto","background-attachment":"scroll","background-type":"","background-media":"","overlay-type":"","overlay-color":"","overlay-gradient":""}},"footnotes":""},"categories":[838,1399,3090,11298,11297,839,10715],"tags":[11300,11303,6634,11301,11302,11299],"class_list":["post-2672","post","type-post","status-publish","format-standard","hentry","category-ciencia-politica","category-geografia","category-geografia-regional","category-geografia-rural","category-politica-agricola","category-politicas-sectoriales","category-sevilla","tag-bartolome-valle-buenestado","tag-fermin-rodriguez-gutierrez","tag-josefina-cruz-villalon","tag-juan-francisco-ojeda-rivera","tag-perez-iglesias-maria-luisa","tag-rocio-silva-perez"],"_links":{"self":[{"href":"https:\/\/www.deberes.net\/tesis\/wp-json\/wp\/v2\/posts\/2672","targetHints":{"allow":["GET"]}}],"collection":[{"href":"https:\/\/www.deberes.net\/tesis\/wp-json\/wp\/v2\/posts"}],"about":[{"href":"https:\/\/www.deberes.net\/tesis\/wp-json\/wp\/v2\/types\/post"}],"author":[{"embeddable":true,"href":"https:\/\/www.deberes.net\/tesis\/wp-json\/wp\/v2\/users\/1"}],"replies":[{"embeddable":true,"href":"https:\/\/www.deberes.net\/tesis\/wp-json\/wp\/v2\/comments?post=2672"}],"version-history":[{"count":0,"href":"https:\/\/www.deberes.net\/tesis\/wp-json\/wp\/v2\/posts\/2672\/revisions"}],"wp:attachment":[{"href":"https:\/\/www.deberes.net\/tesis\/wp-json\/wp\/v2\/media?parent=2672"}],"wp:term":[{"taxonomy":"category","embeddable":true,"href":"https:\/\/www.deberes.net\/tesis\/wp-json\/wp\/v2\/categories?post=2672"},{"taxonomy":"post_tag","embeddable":true,"href":"https:\/\/www.deberes.net\/tesis\/wp-json\/wp\/v2\/tags?post=2672"}],"curies":[{"name":"wp","href":"https:\/\/api.w.org\/{rel}","templated":true}]}}