{"id":26785,"date":"2003-12-11T00:00:00","date_gmt":"2003-12-11T00:00:00","guid":{"rendered":"https:\/\/www.deberes.net\/tesis\/sin-categoria\/la-inclusion-progresiva-de-las-personas-con-discapacidad-intelectual-en-el-mundo-laboral-1902-2003\/"},"modified":"2003-12-11T00:00:00","modified_gmt":"2003-12-11T00:00:00","slug":"la-inclusion-progresiva-de-las-personas-con-discapacidad-intelectual-en-el-mundo-laboral-1902-2003","status":"publish","type":"post","link":"https:\/\/www.deberes.net\/tesis\/sin-categoria\/la-inclusion-progresiva-de-las-personas-con-discapacidad-intelectual-en-el-mundo-laboral-1902-2003\/","title":{"rendered":"La inclusi\u00f3n progresiva de las personas con discapacidad intelectual en el mundo laboral (1902-2003)"},"content":{"rendered":"<h2>Tesis doctoral de <strong> Nuria Villa Fern\u00e1ndez <\/strong><\/h2>\n<p>La investigaci\u00f3n se ocupa de la inclusi\u00f3n progresiva de las personas con discapacidad intelectual en el mundo laboral. El marco temporal de las misma se sit\u00faa desde comienzos del siglo xx hasta el a\u00f1o 2003, declarado a\u00f1o europeo de las personas con discapacidad.  el objetivo general consiste en conocer y valorar la evoluci\u00f3n y progresivo avance conceptual, normativo-legal, socio-educativo y laboral de estos aspectos relativos a las personas con discapacidad intelectual en espa\u00f1a y su concreci\u00f3n en la capital.  el estudio consta de tres partes distribuidas en siete cap\u00edtulos. La primera incluye tres cap\u00edtulos en los que se describen la fundamentaci\u00f3n te\u00f3rica del mismo, los precedentes y las acciones m\u00e1s significativas en la integraci\u00f3n laboral de estas personas y la situaci\u00f3n actual de las mismas en espa\u00f1a. el segundo bloque consta de dos cap\u00edtulos, donde se aborda el marco legal y las pol\u00edticas p\u00fablicas encaminadas a la inserci\u00f3n laboral de las personas con discapacidad intelectual mediante un acercamiento a la normativa internacional, europea y nacional, as\u00ed como los principales agentes que intervienen en el proceso de integraci\u00f3n laboral.  el tercer apartado engloba tambi\u00e9n dos cap\u00edtulos que plantean la vida laboral de las personas con discapacidad intelectual en espa\u00f1a, tras aportar la realidad cualitativa seg\u00fan los \u00faltimos datos disponibles, analizamos las alternativas, los diversos itinerarios en el proceso inclusi\u00f3n laboral. finalizamos las alternativas, los diversos itinerarios en el proceso inclusi\u00f3n laboral. Finalizamos la investigaci\u00f3n con un amplio cap\u00edtulo dedicado a la situaci\u00f3n sociolaboral de las personas con discapacidad intelectual en la comunidad de Madrid.  desde todas estas vertientes se\u00f1aladas se constata que el empleo es un recurso clave para la participaci\u00f3n y el bienestar del individuo en la vida social. La panor\u00e1mica actual de las personas con discapacidad intelectual, no se<\/p>\n<p>&nbsp;<\/p>\n<h3>Datos acad\u00e9micos de la tesis doctoral \u00ab<strong>La inclusi\u00f3n progresiva de las personas con discapacidad intelectual en el mundo laboral (1902-2003)<\/strong>\u00ab<\/h3>\n<ul>\n<li><strong>T\u00edtulo de la tesis:<\/strong>\u00a0 La inclusi\u00f3n progresiva de las personas con discapacidad intelectual en el mundo laboral (1902-2003) <\/li>\n<li><strong>Autor:<\/strong>\u00a0 Nuria Villa Fern\u00e1ndez <\/li>\n<li><strong>Universidad:<\/strong>\u00a0 Complutense de Madrid<\/li>\n<li><strong>Fecha de lectura de la tesis:<\/strong>\u00a0 12\/11\/2003<\/li>\n<\/ul>\n<p>&nbsp;<\/p>\n<h3>Direcci\u00f3n y tribunal<\/h3>\n<ul>\n<li><strong>Director de la tesis<\/strong>\n<ul>\n<li> Valle L\u00f3pez \u00e1ngela Del<\/li>\n<\/ul>\n<\/li>\n<li><strong>Tribunal<\/strong>\n<ul>\n<li>Presidente del tribunal: Jos\u00e9 vicente Merino fernandez <\/li>\n<li>gloria Perez serrano (vocal)<\/li>\n<li>pilar Gutiez cuevas (vocal)<\/li>\n<li>conrad Vilanou torrado (vocal)<\/li>\n<\/ul>\n<\/li>\n<\/ul>\n<p>&nbsp;<\/p>\n","protected":false},"excerpt":{"rendered":"<p>Tesis doctoral de Nuria Villa Fern\u00e1ndez La investigaci\u00f3n se ocupa de la inclusi\u00f3n progresiva de las personas con discapacidad intelectual [&hellip;]<\/p>\n","protected":false},"author":1,"featured_media":0,"comment_status":"open","ping_status":"open","sticky":false,"template":"","format":"standard","meta":{"site-sidebar-layout":"default","site-content-layout":"","ast-site-content-layout":"","site-content-style":"default","site-sidebar-style":"default","ast-global-header-display":"","ast-banner-title-visibility":"","ast-main-header-display":"","ast-hfb-above-header-display":"","ast-hfb-below-header-display":"","ast-hfb-mobile-header-display":"","site-post-title":"","ast-breadcrumbs-content":"","ast-featured-img":"","footer-sml-layout":"","theme-transparent-header-meta":"","adv-header-id-meta":"","stick-header-meta":"","header-above-stick-meta":"","header-main-stick-meta":"","header-below-stick-meta":"","astra-migrate-meta-layouts":"default","ast-page-background-enabled":"default","ast-page-background-meta":{"desktop":{"background-color":"var(--ast-global-color-4)","background-image":"","background-repeat":"repeat","background-position":"center center","background-size":"auto","background-attachment":"scroll","background-type":"","background-media":"","overlay-type":"","overlay-color":"","overlay-gradient":""},"tablet":{"background-color":"","background-image":"","background-repeat":"repeat","background-position":"center center","background-size":"auto","background-attachment":"scroll","background-type":"","background-media":"","overlay-type":"","overlay-color":"","overlay-gradient":""},"mobile":{"background-color":"","background-image":"","background-repeat":"repeat","background-position":"center center","background-size":"auto","background-attachment":"scroll","background-type":"","background-media":"","overlay-type":"","overlay-color":"","overlay-gradient":""}},"ast-content-background-meta":{"desktop":{"background-color":"var(--ast-global-color-5)","background-image":"","background-repeat":"repeat","background-position":"center center","background-size":"auto","background-attachment":"scroll","background-type":"","background-media":"","overlay-type":"","overlay-color":"","overlay-gradient":""},"tablet":{"background-color":"var(--ast-global-color-5)","background-image":"","background-repeat":"repeat","background-position":"center center","background-size":"auto","background-attachment":"scroll","background-type":"","background-media":"","overlay-type":"","overlay-color":"","overlay-gradient":""},"mobile":{"background-color":"var(--ast-global-color-5)","background-image":"","background-repeat":"repeat","background-position":"center center","background-size":"auto","background-attachment":"scroll","background-type":"","background-media":"","overlay-type":"","overlay-color":"","overlay-gradient":""}},"footnotes":""},"categories":[1],"tags":[19817,2628,5842,77299,6262,22781],"class_list":["post-26785","post","type-post","status-publish","format-standard","hentry","category-sin-categoria","tag-conrad-vilanou-torrado","tag-gloria-perez-serrano","tag-jose-vicente-merino-fernandez","tag-nuria-villa-fernandez","tag-pilar-gutiez-cuevas","tag-valle-lopez-angela-del"],"_links":{"self":[{"href":"https:\/\/www.deberes.net\/tesis\/wp-json\/wp\/v2\/posts\/26785","targetHints":{"allow":["GET"]}}],"collection":[{"href":"https:\/\/www.deberes.net\/tesis\/wp-json\/wp\/v2\/posts"}],"about":[{"href":"https:\/\/www.deberes.net\/tesis\/wp-json\/wp\/v2\/types\/post"}],"author":[{"embeddable":true,"href":"https:\/\/www.deberes.net\/tesis\/wp-json\/wp\/v2\/users\/1"}],"replies":[{"embeddable":true,"href":"https:\/\/www.deberes.net\/tesis\/wp-json\/wp\/v2\/comments?post=26785"}],"version-history":[{"count":0,"href":"https:\/\/www.deberes.net\/tesis\/wp-json\/wp\/v2\/posts\/26785\/revisions"}],"wp:attachment":[{"href":"https:\/\/www.deberes.net\/tesis\/wp-json\/wp\/v2\/media?parent=26785"}],"wp:term":[{"taxonomy":"category","embeddable":true,"href":"https:\/\/www.deberes.net\/tesis\/wp-json\/wp\/v2\/categories?post=26785"},{"taxonomy":"post_tag","embeddable":true,"href":"https:\/\/www.deberes.net\/tesis\/wp-json\/wp\/v2\/tags?post=26785"}],"curies":[{"name":"wp","href":"https:\/\/api.w.org\/{rel}","templated":true}]}}