{"id":26829,"date":"2018-03-09T09:18:49","date_gmt":"2018-03-09T09:18:49","guid":{"rendered":"https:\/\/www.deberes.net\/tesis\/sin-categoria\/analisis-grafico-y-sociolinga%c2%bca%c2%adstico-de-textos-perioda%c2%adsticos-sevillanos\/"},"modified":"2018-03-09T09:18:49","modified_gmt":"2018-03-09T09:18:49","slug":"analisis-grafico-y-sociolinga%c2%bca%c2%adstico-de-textos-perioda%c2%adsticos-sevillanos","status":"publish","type":"post","link":"https:\/\/www.deberes.net\/tesis\/sevilla\/analisis-grafico-y-sociolinga%c2%bca%c2%adstico-de-textos-perioda%c2%adsticos-sevillanos\/","title":{"rendered":"An\u00e1lisis gr\u00e1fico y sociolingu\u00edstico de textos period\u00edsticos sevillanos"},"content":{"rendered":"<h2>Tesis doctoral de <strong> Mar\u00eda  Granada Acedo Camara <\/strong><\/h2>\n<p>Con el an\u00e1lisis de los textos period\u00edsticos sevillanos de los siglos xvii al xix, y con mayor profundidad sobre este ultimo, pretendemos contribuir al estadio y a la valoraci\u00f3n de la modalidad ling\u00ed\u00bc\u00edstica andaluza, mediante la investigaci\u00f3n de aspectos gr\u00e1ficos-f\u00f3nicos y socioling\u00ed\u00bc\u00edsticos. De este modo, se ofrece el trabajo como una aut\u00e9ntica prueba documental de la escritura del andaluz, a lo largo de tres siglos de nuestra historia.  si este objetivo de car\u00e1cter fon\u00e9tico-fonol\u00f3gico, requiere un estudio ling\u00ed\u00bc\u00edstico, no de menor importancia ser\u00e1 el an\u00e1lisis socioling\u00ed\u00bc\u00edsticos, para analizar el grado de aceptaci\u00f3n social y de prestigio de nuestra modalidad en estos siglos.<\/p>\n<p>&nbsp;<\/p>\n<h3>Datos acad\u00e9micos de la tesis doctoral \u00ab<strong>An\u00e1lisis gr\u00e1fico y sociolingu\u00edstico de textos period\u00edsticos sevillanos<\/strong>\u00ab<\/h3>\n<ul>\n<li><strong>T\u00edtulo de la tesis:<\/strong>\u00a0 An\u00e1lisis gr\u00e1fico y sociolingu\u00edstico de textos period\u00edsticos sevillanos <\/li>\n<li><strong>Autor:<\/strong>\u00a0 Mar\u00eda  Granada Acedo Camara <\/li>\n<li><strong>Universidad:<\/strong>\u00a0 Sevilla<\/li>\n<li><strong>Fecha de lectura de la tesis:<\/strong>\u00a0 14\/11\/2003<\/li>\n<\/ul>\n<p>&nbsp;<\/p>\n<h3>Direcci\u00f3n y tribunal<\/h3>\n<ul>\n<li><strong>Director de la tesis<\/strong>\n<ul>\n<li>Miguel Ropero Nu\u00f1ez<\/li>\n<\/ul>\n<\/li>\n<li><strong>Tribunal<\/strong>\n<ul>\n<li>Presidente del tribunal: vidal Lam\u00edquiz ib\u00e1\u00f1ez <\/li>\n<li>Manuel Ariza viguera (vocal)<\/li>\n<li>rogelio Reyes cano (vocal)<\/li>\n<li>pedro Carbonero cano (vocal)<\/li>\n<\/ul>\n<\/li>\n<\/ul>\n<p>&nbsp;<\/p>\n","protected":false},"excerpt":{"rendered":"<p>Tesis doctoral de Mar\u00eda Granada Acedo Camara Con el an\u00e1lisis de los textos period\u00edsticos sevillanos de los siglos xvii al [&hellip;]<\/p>\n","protected":false},"author":1,"featured_media":0,"comment_status":"open","ping_status":"open","sticky":false,"template":"","format":"standard","meta":{"site-sidebar-layout":"default","site-content-layout":"","ast-site-content-layout":"","site-content-style":"default","site-sidebar-style":"default","ast-global-header-display":"","ast-banner-title-visibility":"","ast-main-header-display":"","ast-hfb-above-header-display":"","ast-hfb-below-header-display":"","ast-hfb-mobile-header-display":"","site-post-title":"","ast-breadcrumbs-content":"","ast-featured-img":"","footer-sml-layout":"","theme-transparent-header-meta":"","adv-header-id-meta":"","stick-header-meta":"","header-above-stick-meta":"","header-main-stick-meta":"","header-below-stick-meta":"","astra-migrate-meta-layouts":"default","ast-page-background-enabled":"default","ast-page-background-meta":{"desktop":{"background-color":"var(--ast-global-color-4)","background-image":"","background-repeat":"repeat","background-position":"center center","background-size":"auto","background-attachment":"scroll","background-type":"","background-media":"","overlay-type":"","overlay-color":"","overlay-gradient":""},"tablet":{"background-color":"","background-image":"","background-repeat":"repeat","background-position":"center center","background-size":"auto","background-attachment":"scroll","background-type":"","background-media":"","overlay-type":"","overlay-color":"","overlay-gradient":""},"mobile":{"background-color":"","background-image":"","background-repeat":"repeat","background-position":"center center","background-size":"auto","background-attachment":"scroll","background-type":"","background-media":"","overlay-type":"","overlay-color":"","overlay-gradient":""}},"ast-content-background-meta":{"desktop":{"background-color":"var(--ast-global-color-5)","background-image":"","background-repeat":"repeat","background-position":"center center","background-size":"auto","background-attachment":"scroll","background-type":"","background-media":"","overlay-type":"","overlay-color":"","overlay-gradient":""},"tablet":{"background-color":"var(--ast-global-color-5)","background-image":"","background-repeat":"repeat","background-position":"center center","background-size":"auto","background-attachment":"scroll","background-type":"","background-media":"","overlay-type":"","overlay-color":"","overlay-gradient":""},"mobile":{"background-color":"var(--ast-global-color-5)","background-image":"","background-repeat":"repeat","background-position":"center center","background-size":"auto","background-attachment":"scroll","background-type":"","background-media":"","overlay-type":"","overlay-color":"","overlay-gradient":""}},"footnotes":""},"categories":[10715],"tags":[7909,77387,7990,7991,10868,17103],"class_list":["post-26829","post","type-post","status-publish","format-standard","hentry","category-sevilla","tag-manuel-ariza-viguera","tag-maria-granada-acedo-camara","tag-miguel-ropero-nunez","tag-pedro-carbonero-cano","tag-rogelio-reyes-cano","tag-vidal-lamiquiz-ibanez"],"_links":{"self":[{"href":"https:\/\/www.deberes.net\/tesis\/wp-json\/wp\/v2\/posts\/26829","targetHints":{"allow":["GET"]}}],"collection":[{"href":"https:\/\/www.deberes.net\/tesis\/wp-json\/wp\/v2\/posts"}],"about":[{"href":"https:\/\/www.deberes.net\/tesis\/wp-json\/wp\/v2\/types\/post"}],"author":[{"embeddable":true,"href":"https:\/\/www.deberes.net\/tesis\/wp-json\/wp\/v2\/users\/1"}],"replies":[{"embeddable":true,"href":"https:\/\/www.deberes.net\/tesis\/wp-json\/wp\/v2\/comments?post=26829"}],"version-history":[{"count":0,"href":"https:\/\/www.deberes.net\/tesis\/wp-json\/wp\/v2\/posts\/26829\/revisions"}],"wp:attachment":[{"href":"https:\/\/www.deberes.net\/tesis\/wp-json\/wp\/v2\/media?parent=26829"}],"wp:term":[{"taxonomy":"category","embeddable":true,"href":"https:\/\/www.deberes.net\/tesis\/wp-json\/wp\/v2\/categories?post=26829"},{"taxonomy":"post_tag","embeddable":true,"href":"https:\/\/www.deberes.net\/tesis\/wp-json\/wp\/v2\/tags?post=26829"}],"curies":[{"name":"wp","href":"https:\/\/api.w.org\/{rel}","templated":true}]}}