{"id":26833,"date":"2018-03-09T09:18:49","date_gmt":"2018-03-09T09:18:49","guid":{"rendered":"https:\/\/www.deberes.net\/tesis\/sin-categoria\/rehabilitacion-y-fisioterapia-en-la-artropata%c2%ada-hemofa%c2%adlica\/"},"modified":"2018-03-09T09:18:49","modified_gmt":"2018-03-09T09:18:49","slug":"rehabilitacion-y-fisioterapia-en-la-artropata%c2%ada-hemofa%c2%adlica","status":"publish","type":"post","link":"https:\/\/www.deberes.net\/tesis\/sin-categoria\/rehabilitacion-y-fisioterapia-en-la-artropata%c2%ada-hemofa%c2%adlica\/","title":{"rendered":"Rehabilitaci\u00f3n y fisioterapia en la artropat\u00edahemof\u00edlica"},"content":{"rendered":"<h2>Tesis doctoral de <strong> Felipe Querol Fuentes <\/strong><\/h2>\n<p>Las hemofilias a y b son enfermedades gen\u00e9ticas de car\u00e1cter recesivo ligadas al cromosoma x que se expresan con trastornos hemorr\u00e1gicos de localizaci\u00f3n preferente en el sistema musculoesquel\u00e9tico. Su evoluci\u00f3n da lugar a la artropat\u00eda hemof\u00edlica y su tratamiento implica terapia sustitutiva de factores viii (hemofilia a) y ix (hemofilia b) adem\u00e1s de rehabilitaci\u00f3n y fisioterapia.  el censo de hemof\u00edlicos de la comunidad Valenciana, en el a\u00f1o 2001, era de 262 pacientes hemof\u00edlicos, los datos generales se comparan con la poblaci\u00f3n normal. Se estudian los datos cl\u00ednico-generales, ortop\u00e9dico-rehabilitadores y radiol\u00f3gicos de 208 pacientes, 68 graves, 44 moderados y 96 leves; 195 hemofilia a y 13 hemogilia b. Se recogen los datos de las hemartrosis desde 1991 a 2001 (5.667 episodios) y los datos observacionales del a\u00f1o 2001: 725 visitas con requerimientos de rehabilitaci\u00f3n y fisioterapia; 1014 hemorragias, 894 musculoesquel\u00e9ticas y 120 en otras localizaciones. Para valorar la artropat\u00eda hemof\u00edlica de cada una de las seis articulaciones: codos, rodillas y tobillos, se estudian las caracter\u00edsticas de los episodios hemorr\u00e1gicos, incidencia, localizaci\u00f3n, tratamiento hematol\u00f3gico-rehabilitador y la valoraci\u00f3n cl\u00ednica (146 exploraciones completas, \u00ab\u00bbscore de gilbert) y radiol\u00f3gica (145 valoraciones proyecciones frente y perfil de radiolog\u00eda convencional, \u00ab\u00bbscore de pettersson\u00bb\u00bb). El 100% de los pacientes eran tratados con 20 ui\/kg\/peso de factores viii\/ix en la modalidad de \u00ab\u00bbprofilaxis\u00bb\u00bb (administraci\u00f3n preventiva tres veces por semanas) o \u00ab\u00bba demanda\u00bb\u00bb (aplicaic\u00f3n de la terapia tan s\u00f3lo en los problemas agudos). Los 25 pacientes graves en profilaxis sufrieron 152 hemorragias frente a los 529 episodios de los 43 pacientes \u00ab\u00bba demanda\u00bb\u00bb. los hemof\u00edlicos moderados sufrieron 167 episodios y los leves 46. El protocolo de rehabilitaci\u00f3n inclu\u00eda un programa de fisioterapia para la condici\u00f3n f\u00edsica y una pauta de cinesiterapia y<\/p>\n<p>&nbsp;<\/p>\n<h3>Datos acad\u00e9micos de la tesis doctoral \u00ab<strong>Rehabilitaci\u00f3n y fisioterapia en la artropat\u00edahemof\u00edlica<\/strong>\u00ab<\/h3>\n<ul>\n<li><strong>T\u00edtulo de la tesis:<\/strong>\u00a0 Rehabilitaci\u00f3n y fisioterapia en la artropat\u00edahemof\u00edlica <\/li>\n<li><strong>Autor:<\/strong>\u00a0 Felipe Querol Fuentes <\/li>\n<li><strong>Universidad:<\/strong>\u00a0 Universitat de val\u00e9ncia (estudi general)<\/li>\n<li><strong>Fecha de lectura de la tesis:<\/strong>\u00a0 14\/11\/2003<\/li>\n<\/ul>\n<p>&nbsp;<\/p>\n<h3>Direcci\u00f3n y tribunal<\/h3>\n<ul>\n<li><strong>Director de la tesis<\/strong>\n<ul>\n<li>Argimiro Rodriguez Jerez<\/li>\n<\/ul>\n<\/li>\n<li><strong>Tribunal<\/strong>\n<ul>\n<li>Presidente del tribunal: Antonio Alberola aguilar <\/li>\n<li>marcos Maynar mari\u00f1o (vocal)<\/li>\n<li> Gallach lazcorreta Jos\u00e9 enrique (vocal)<\/li>\n<li>Mar\u00eda dolores Torres asensio (vocal)<\/li>\n<\/ul>\n<\/li>\n<\/ul>\n<p>&nbsp;<\/p>\n","protected":false},"excerpt":{"rendered":"<p>Tesis doctoral de Felipe Querol Fuentes Las hemofilias a y b son enfermedades gen\u00e9ticas de car\u00e1cter recesivo ligadas al cromosoma [&hellip;]<\/p>\n","protected":false},"author":1,"featured_media":0,"comment_status":"open","ping_status":"open","sticky":false,"template":"","format":"standard","meta":{"site-sidebar-layout":"default","site-content-layout":"","ast-site-content-layout":"","site-content-style":"default","site-sidebar-style":"default","ast-global-header-display":"","ast-banner-title-visibility":"","ast-main-header-display":"","ast-hfb-above-header-display":"","ast-hfb-below-header-display":"","ast-hfb-mobile-header-display":"","site-post-title":"","ast-breadcrumbs-content":"","ast-featured-img":"","footer-sml-layout":"","theme-transparent-header-meta":"","adv-header-id-meta":"","stick-header-meta":"","header-above-stick-meta":"","header-main-stick-meta":"","header-below-stick-meta":"","astra-migrate-meta-layouts":"default","ast-page-background-enabled":"default","ast-page-background-meta":{"desktop":{"background-color":"var(--ast-global-color-4)","background-image":"","background-repeat":"repeat","background-position":"center center","background-size":"auto","background-attachment":"scroll","background-type":"","background-media":"","overlay-type":"","overlay-color":"","overlay-gradient":""},"tablet":{"background-color":"","background-image":"","background-repeat":"repeat","background-position":"center center","background-size":"auto","background-attachment":"scroll","background-type":"","background-media":"","overlay-type":"","overlay-color":"","overlay-gradient":""},"mobile":{"background-color":"","background-image":"","background-repeat":"repeat","background-position":"center center","background-size":"auto","background-attachment":"scroll","background-type":"","background-media":"","overlay-type":"","overlay-color":"","overlay-gradient":""}},"ast-content-background-meta":{"desktop":{"background-color":"var(--ast-global-color-5)","background-image":"","background-repeat":"repeat","background-position":"center center","background-size":"auto","background-attachment":"scroll","background-type":"","background-media":"","overlay-type":"","overlay-color":"","overlay-gradient":""},"tablet":{"background-color":"var(--ast-global-color-5)","background-image":"","background-repeat":"repeat","background-position":"center center","background-size":"auto","background-attachment":"scroll","background-type":"","background-media":"","overlay-type":"","overlay-color":"","overlay-gradient":""},"mobile":{"background-color":"var(--ast-global-color-5)","background-image":"","background-repeat":"repeat","background-position":"center center","background-size":"auto","background-attachment":"scroll","background-type":"","background-media":"","overlay-type":"","overlay-color":"","overlay-gradient":""}},"footnotes":""},"categories":[1],"tags":[8288,2140,77394,50981,7319,19567],"class_list":["post-26833","post","type-post","status-publish","format-standard","hentry","category-sin-categoria","tag-antonio-alberola-aguilar","tag-argimiro-rodriguez-jerez","tag-felipe-querol-fuentes","tag-gallach-lazcorreta-jose-enrique","tag-marcos-maynar-marino","tag-maria-dolores-torres-asensio"],"_links":{"self":[{"href":"https:\/\/www.deberes.net\/tesis\/wp-json\/wp\/v2\/posts\/26833","targetHints":{"allow":["GET"]}}],"collection":[{"href":"https:\/\/www.deberes.net\/tesis\/wp-json\/wp\/v2\/posts"}],"about":[{"href":"https:\/\/www.deberes.net\/tesis\/wp-json\/wp\/v2\/types\/post"}],"author":[{"embeddable":true,"href":"https:\/\/www.deberes.net\/tesis\/wp-json\/wp\/v2\/users\/1"}],"replies":[{"embeddable":true,"href":"https:\/\/www.deberes.net\/tesis\/wp-json\/wp\/v2\/comments?post=26833"}],"version-history":[{"count":0,"href":"https:\/\/www.deberes.net\/tesis\/wp-json\/wp\/v2\/posts\/26833\/revisions"}],"wp:attachment":[{"href":"https:\/\/www.deberes.net\/tesis\/wp-json\/wp\/v2\/media?parent=26833"}],"wp:term":[{"taxonomy":"category","embeddable":true,"href":"https:\/\/www.deberes.net\/tesis\/wp-json\/wp\/v2\/categories?post=26833"},{"taxonomy":"post_tag","embeddable":true,"href":"https:\/\/www.deberes.net\/tesis\/wp-json\/wp\/v2\/tags?post=26833"}],"curies":[{"name":"wp","href":"https:\/\/api.w.org\/{rel}","templated":true}]}}