{"id":26888,"date":"2018-03-09T09:18:55","date_gmt":"2018-03-09T09:18:55","guid":{"rendered":"https:\/\/www.deberes.net\/tesis\/sin-categoria\/metaforas-en-la-traduccion-funcionalista\/"},"modified":"2018-03-09T09:18:55","modified_gmt":"2018-03-09T09:18:55","slug":"metaforas-en-la-traduccion-funcionalista","status":"publish","type":"post","link":"https:\/\/www.deberes.net\/tesis\/palmas-de-gran-canaria\/metaforas-en-la-traduccion-funcionalista\/","title":{"rendered":"Met\u00e1foras en la traducci\u00f3n funcionalista."},"content":{"rendered":"<h2>Tesis doctoral de <strong> Celia Mart\u00edn De Le\u00f3n <\/strong><\/h2>\n<p>El objetivo del presente trabajo es estudiar los presupuestos te\u00f3ricos y epistemol\u00f3gicos impl\u00edcitos en los discursos traductol\u00f3gicos del funcionalismo alem\u00e1n mediante el an\u00e1lisis de las met\u00e1foras conceptuales que estructuran estos discursos. El punto de partida te\u00f3rico y metodol\u00f3gico para la realizaci\u00f3n de este an\u00e1lisis es la teor\u00eda cognitiva de la met\u00e1fora  desarrollada por lakoff-johnson (1980). El estudio de las met\u00e1foras conceptuales que estructuran el funcionalismo alem\u00e1n se centra en dos de las obras que en la d\u00e9cada de 1980 establecieron las bases te\u00f3ricas de este enfoque: grundelgung einer allgemeinen translationstheorie (reib-bermeer [1984] 1991) y translatorisches handeln. Theorie und methode (holz-m\u00ed\u00a4ntt\u00e1ri 1984). En general, se considera que en estas obras se recogen de forma expl\u00edcita los fundamentos te\u00f3ricos de la traductolog\u00eda funcionalista.  de acuerdo con el marco metodol\u00f3gico de la teor\u00eda cognitiva de la met\u00e1fora (lakoff-johnson 1980), el estudio parte de las expresiones metaf\u00f3ricas halladas en estas dos obras. Las regularidades y la coherencia l\u00f3gica detectadas en el uso de las instancias metaf\u00f3ricas estudiadas han llevado a definir dos met\u00e1foras conceptuales que desempe\u00f1an un papel relevante en la estructuraci\u00f3n de los discursos funcionalistas: las met\u00e1foras del traslado y de la meta.  el estudio de estas dos met\u00e1foras ha permitido detectar aspectos contradictorios entre los supuestos e implicaciones l\u00f3gicas de algunos de los conceptos b\u00e1sicos de los discursos funcionalista analizados y las afirmaciones expl\u00edcitas de sus autores. Los enfoques funcionalistas adoptan un nuevo paradigma con respecto a aproximaciones anteriores de orientaci\u00f3n ling\u00ed\u00bc\u00edstica, dirigidas a la producci\u00f3n de equiValencias textuales. Sin embargo, algunos aspectos de los discursos de reib-vermeer ([1984] 1991) y holz-m\u00ed\u00a4ntt\u00ed\u00a4ri (1984) contradicen total o parcialmente esta aproximaci\u00f3n integradora a la acci\u00f3n t<\/p>\n<p>&nbsp;<\/p>\n<h3>Datos acad\u00e9micos de la tesis doctoral \u00ab<strong>Met\u00e1foras en la traducci\u00f3n funcionalista.<\/strong>\u00ab<\/h3>\n<ul>\n<li><strong>T\u00edtulo de la tesis:<\/strong>\u00a0 Met\u00e1foras en la traducci\u00f3n funcionalista. <\/li>\n<li><strong>Autor:<\/strong>\u00a0 Celia Mart\u00edn De Le\u00f3n <\/li>\n<li><strong>Universidad:<\/strong>\u00a0 Palmas de gran canaria<\/li>\n<li><strong>Fecha de lectura de la tesis:<\/strong>\u00a0 17\/11\/2003<\/li>\n<\/ul>\n<p>&nbsp;<\/p>\n<h3>Direcci\u00f3n y tribunal<\/h3>\n<ul>\n<li><strong>Director de la tesis<\/strong>\n<ul>\n<li>Ricardo Mu\u00f1oz Mart\u00edn<\/li>\n<\/ul>\n<\/li>\n<li><strong>Tribunal<\/strong>\n<ul>\n<li>Presidente del tribunal: Mar\u00eda  Luisa Presas corbella <\/li>\n<li>paul Kussmaul (vocal)<\/li>\n<li>georg Hoenig hans (vocal)<\/li>\n<li>heidrun Witte (vocal)<\/li>\n<\/ul>\n<\/li>\n<\/ul>\n<p>&nbsp;<\/p>\n","protected":false},"excerpt":{"rendered":"<p>Tesis doctoral de Celia Mart\u00edn De Le\u00f3n El objetivo del presente trabajo es estudiar los presupuestos te\u00f3ricos y epistemol\u00f3gicos impl\u00edcitos [&hellip;]<\/p>\n","protected":false},"author":1,"featured_media":0,"comment_status":"open","ping_status":"open","sticky":false,"template":"","format":"standard","meta":{"site-sidebar-layout":"default","site-content-layout":"","ast-site-content-layout":"","site-content-style":"default","site-sidebar-style":"default","ast-global-header-display":"","ast-banner-title-visibility":"","ast-main-header-display":"","ast-hfb-above-header-display":"","ast-hfb-below-header-display":"","ast-hfb-mobile-header-display":"","site-post-title":"","ast-breadcrumbs-content":"","ast-featured-img":"","footer-sml-layout":"","theme-transparent-header-meta":"","adv-header-id-meta":"","stick-header-meta":"","header-above-stick-meta":"","header-main-stick-meta":"","header-below-stick-meta":"","astra-migrate-meta-layouts":"default","ast-page-background-enabled":"default","ast-page-background-meta":{"desktop":{"background-color":"var(--ast-global-color-4)","background-image":"","background-repeat":"repeat","background-position":"center center","background-size":"auto","background-attachment":"scroll","background-type":"","background-media":"","overlay-type":"","overlay-color":"","overlay-gradient":""},"tablet":{"background-color":"","background-image":"","background-repeat":"repeat","background-position":"center center","background-size":"auto","background-attachment":"scroll","background-type":"","background-media":"","overlay-type":"","overlay-color":"","overlay-gradient":""},"mobile":{"background-color":"","background-image":"","background-repeat":"repeat","background-position":"center center","background-size":"auto","background-attachment":"scroll","background-type":"","background-media":"","overlay-type":"","overlay-color":"","overlay-gradient":""}},"ast-content-background-meta":{"desktop":{"background-color":"var(--ast-global-color-5)","background-image":"","background-repeat":"repeat","background-position":"center center","background-size":"auto","background-attachment":"scroll","background-type":"","background-media":"","overlay-type":"","overlay-color":"","overlay-gradient":""},"tablet":{"background-color":"var(--ast-global-color-5)","background-image":"","background-repeat":"repeat","background-position":"center center","background-size":"auto","background-attachment":"scroll","background-type":"","background-media":"","overlay-type":"","overlay-color":"","overlay-gradient":""},"mobile":{"background-color":"var(--ast-global-color-5)","background-image":"","background-repeat":"repeat","background-position":"center center","background-size":"auto","background-attachment":"scroll","background-type":"","background-media":"","overlay-type":"","overlay-color":"","overlay-gradient":""}},"footnotes":""},"categories":[16629],"tags":[77514,77516,77517,61354,77515,61356],"class_list":["post-26888","post","type-post","status-publish","format-standard","hentry","category-palmas-de-gran-canaria","tag-celia-martin-de-leon","tag-georg-hoenig-hans","tag-heidrun-witte","tag-maria-luisa-presas-corbella","tag-paul-kussmaul","tag-ricardo-munoz-martin"],"_links":{"self":[{"href":"https:\/\/www.deberes.net\/tesis\/wp-json\/wp\/v2\/posts\/26888","targetHints":{"allow":["GET"]}}],"collection":[{"href":"https:\/\/www.deberes.net\/tesis\/wp-json\/wp\/v2\/posts"}],"about":[{"href":"https:\/\/www.deberes.net\/tesis\/wp-json\/wp\/v2\/types\/post"}],"author":[{"embeddable":true,"href":"https:\/\/www.deberes.net\/tesis\/wp-json\/wp\/v2\/users\/1"}],"replies":[{"embeddable":true,"href":"https:\/\/www.deberes.net\/tesis\/wp-json\/wp\/v2\/comments?post=26888"}],"version-history":[{"count":0,"href":"https:\/\/www.deberes.net\/tesis\/wp-json\/wp\/v2\/posts\/26888\/revisions"}],"wp:attachment":[{"href":"https:\/\/www.deberes.net\/tesis\/wp-json\/wp\/v2\/media?parent=26888"}],"wp:term":[{"taxonomy":"category","embeddable":true,"href":"https:\/\/www.deberes.net\/tesis\/wp-json\/wp\/v2\/categories?post=26888"},{"taxonomy":"post_tag","embeddable":true,"href":"https:\/\/www.deberes.net\/tesis\/wp-json\/wp\/v2\/tags?post=26888"}],"curies":[{"name":"wp","href":"https:\/\/api.w.org\/{rel}","templated":true}]}}