{"id":26902,"date":"2018-03-09T09:18:56","date_gmt":"2018-03-09T09:18:56","guid":{"rendered":"https:\/\/www.deberes.net\/tesis\/sin-categoria\/condiciones-de-trabajo-y-tareas-docentes-en-la-educacion-secundaria-un-estudio-sobre-satisfaccion-profesional-del-profesorado-de-educacion-fa%c2%adsica\/"},"modified":"2018-03-09T09:18:56","modified_gmt":"2018-03-09T09:18:56","slug":"condiciones-de-trabajo-y-tareas-docentes-en-la-educacion-secundaria-un-estudio-sobre-satisfaccion-profesional-del-profesorado-de-educacion-fa%c2%adsica","status":"publish","type":"post","link":"https:\/\/www.deberes.net\/tesis\/sevilla\/condiciones-de-trabajo-y-tareas-docentes-en-la-educacion-secundaria-un-estudio-sobre-satisfaccion-profesional-del-profesorado-de-educacion-fa%c2%adsica\/","title":{"rendered":"Condiciones de trabajo y tareas docentes en la educaci\u00f3n secundaria: un estudio sobre satisfacci\u00f3n profesional del profesorado de educaci\u00f3n f\u00edsica"},"content":{"rendered":"<h2>Tesis doctoral de <strong> Pedro Diaz Gonzalez <\/strong><\/h2>\n<p>La tesis trata de reflejar la realidad sociolaboral y profesional del colectivo de profesores de educaci\u00f3n f\u00edsica que imparten sus clases en centros de educaci\u00f3n secundaria de la provincia de sevilla.  el autor se interesa por conocer el grado de satisfacci\u00f3n profesional del profesorado de e.F. Por cuestiones relativas a sus condiciones de trabajo y su actuaci\u00f3n docente; al mismo tiempo que se realizan propuestas de mejora profesional, que eleven el grado de satisfacci\u00f3n del profesorado.<\/p>\n<p>&nbsp;<\/p>\n<h3>Datos acad\u00e9micos de la tesis doctoral \u00ab<strong>Condiciones de trabajo y tareas docentes en la educaci\u00f3n secundaria: un estudio sobre satisfacci\u00f3n profesional del profesorado de educaci\u00f3n f\u00edsica<\/strong>\u00ab<\/h3>\n<ul>\n<li><strong>T\u00edtulo de la tesis:<\/strong>\u00a0 Condiciones de trabajo y tareas docentes en la educaci\u00f3n secundaria: un estudio sobre satisfacci\u00f3n profesional del profesorado de educaci\u00f3n f\u00edsica <\/li>\n<li><strong>Autor:<\/strong>\u00a0 Pedro Diaz Gonzalez <\/li>\n<li><strong>Universidad:<\/strong>\u00a0 Sevilla<\/li>\n<li><strong>Fecha de lectura de la tesis:<\/strong>\u00a0 18\/11\/2003<\/li>\n<\/ul>\n<p>&nbsp;<\/p>\n<h3>Direcci\u00f3n y tribunal<\/h3>\n<ul>\n<li><strong>Director de la tesis<\/strong>\n<ul>\n<li> Coronel Llamas Jos\u00e9 Manuel<\/li>\n<\/ul>\n<\/li>\n<li><strong>Tribunal<\/strong>\n<ul>\n<li>Presidente del tribunal: julio Cabero almenara <\/li>\n<li> Morales lozano Juan  Antonio (vocal)<\/li>\n<li> Rodr\u00edguez l\u00f3pez Jos\u00e9 Mar\u00eda (vocal)<\/li>\n<li>pedro S\u00e1enz-l\u00f3pez bu\u00f1uel (vocal)<\/li>\n<\/ul>\n<\/li>\n<\/ul>\n<p>&nbsp;<\/p>\n","protected":false},"excerpt":{"rendered":"<p>Tesis doctoral de Pedro Diaz Gonzalez La tesis trata de reflejar la realidad sociolaboral y profesional del colectivo de profesores [&hellip;]<\/p>\n","protected":false},"author":1,"featured_media":0,"comment_status":"open","ping_status":"open","sticky":false,"template":"","format":"standard","meta":{"site-sidebar-layout":"default","site-content-layout":"","ast-site-content-layout":"","site-content-style":"default","site-sidebar-style":"default","ast-global-header-display":"","ast-banner-title-visibility":"","ast-main-header-display":"","ast-hfb-above-header-display":"","ast-hfb-below-header-display":"","ast-hfb-mobile-header-display":"","site-post-title":"","ast-breadcrumbs-content":"","ast-featured-img":"","footer-sml-layout":"","theme-transparent-header-meta":"","adv-header-id-meta":"","stick-header-meta":"","header-above-stick-meta":"","header-main-stick-meta":"","header-below-stick-meta":"","astra-migrate-meta-layouts":"default","ast-page-background-enabled":"default","ast-page-background-meta":{"desktop":{"background-color":"var(--ast-global-color-4)","background-image":"","background-repeat":"repeat","background-position":"center center","background-size":"auto","background-attachment":"scroll","background-type":"","background-media":"","overlay-type":"","overlay-color":"","overlay-gradient":""},"tablet":{"background-color":"","background-image":"","background-repeat":"repeat","background-position":"center center","background-size":"auto","background-attachment":"scroll","background-type":"","background-media":"","overlay-type":"","overlay-color":"","overlay-gradient":""},"mobile":{"background-color":"","background-image":"","background-repeat":"repeat","background-position":"center center","background-size":"auto","background-attachment":"scroll","background-type":"","background-media":"","overlay-type":"","overlay-color":"","overlay-gradient":""}},"ast-content-background-meta":{"desktop":{"background-color":"var(--ast-global-color-5)","background-image":"","background-repeat":"repeat","background-position":"center center","background-size":"auto","background-attachment":"scroll","background-type":"","background-media":"","overlay-type":"","overlay-color":"","overlay-gradient":""},"tablet":{"background-color":"var(--ast-global-color-5)","background-image":"","background-repeat":"repeat","background-position":"center center","background-size":"auto","background-attachment":"scroll","background-type":"","background-media":"","overlay-type":"","overlay-color":"","overlay-gradient":""},"mobile":{"background-color":"var(--ast-global-color-5)","background-image":"","background-repeat":"repeat","background-position":"center center","background-size":"auto","background-attachment":"scroll","background-type":"","background-media":"","overlay-type":"","overlay-color":"","overlay-gradient":""}},"footnotes":""},"categories":[10715],"tags":[46123,38206,58577,77553,58039,54559],"class_list":["post-26902","post","type-post","status-publish","format-standard","hentry","category-sevilla","tag-coronel-llamas-jose-manuel","tag-julio-cabero-almenara","tag-morales-lozano-juan-antonio","tag-pedro-diaz-gonzalez","tag-pedro-saenz-lopez-bunuel","tag-rodriguez-lopez-jose-maria"],"_links":{"self":[{"href":"https:\/\/www.deberes.net\/tesis\/wp-json\/wp\/v2\/posts\/26902","targetHints":{"allow":["GET"]}}],"collection":[{"href":"https:\/\/www.deberes.net\/tesis\/wp-json\/wp\/v2\/posts"}],"about":[{"href":"https:\/\/www.deberes.net\/tesis\/wp-json\/wp\/v2\/types\/post"}],"author":[{"embeddable":true,"href":"https:\/\/www.deberes.net\/tesis\/wp-json\/wp\/v2\/users\/1"}],"replies":[{"embeddable":true,"href":"https:\/\/www.deberes.net\/tesis\/wp-json\/wp\/v2\/comments?post=26902"}],"version-history":[{"count":0,"href":"https:\/\/www.deberes.net\/tesis\/wp-json\/wp\/v2\/posts\/26902\/revisions"}],"wp:attachment":[{"href":"https:\/\/www.deberes.net\/tesis\/wp-json\/wp\/v2\/media?parent=26902"}],"wp:term":[{"taxonomy":"category","embeddable":true,"href":"https:\/\/www.deberes.net\/tesis\/wp-json\/wp\/v2\/categories?post=26902"},{"taxonomy":"post_tag","embeddable":true,"href":"https:\/\/www.deberes.net\/tesis\/wp-json\/wp\/v2\/tags?post=26902"}],"curies":[{"name":"wp","href":"https:\/\/api.w.org\/{rel}","templated":true}]}}