{"id":26906,"date":"2018-03-09T09:18:57","date_gmt":"2018-03-09T09:18:57","guid":{"rendered":"https:\/\/www.deberes.net\/tesis\/sin-categoria\/adecuacion-del-ingreso-en-las-unidades-de-cuidados-intensivos-justificacion-y-propuesta-de-la-creacion-de-unidades-de-cuidados-intermedios\/"},"modified":"2018-03-09T09:18:57","modified_gmt":"2018-03-09T09:18:57","slug":"adecuacion-del-ingreso-en-las-unidades-de-cuidados-intensivos-justificacion-y-propuesta-de-la-creacion-de-unidades-de-cuidados-intermedios","status":"publish","type":"post","link":"https:\/\/www.deberes.net\/tesis\/sin-categoria\/adecuacion-del-ingreso-en-las-unidades-de-cuidados-intensivos-justificacion-y-propuesta-de-la-creacion-de-unidades-de-cuidados-intermedios\/","title":{"rendered":"Adecuaci\u00f3n del ingreso en las unidades de cuidados intensivos (justificaci\u00f3n y propuesta de la creaci\u00f3n de unidades de cuidados intermedios)"},"content":{"rendered":"<h2>Tesis doctoral de <strong> David Cabestrero Alonso <\/strong><\/h2>\n<p>Introducci\u00f3n  las unidades de cuidados intermedios van a proporcionar un nivel de cuidados intermedios entre las unidades de hospitalizaci\u00f3n convencional y los cuidados intensivos.  objetivos  1,- justificar, a la luz de los ingresos realizados en las unidades de cuidados intensivos en espa\u00f1a, la necesidad y la procedencia de la implantaci\u00f3n de unidades de cuidados intermedios en nuestro medio.  2,- estudio comparativo de los intresos de las unidades de cuidados intensivos dependiendo el tipo de hospital del que forman parte.  3,- an\u00e1lisis del nivel cargas de enfermer\u00eda dependiendo de la gravedad del enfermo.  pacientes y m\u00e9todos  estudio prospectivo, descriptivo y multic\u00e9ntrico. Se analizaron los enfermos ingresados consecutivamente en las unidades de cuidados intensivos. El estudio se realiz\u00f3 en 8 unidades de cuidados intensivos en 7 hospitales con diferente nivel asistencial.  resultados  se estudi\u00f3 una muestra de 290 pacientes que ingresaron en ucis durante 45 d\u00edas consecutivos en los meses de octubre y noviembre de 2001.  aplicando tres premisas, seleccionamos el grupo de enfermos que podr\u00edan beneficiarse de su ingreso en una unidad de cuidados intermedios. \u00e9stas fueron:  1\u00aa premisa: estancia menor 2 d\u00edas, sin muerte, no ventilaci\u00f3n mec\u00e1nica, apache ii menor 10, nems menor 25.  2\u00aa premisa: estancia menor 3 d\u00edas, sin muerte, existencia de ventilaci\u00f3n mec\u00e1nica (invasiva o no invasiva), apache ii menor 10.  3\u00aa premisa: estancia menor 2 d\u00edas, sin muerte, sofa parcial menor o igual a 2, sofa total menor de 7.  a \u00e9ste grupo lo llamamos grupo inadecuado. En nuestra muestra el 35,2% de los pacientes pertenecieron al citado grupo.  conclusiones  1,- la decisi\u00f3n del ingreso de un enfermo en una unidad de cuidados intermedios se puede hacer en funci\u00f3n de unos par\u00e1metros objetivos, como son los \u00edndices de gravedad.  2,- los valores parciales de la puntuaci\u00f3n sofa pueden ayudar a diferenciar e<\/p>\n<p>&nbsp;<\/p>\n<h3>Datos acad\u00e9micos de la tesis doctoral \u00ab<strong>Adecuaci\u00f3n del ingreso en las unidades de cuidados intensivos (justificaci\u00f3n y propuesta de la creaci\u00f3n de unidades de cuidados intermedios)<\/strong>\u00ab<\/h3>\n<ul>\n<li><strong>T\u00edtulo de la tesis:<\/strong>\u00a0 Adecuaci\u00f3n del ingreso en las unidades de cuidados intensivos (justificaci\u00f3n y propuesta de la creaci\u00f3n de unidades de cuidados intermedios) <\/li>\n<li><strong>Autor:<\/strong>\u00a0 David Cabestrero Alonso <\/li>\n<li><strong>Universidad:<\/strong>\u00a0 Aut\u00f3noma de Madrid<\/li>\n<li><strong>Fecha de lectura de la tesis:<\/strong>\u00a0 18\/11\/2003<\/li>\n<\/ul>\n<p>&nbsp;<\/p>\n<h3>Direcci\u00f3n y tribunal<\/h3>\n<ul>\n<li><strong>Director de la tesis<\/strong>\n<ul>\n<li>Abelardo Garc\u00eda De Lorenzo<\/li>\n<\/ul>\n<\/li>\n<li><strong>Tribunal<\/strong>\n<ul>\n<li>Presidente del tribunal: rafael Vara thorbecic <\/li>\n<li>rodolfo Alvarez-sala walther (vocal)<\/li>\n<li>Fernando Gilsanz rodr\u00edguez (vocal)<\/li>\n<li>Jorge Lopez Martinez (vocal)<\/li>\n<\/ul>\n<\/li>\n<\/ul>\n<p>&nbsp;<\/p>\n","protected":false},"excerpt":{"rendered":"<p>Tesis doctoral de David Cabestrero Alonso Introducci\u00f3n las unidades de cuidados intermedios van a proporcionar un nivel de cuidados intermedios [&hellip;]<\/p>\n","protected":false},"author":1,"featured_media":0,"comment_status":"open","ping_status":"open","sticky":false,"template":"","format":"standard","meta":{"site-sidebar-layout":"default","site-content-layout":"","ast-site-content-layout":"","site-content-style":"default","site-sidebar-style":"default","ast-global-header-display":"","ast-banner-title-visibility":"","ast-main-header-display":"","ast-hfb-above-header-display":"","ast-hfb-below-header-display":"","ast-hfb-mobile-header-display":"","site-post-title":"","ast-breadcrumbs-content":"","ast-featured-img":"","footer-sml-layout":"","theme-transparent-header-meta":"","adv-header-id-meta":"","stick-header-meta":"","header-above-stick-meta":"","header-main-stick-meta":"","header-below-stick-meta":"","astra-migrate-meta-layouts":"default","ast-page-background-enabled":"default","ast-page-background-meta":{"desktop":{"background-color":"var(--ast-global-color-4)","background-image":"","background-repeat":"repeat","background-position":"center center","background-size":"auto","background-attachment":"scroll","background-type":"","background-media":"","overlay-type":"","overlay-color":"","overlay-gradient":""},"tablet":{"background-color":"","background-image":"","background-repeat":"repeat","background-position":"center center","background-size":"auto","background-attachment":"scroll","background-type":"","background-media":"","overlay-type":"","overlay-color":"","overlay-gradient":""},"mobile":{"background-color":"","background-image":"","background-repeat":"repeat","background-position":"center center","background-size":"auto","background-attachment":"scroll","background-type":"","background-media":"","overlay-type":"","overlay-color":"","overlay-gradient":""}},"ast-content-background-meta":{"desktop":{"background-color":"var(--ast-global-color-5)","background-image":"","background-repeat":"repeat","background-position":"center center","background-size":"auto","background-attachment":"scroll","background-type":"","background-media":"","overlay-type":"","overlay-color":"","overlay-gradient":""},"tablet":{"background-color":"var(--ast-global-color-5)","background-image":"","background-repeat":"repeat","background-position":"center center","background-size":"auto","background-attachment":"scroll","background-type":"","background-media":"","overlay-type":"","overlay-color":"","overlay-gradient":""},"mobile":{"background-color":"var(--ast-global-color-5)","background-image":"","background-repeat":"repeat","background-position":"center center","background-size":"auto","background-attachment":"scroll","background-type":"","background-media":"","overlay-type":"","overlay-color":"","overlay-gradient":""}},"footnotes":""},"categories":[1],"tags":[30025,77559,30129,77561,77560,3296],"class_list":["post-26906","post","type-post","status-publish","format-standard","hentry","category-sin-categoria","tag-abelardo-garcia-de-lorenzo","tag-david-cabestrero-alonso","tag-fernando-gilsanz-rodriguez","tag-jorge-lopez-Martinez","tag-rafael-vara-thorbecic","tag-rodolfo-alvarez-sala-walther"],"_links":{"self":[{"href":"https:\/\/www.deberes.net\/tesis\/wp-json\/wp\/v2\/posts\/26906","targetHints":{"allow":["GET"]}}],"collection":[{"href":"https:\/\/www.deberes.net\/tesis\/wp-json\/wp\/v2\/posts"}],"about":[{"href":"https:\/\/www.deberes.net\/tesis\/wp-json\/wp\/v2\/types\/post"}],"author":[{"embeddable":true,"href":"https:\/\/www.deberes.net\/tesis\/wp-json\/wp\/v2\/users\/1"}],"replies":[{"embeddable":true,"href":"https:\/\/www.deberes.net\/tesis\/wp-json\/wp\/v2\/comments?post=26906"}],"version-history":[{"count":0,"href":"https:\/\/www.deberes.net\/tesis\/wp-json\/wp\/v2\/posts\/26906\/revisions"}],"wp:attachment":[{"href":"https:\/\/www.deberes.net\/tesis\/wp-json\/wp\/v2\/media?parent=26906"}],"wp:term":[{"taxonomy":"category","embeddable":true,"href":"https:\/\/www.deberes.net\/tesis\/wp-json\/wp\/v2\/categories?post=26906"},{"taxonomy":"post_tag","embeddable":true,"href":"https:\/\/www.deberes.net\/tesis\/wp-json\/wp\/v2\/tags?post=26906"}],"curies":[{"name":"wp","href":"https:\/\/api.w.org\/{rel}","templated":true}]}}