{"id":26919,"date":"2018-03-09T09:18:58","date_gmt":"2018-03-09T09:18:58","guid":{"rendered":"https:\/\/www.deberes.net\/tesis\/sin-categoria\/estudio-espidemiologico-de-la-depresion-mayor-en-ninos-de-3-a-6-anos\/"},"modified":"2018-03-09T09:18:58","modified_gmt":"2018-03-09T09:18:58","slug":"estudio-espidemiologico-de-la-depresion-mayor-en-ninos-de-3-a-6-anos","status":"publish","type":"post","link":"https:\/\/www.deberes.net\/tesis\/sin-categoria\/estudio-espidemiologico-de-la-depresion-mayor-en-ninos-de-3-a-6-anos\/","title":{"rendered":"Estudio espidemiol\u00f3gico de la depresi\u00f3n mayor en ni\u00f1os de 3 a 6 a\u00f1os."},"content":{"rendered":"<h2>Tesis doctoral de <strong> Ester Pla Colomer <\/strong><\/h2>\n<p>Esta investigaci\u00f3n tiene como objetivo estudiar la preValencia de depresi\u00f3n mayor en ni\u00f1os de  edades comprendidas entre 3 y 6 a\u00f1os.  la muestra es de 460 ni\u00f1os que realizan la escolarizaci\u00f3n infantil (p3, p4 y p5) en olot (gerona). Partiendo de una puntuaci\u00f3n igual o superior a 27 en esdm (domenech 2002), se obtiene un grupo con alta &#8212; (n\u00c2\u00ba72) depresiva.  por otro lado se crea un grupo control (n\u00c2\u00ba 60).  resultados  un 0,87% presentan depresi\u00f3n mayor en base a los criterios dsm.Iv (apa, 1995).  como sintoma relevante en esta muestra \u00f3 la presencia de dificultad en el control de &#8211;, &#8212; conductual, &#8211;, as\u00ed como toda la sintomatolog\u00eda propia del adulto, exceptuando la alteraci\u00f3n en alimentaci\u00f3n i sue\u00f1o. Por otro lado, la presencia de sintoma depresiva en la madres se correlaciona con la del ni\u00f1o.<\/p>\n<p>&nbsp;<\/p>\n<h3>Datos acad\u00e9micos de la tesis doctoral \u00ab<strong>Estudio espidemiol\u00f3gico de la depresi\u00f3n mayor en ni\u00f1os de 3 a 6 a\u00f1os.<\/strong>\u00ab<\/h3>\n<ul>\n<li><strong>T\u00edtulo de la tesis:<\/strong>\u00a0 Estudio espidemiol\u00f3gico de la depresi\u00f3n mayor en ni\u00f1os de 3 a 6 a\u00f1os. <\/li>\n<li><strong>Autor:<\/strong>\u00a0 Ester Pla Colomer <\/li>\n<li><strong>Universidad:<\/strong>\u00a0 Aut\u00f3noma de barcelona<\/li>\n<li><strong>Fecha de lectura de la tesis:<\/strong>\u00a0 19\/11\/2003<\/li>\n<\/ul>\n<p>&nbsp;<\/p>\n<h3>Direcci\u00f3n y tribunal<\/h3>\n<ul>\n<li><strong>Director de la tesis<\/strong>\n<ul>\n<li>Edelmira Domenech Llaberia<\/li>\n<\/ul>\n<\/li>\n<li><strong>Tribunal<\/strong>\n<ul>\n<li>Presidente del tribunal: dolors Riba lloret <\/li>\n<li>ferran Vinyas poch (vocal)<\/li>\n<li>eugenia Gras perez (vocal)<\/li>\n<li>fina Canals (vocal)<\/li>\n<\/ul>\n<\/li>\n<\/ul>\n<p>&nbsp;<\/p>\n","protected":false},"excerpt":{"rendered":"<p>Tesis doctoral de Ester Pla Colomer Esta investigaci\u00f3n tiene como objetivo estudiar la preValencia de depresi\u00f3n mayor en ni\u00f1os de [&hellip;]<\/p>\n","protected":false},"author":1,"featured_media":0,"comment_status":"open","ping_status":"open","sticky":false,"template":"","format":"standard","meta":{"site-sidebar-layout":"default","site-content-layout":"","ast-site-content-layout":"","site-content-style":"default","site-sidebar-style":"default","ast-global-header-display":"","ast-banner-title-visibility":"","ast-main-header-display":"","ast-hfb-above-header-display":"","ast-hfb-below-header-display":"","ast-hfb-mobile-header-display":"","site-post-title":"","ast-breadcrumbs-content":"","ast-featured-img":"","footer-sml-layout":"","theme-transparent-header-meta":"","adv-header-id-meta":"","stick-header-meta":"","header-above-stick-meta":"","header-main-stick-meta":"","header-below-stick-meta":"","astra-migrate-meta-layouts":"default","ast-page-background-enabled":"default","ast-page-background-meta":{"desktop":{"background-color":"var(--ast-global-color-4)","background-image":"","background-repeat":"repeat","background-position":"center center","background-size":"auto","background-attachment":"scroll","background-type":"","background-media":"","overlay-type":"","overlay-color":"","overlay-gradient":""},"tablet":{"background-color":"","background-image":"","background-repeat":"repeat","background-position":"center center","background-size":"auto","background-attachment":"scroll","background-type":"","background-media":"","overlay-type":"","overlay-color":"","overlay-gradient":""},"mobile":{"background-color":"","background-image":"","background-repeat":"repeat","background-position":"center center","background-size":"auto","background-attachment":"scroll","background-type":"","background-media":"","overlay-type":"","overlay-color":"","overlay-gradient":""}},"ast-content-background-meta":{"desktop":{"background-color":"var(--ast-global-color-5)","background-image":"","background-repeat":"repeat","background-position":"center center","background-size":"auto","background-attachment":"scroll","background-type":"","background-media":"","overlay-type":"","overlay-color":"","overlay-gradient":""},"tablet":{"background-color":"var(--ast-global-color-5)","background-image":"","background-repeat":"repeat","background-position":"center center","background-size":"auto","background-attachment":"scroll","background-type":"","background-media":"","overlay-type":"","overlay-color":"","overlay-gradient":""},"mobile":{"background-color":"var(--ast-global-color-5)","background-image":"","background-repeat":"repeat","background-position":"center center","background-size":"auto","background-attachment":"scroll","background-type":"","background-media":"","overlay-type":"","overlay-color":"","overlay-gradient":""}},"footnotes":""},"categories":[1],"tags":[77586,13749,77585,77588,77587,77589],"class_list":["post-26919","post","type-post","status-publish","format-standard","hentry","category-sin-categoria","tag-dolors-riba-lloret","tag-edelmira-domenech-llaberia","tag-ester-pla-colomer","tag-eugenia-gras-perez","tag-ferran-vinyas-poch","tag-fina-canals"],"_links":{"self":[{"href":"https:\/\/www.deberes.net\/tesis\/wp-json\/wp\/v2\/posts\/26919","targetHints":{"allow":["GET"]}}],"collection":[{"href":"https:\/\/www.deberes.net\/tesis\/wp-json\/wp\/v2\/posts"}],"about":[{"href":"https:\/\/www.deberes.net\/tesis\/wp-json\/wp\/v2\/types\/post"}],"author":[{"embeddable":true,"href":"https:\/\/www.deberes.net\/tesis\/wp-json\/wp\/v2\/users\/1"}],"replies":[{"embeddable":true,"href":"https:\/\/www.deberes.net\/tesis\/wp-json\/wp\/v2\/comments?post=26919"}],"version-history":[{"count":0,"href":"https:\/\/www.deberes.net\/tesis\/wp-json\/wp\/v2\/posts\/26919\/revisions"}],"wp:attachment":[{"href":"https:\/\/www.deberes.net\/tesis\/wp-json\/wp\/v2\/media?parent=26919"}],"wp:term":[{"taxonomy":"category","embeddable":true,"href":"https:\/\/www.deberes.net\/tesis\/wp-json\/wp\/v2\/categories?post=26919"},{"taxonomy":"post_tag","embeddable":true,"href":"https:\/\/www.deberes.net\/tesis\/wp-json\/wp\/v2\/tags?post=26919"}],"curies":[{"name":"wp","href":"https:\/\/api.w.org\/{rel}","templated":true}]}}