{"id":26929,"date":"2018-03-09T09:18:58","date_gmt":"2018-03-09T09:18:58","guid":{"rendered":"https:\/\/www.deberes.net\/tesis\/sin-categoria\/la-educacion-fa%c2%adsica-en-el-movimiento-renacentista-europeo-del-siglo-xvi-analisis-de-la-obra-positions-de-richard-mulcaster\/"},"modified":"2018-03-09T09:18:58","modified_gmt":"2018-03-09T09:18:58","slug":"la-educacion-fa%c2%adsica-en-el-movimiento-renacentista-europeo-del-siglo-xvi-analisis-de-la-obra-positions-de-richard-mulcaster","status":"publish","type":"post","link":"https:\/\/www.deberes.net\/tesis\/leon\/la-educacion-fa%c2%adsica-en-el-movimiento-renacentista-europeo-del-siglo-xvi-analisis-de-la-obra-positions-de-richard-mulcaster\/","title":{"rendered":"La educaci\u00f3n f\u00edsica en el movimiento renacentista europeo del siglo xvi: an\u00e1lisis de la obra \u00abpositions\u00bb, de richard mulcaster"},"content":{"rendered":"<h2>Tesis doctoral de <strong> Beatriz Fern\u00e1ndez D\u00edez <\/strong><\/h2>\n<p>Esta investigaci\u00f3n tiene como objetivo prioritario rescatar una obra de m\u00e1ximo inter\u00e9s para la historia de la educaci\u00f3n f\u00edsica. El libro \u00abpositions\u00bb de richard mulcaster contribuy\u00f3 en gran medida al redescubrimiento del cuerpo humano en el renacimiento. Apoy\u00e1ndose en las ense\u00f1anzas de la gimnasia m\u00e9dica de galeno, trato de impulsar las pr\u00e1cticas corporales de los escolares, y tambi\u00e9n de cualquier persona en los \u00e1mbitos no formales, buscando especialmente el mantenimiento y la potenciaci\u00f3n de la salud.  como buen humanista, realiza una perfecta simbiosis de las claves de la ciencia m\u00e9dica cl\u00e1sica y los principios pedag\u00f3gicos de su \u00e9poca; en algunos casos incluso revolucionarios e innovadores para el ambiente imperante.  como primer paso para esta investigaci\u00f3n tuve que empezar por traducir la obra \u00abpositions\u00bb, escrita en un ingl\u00e9s del siglo xvi, para desde ah\u00ed ordenar y sistematizar las ideas de mulcaster y as\u00ed poder llevar a cabo un estudio comparativo con una perspectiva evlolutiva hasta nuestros d\u00edas en el campo de las ciencias de la motricidad humana.  la tesis concluye un anexo con la obra original \u00abpositions\u00bb.<\/p>\n<p>&nbsp;<\/p>\n<h3>Datos acad\u00e9micos de la tesis doctoral \u00ab<strong>La educaci\u00f3n f\u00edsica en el movimiento renacentista europeo del siglo xvi: an\u00e1lisis de la obra \u00abpositions\u00bb, de richard mulcaster<\/strong>\u00ab<\/h3>\n<ul>\n<li><strong>T\u00edtulo de la tesis:<\/strong>\u00a0 La educaci\u00f3n f\u00edsica en el movimiento renacentista europeo del siglo xvi: an\u00e1lisis de la obra \u00abpositions\u00bb, de richard mulcaster <\/li>\n<li><strong>Autor:<\/strong>\u00a0 Beatriz Fern\u00e1ndez D\u00edez <\/li>\n<li><strong>Universidad:<\/strong>\u00a0 Le\u00f3n<\/li>\n<li><strong>Fecha de lectura de la tesis:<\/strong>\u00a0 20\/11\/2003<\/li>\n<\/ul>\n<p>&nbsp;<\/p>\n<h3>Direcci\u00f3n y tribunal<\/h3>\n<ul>\n<li><strong>Director de la tesis<\/strong>\n<ul>\n<li>Eduardo Alvarez Del Palacio<\/li>\n<\/ul>\n<\/li>\n<li><strong>Tribunal<\/strong>\n<ul>\n<li>Presidente del tribunal: saul Garcia blanco <\/li>\n<li> Nieto iba\u00f1ez Jes\u00fas Mar\u00eda (vocal)<\/li>\n<li>Jos\u00e9 Luis Pastor pradillo (vocal)<\/li>\n<li> Turero de prado concepci\u00f3n (vocal)<\/li>\n<\/ul>\n<\/li>\n<\/ul>\n<p>&nbsp;<\/p>\n","protected":false},"excerpt":{"rendered":"<p>Tesis doctoral de Beatriz Fern\u00e1ndez D\u00edez Esta investigaci\u00f3n tiene como objetivo prioritario rescatar una obra de m\u00e1ximo inter\u00e9s para la [&hellip;]<\/p>\n","protected":false},"author":1,"featured_media":0,"comment_status":"open","ping_status":"open","sticky":false,"template":"","format":"standard","meta":{"site-sidebar-layout":"default","site-content-layout":"","ast-site-content-layout":"","site-content-style":"default","site-sidebar-style":"default","ast-global-header-display":"","ast-banner-title-visibility":"","ast-main-header-display":"","ast-hfb-above-header-display":"","ast-hfb-below-header-display":"","ast-hfb-mobile-header-display":"","site-post-title":"","ast-breadcrumbs-content":"","ast-featured-img":"","footer-sml-layout":"","theme-transparent-header-meta":"","adv-header-id-meta":"","stick-header-meta":"","header-above-stick-meta":"","header-main-stick-meta":"","header-below-stick-meta":"","astra-migrate-meta-layouts":"default","ast-page-background-enabled":"default","ast-page-background-meta":{"desktop":{"background-color":"var(--ast-global-color-4)","background-image":"","background-repeat":"repeat","background-position":"center center","background-size":"auto","background-attachment":"scroll","background-type":"","background-media":"","overlay-type":"","overlay-color":"","overlay-gradient":""},"tablet":{"background-color":"","background-image":"","background-repeat":"repeat","background-position":"center center","background-size":"auto","background-attachment":"scroll","background-type":"","background-media":"","overlay-type":"","overlay-color":"","overlay-gradient":""},"mobile":{"background-color":"","background-image":"","background-repeat":"repeat","background-position":"center center","background-size":"auto","background-attachment":"scroll","background-type":"","background-media":"","overlay-type":"","overlay-color":"","overlay-gradient":""}},"ast-content-background-meta":{"desktop":{"background-color":"var(--ast-global-color-5)","background-image":"","background-repeat":"repeat","background-position":"center center","background-size":"auto","background-attachment":"scroll","background-type":"","background-media":"","overlay-type":"","overlay-color":"","overlay-gradient":""},"tablet":{"background-color":"var(--ast-global-color-5)","background-image":"","background-repeat":"repeat","background-position":"center center","background-size":"auto","background-attachment":"scroll","background-type":"","background-media":"","overlay-type":"","overlay-color":"","overlay-gradient":""},"mobile":{"background-color":"var(--ast-global-color-5)","background-image":"","background-repeat":"repeat","background-position":"center center","background-size":"auto","background-attachment":"scroll","background-type":"","background-media":"","overlay-type":"","overlay-color":"","overlay-gradient":""}},"footnotes":""},"categories":[4430],"tags":[77609,4444,54974,77610,4447,77611],"class_list":["post-26929","post","type-post","status-publish","format-standard","hentry","category-leon","tag-beatriz-fernandez-diez","tag-eduardo-alvarez-del-palacio","tag-jose-luis-pastor-pradillo","tag-nieto-ibanez-jesus-maria","tag-saul-garcia-blanco","tag-turero-de-prado-concepcion"],"_links":{"self":[{"href":"https:\/\/www.deberes.net\/tesis\/wp-json\/wp\/v2\/posts\/26929","targetHints":{"allow":["GET"]}}],"collection":[{"href":"https:\/\/www.deberes.net\/tesis\/wp-json\/wp\/v2\/posts"}],"about":[{"href":"https:\/\/www.deberes.net\/tesis\/wp-json\/wp\/v2\/types\/post"}],"author":[{"embeddable":true,"href":"https:\/\/www.deberes.net\/tesis\/wp-json\/wp\/v2\/users\/1"}],"replies":[{"embeddable":true,"href":"https:\/\/www.deberes.net\/tesis\/wp-json\/wp\/v2\/comments?post=26929"}],"version-history":[{"count":0,"href":"https:\/\/www.deberes.net\/tesis\/wp-json\/wp\/v2\/posts\/26929\/revisions"}],"wp:attachment":[{"href":"https:\/\/www.deberes.net\/tesis\/wp-json\/wp\/v2\/media?parent=26929"}],"wp:term":[{"taxonomy":"category","embeddable":true,"href":"https:\/\/www.deberes.net\/tesis\/wp-json\/wp\/v2\/categories?post=26929"},{"taxonomy":"post_tag","embeddable":true,"href":"https:\/\/www.deberes.net\/tesis\/wp-json\/wp\/v2\/tags?post=26929"}],"curies":[{"name":"wp","href":"https:\/\/api.w.org\/{rel}","templated":true}]}}