{"id":27049,"date":"2018-03-09T09:19:08","date_gmt":"2018-03-09T09:19:08","guid":{"rendered":"https:\/\/www.deberes.net\/tesis\/sin-categoria\/determinacion-de-la-expansion-por-humedad-de-los-productos-ceramicos-empleados-en-elementos-estructurales\/"},"modified":"2018-03-09T09:19:08","modified_gmt":"2018-03-09T09:19:08","slug":"determinacion-de-la-expansion-por-humedad-de-los-productos-ceramicos-empleados-en-elementos-estructurales","status":"publish","type":"post","link":"https:\/\/www.deberes.net\/tesis\/politecnica-de-madrid\/determinacion-de-la-expansion-por-humedad-de-los-productos-ceramicos-empleados-en-elementos-estructurales\/","title":{"rendered":"Determinaci\u00f3n de la expansi\u00f3n por humedad de los productos cer\u00e1micos empleados en elementos estructurales"},"content":{"rendered":"<h2>Tesis doctoral de <strong> Federico De Isidro Gordejuela <\/strong><\/h2>\n<p>Se he determinado la expansi\u00f3n de un n\u00famero elevado de materiales cer\u00e1micos de uso estructural (ladrillo y bovedilla) representativos del mercado espa\u00f1ol. se ha estudiado la dependencia del crecimiento de las condiciones medioambientales en que permanece el material y la velocidad de expansi\u00f3n en relaci\u00f3n con el tiempo. Tambi\u00e9n se ha propuesto un modelo de crecimiento que permite acotar el valor de la expansi\u00f3n a largo plazo.  se propone un tipo de ensayo acelerado con agua hirviendo que permite predecir la expansi\u00f3n que se observa de forma natural. Tambi\u00e9n se determina la relaci\u00f3n entre la expansi\u00f3n que se observa en piezas de ladrillo y en muros.  establecidas las relaciones anteriores, se discute la validez de los distintos tipos de ensayos acelerados utilizados por distintas normativas y otros autores.  tras propiciar el establecimiento de la norma une 67036:1999, el trabajo finaliza proponiendo un protocolo de interpretaci\u00f3n de los resultados de la misma.<\/p>\n<p>&nbsp;<\/p>\n<h3>Datos acad\u00e9micos de la tesis doctoral \u00ab<strong>Determinaci\u00f3n de la expansi\u00f3n por humedad de los productos cer\u00e1micos empleados en elementos estructurales<\/strong>\u00ab<\/h3>\n<ul>\n<li><strong>T\u00edtulo de la tesis:<\/strong>\u00a0 Determinaci\u00f3n de la expansi\u00f3n por humedad de los productos cer\u00e1micos empleados en elementos estructurales <\/li>\n<li><strong>Autor:<\/strong>\u00a0 Federico De Isidro Gordejuela <\/li>\n<li><strong>Universidad:<\/strong>\u00a0 Polit\u00e9cnica de Madrid<\/li>\n<li><strong>Fecha de lectura de la tesis:<\/strong>\u00a0 24\/11\/2003<\/li>\n<\/ul>\n<p>&nbsp;<\/p>\n<h3>Direcci\u00f3n y tribunal<\/h3>\n<ul>\n<li><strong>Director de la tesis<\/strong>\n<ul>\n<li>Eduardo G\u00f3mez L\u00f3pez<\/li>\n<\/ul>\n<\/li>\n<li><strong>Tribunal<\/strong>\n<ul>\n<li>Presidente del tribunal:  Sancho aznal Jos\u00e9 Mar\u00eda <\/li>\n<li>f\u00e9lix Hernando mansilla (vocal)<\/li>\n<li>Jaime Carlos Galvez ruiz (vocal)<\/li>\n<li>Jes\u00fas Chom\u00f3n d\u00edaz (vocal)<\/li>\n<\/ul>\n<\/li>\n<\/ul>\n<p>&nbsp;<\/p>\n","protected":false},"excerpt":{"rendered":"<p>Tesis doctoral de Federico De Isidro Gordejuela Se he determinado la expansi\u00f3n de un n\u00famero elevado de materiales cer\u00e1micos de [&hellip;]<\/p>\n","protected":false},"author":1,"featured_media":0,"comment_status":"open","ping_status":"open","sticky":false,"template":"","format":"standard","meta":{"site-sidebar-layout":"default","site-content-layout":"","ast-site-content-layout":"","site-content-style":"default","site-sidebar-style":"default","ast-global-header-display":"","ast-banner-title-visibility":"","ast-main-header-display":"","ast-hfb-above-header-display":"","ast-hfb-below-header-display":"","ast-hfb-mobile-header-display":"","site-post-title":"","ast-breadcrumbs-content":"","ast-featured-img":"","footer-sml-layout":"","theme-transparent-header-meta":"","adv-header-id-meta":"","stick-header-meta":"","header-above-stick-meta":"","header-main-stick-meta":"","header-below-stick-meta":"","astra-migrate-meta-layouts":"default","ast-page-background-enabled":"default","ast-page-background-meta":{"desktop":{"background-color":"var(--ast-global-color-4)","background-image":"","background-repeat":"repeat","background-position":"center center","background-size":"auto","background-attachment":"scroll","background-type":"","background-media":"","overlay-type":"","overlay-color":"","overlay-gradient":""},"tablet":{"background-color":"","background-image":"","background-repeat":"repeat","background-position":"center center","background-size":"auto","background-attachment":"scroll","background-type":"","background-media":"","overlay-type":"","overlay-color":"","overlay-gradient":""},"mobile":{"background-color":"","background-image":"","background-repeat":"repeat","background-position":"center center","background-size":"auto","background-attachment":"scroll","background-type":"","background-media":"","overlay-type":"","overlay-color":"","overlay-gradient":""}},"ast-content-background-meta":{"desktop":{"background-color":"var(--ast-global-color-5)","background-image":"","background-repeat":"repeat","background-position":"center center","background-size":"auto","background-attachment":"scroll","background-type":"","background-media":"","overlay-type":"","overlay-color":"","overlay-gradient":""},"tablet":{"background-color":"var(--ast-global-color-5)","background-image":"","background-repeat":"repeat","background-position":"center center","background-size":"auto","background-attachment":"scroll","background-type":"","background-media":"","overlay-type":"","overlay-color":"","overlay-gradient":""},"mobile":{"background-color":"var(--ast-global-color-5)","background-image":"","background-repeat":"repeat","background-position":"center center","background-size":"auto","background-attachment":"scroll","background-type":"","background-media":"","overlay-type":"","overlay-color":"","overlay-gradient":""}},"footnotes":""},"categories":[16008],"tags":[30729,77890,77892,48890,77893,77891],"class_list":["post-27049","post","type-post","status-publish","format-standard","hentry","category-politecnica-de-madrid","tag-eduardo-gomez-lopez","tag-federico-de-isidro-gordejuela","tag-felix-hernando-mansilla","tag-jaime-carlos-galvez-ruiz","tag-jesus-chomon-diaz","tag-sancho-aznal-jose-maria"],"_links":{"self":[{"href":"https:\/\/www.deberes.net\/tesis\/wp-json\/wp\/v2\/posts\/27049","targetHints":{"allow":["GET"]}}],"collection":[{"href":"https:\/\/www.deberes.net\/tesis\/wp-json\/wp\/v2\/posts"}],"about":[{"href":"https:\/\/www.deberes.net\/tesis\/wp-json\/wp\/v2\/types\/post"}],"author":[{"embeddable":true,"href":"https:\/\/www.deberes.net\/tesis\/wp-json\/wp\/v2\/users\/1"}],"replies":[{"embeddable":true,"href":"https:\/\/www.deberes.net\/tesis\/wp-json\/wp\/v2\/comments?post=27049"}],"version-history":[{"count":0,"href":"https:\/\/www.deberes.net\/tesis\/wp-json\/wp\/v2\/posts\/27049\/revisions"}],"wp:attachment":[{"href":"https:\/\/www.deberes.net\/tesis\/wp-json\/wp\/v2\/media?parent=27049"}],"wp:term":[{"taxonomy":"category","embeddable":true,"href":"https:\/\/www.deberes.net\/tesis\/wp-json\/wp\/v2\/categories?post=27049"},{"taxonomy":"post_tag","embeddable":true,"href":"https:\/\/www.deberes.net\/tesis\/wp-json\/wp\/v2\/tags?post=27049"}],"curies":[{"name":"wp","href":"https:\/\/api.w.org\/{rel}","templated":true}]}}