{"id":27079,"date":"2018-03-09T09:19:11","date_gmt":"2018-03-09T09:19:11","guid":{"rendered":"https:\/\/www.deberes.net\/tesis\/sin-categoria\/la-responsabilidad-por-los-diagnosticos-preconceptivos-y-prenatales-las-llamadas-acciones-de-wrongful-birth-y-wrongful-life\/"},"modified":"2018-03-09T09:19:11","modified_gmt":"2018-03-09T09:19:11","slug":"la-responsabilidad-por-los-diagnosticos-preconceptivos-y-prenatales-las-llamadas-acciones-de-wrongful-birth-y-wrongful-life","status":"publish","type":"post","link":"https:\/\/www.deberes.net\/tesis\/sin-categoria\/la-responsabilidad-por-los-diagnosticos-preconceptivos-y-prenatales-las-llamadas-acciones-de-wrongful-birth-y-wrongful-life\/","title":{"rendered":"La responsabilidad por los diagn\u00f3sticos preconceptivos y prenatales (las llamadas acciones de wrongful birth y wrongful life)"},"content":{"rendered":"<h2>Tesis doctoral de <strong> Andrea Mac\u00eda Morillo <\/strong><\/h2>\n<p>La tesis se centra en el an\u00e1lisis de un determinado supuesto de responsabilidad m\u00e9dica, que se produce en el siguiente caso: con ocasi\u00f3n de una prestaci\u00f3n sanitaria de diagn\u00f3stico en fase preconceptiva o prenatal, un profesional medico omite la informaci\u00f3n o emite un diagn\u00f3stico err\u00f3neo sobre el estado enfermo o discapacitado f\u00edsico o ps\u00edquico de un nasciturus o sobre los riesgos que amenazan a los concepturi.  en concreto, no informa a los progenitores de la existencia de peligros o de riesgos que se encuentran realmente presentes (falso negativo en el diagn\u00f3stico). Con ello, la conducta del profesional m\u00e9dico impide que los progenitores conozcan antes del transcurso del plazo legalmente fijado para interrupir voluntariamente el embarazo, o antes de la concepci\u00f3n del ni\u00f1o, los males que afectan a su descendencia futura; males respecto de los que no se conoce remiedio o cura, pero que podr\u00edan haber sido detectados (de acuerdo con los conocimientos cient\u00edficos del momento y los indicios presentes en el paciente), lo que podr\u00eda haber permitido a los progenitores evitar la concepci\u00f3n o interrumpir el embarazo en curso para evitar el nacimiento del ni\u00f1o enfermo (simpre y cuando, por supuesto, tales actuaciones est\u00e9n legalmente admitidas en el ordenamiento en cuesti\u00f3n).  a partir de estos hechos, se plantea reclamaci\u00f3n de responsabilidad por los progrenitores, que solicitan indemnizaci\u00f3n por los da\u00f1os derivados del nacimiento del hijo enfermo (demandas de wrongful birth); pero tambi\u00e9n se plante reclamaci\u00f3n de responsabilidad en nombre del propio ni\u00f1o nacido enfermo, por el da\u00f1o que le supone el hecho de vivir sometido a las condiciones con las que ha nacido (demandas de wrongful life). Ambas reclamaciones de responsabilidad han sido muy discutidas por la doctrina y jurisprudencia nacional y extranjera, siendo la tendencia general la de admitir la responsabilidad reclamada por los progenitores, pero rechazar la que r<\/p>\n<p>&nbsp;<\/p>\n<h3>Datos acad\u00e9micos de la tesis doctoral \u00ab<strong>La responsabilidad por los diagn\u00f3sticos preconceptivos y prenatales (las llamadas acciones de wrongful birth y wrongful life)<\/strong>\u00ab<\/h3>\n<ul>\n<li><strong>T\u00edtulo de la tesis:<\/strong>\u00a0 La responsabilidad por los diagn\u00f3sticos preconceptivos y prenatales (las llamadas acciones de wrongful birth y wrongful life) <\/li>\n<li><strong>Autor:<\/strong>\u00a0 Andrea Mac\u00eda Morillo <\/li>\n<li><strong>Universidad:<\/strong>\u00a0 Aut\u00f3noma de Madrid<\/li>\n<li><strong>Fecha de lectura de la tesis:<\/strong>\u00a0 26\/11\/2003<\/li>\n<\/ul>\n<p>&nbsp;<\/p>\n<h3>Direcci\u00f3n y tribunal<\/h3>\n<ul>\n<li><strong>Director de la tesis<\/strong>\n<ul>\n<li> Miquel Gonz\u00e1lez Jos\u00e9 M.<\/li>\n<\/ul>\n<\/li>\n<li><strong>Tribunal<\/strong>\n<ul>\n<li>Presidente del tribunal: encarnacio Roca trias <\/li>\n<li>Fernando Pantale\u00f3n prieto (vocal)<\/li>\n<li> \u00e1ngel y\u00e1g\u00ed\u00bcez ricardo de (vocal)<\/li>\n<li>miquel Martin casals (vocal)<\/li>\n<\/ul>\n<\/li>\n<\/ul>\n<p>&nbsp;<\/p>\n","protected":false},"excerpt":{"rendered":"<p>Tesis doctoral de Andrea Mac\u00eda Morillo La tesis se centra en el an\u00e1lisis de un determinado supuesto de responsabilidad m\u00e9dica, [&hellip;]<\/p>\n","protected":false},"author":1,"featured_media":0,"comment_status":"open","ping_status":"open","sticky":false,"template":"","format":"standard","meta":{"site-sidebar-layout":"default","site-content-layout":"","ast-site-content-layout":"","site-content-style":"default","site-sidebar-style":"default","ast-global-header-display":"","ast-banner-title-visibility":"","ast-main-header-display":"","ast-hfb-above-header-display":"","ast-hfb-below-header-display":"","ast-hfb-mobile-header-display":"","site-post-title":"","ast-breadcrumbs-content":"","ast-featured-img":"","footer-sml-layout":"","theme-transparent-header-meta":"","adv-header-id-meta":"","stick-header-meta":"","header-above-stick-meta":"","header-main-stick-meta":"","header-below-stick-meta":"","astra-migrate-meta-layouts":"default","ast-page-background-enabled":"default","ast-page-background-meta":{"desktop":{"background-color":"var(--ast-global-color-4)","background-image":"","background-repeat":"repeat","background-position":"center center","background-size":"auto","background-attachment":"scroll","background-type":"","background-media":"","overlay-type":"","overlay-color":"","overlay-gradient":""},"tablet":{"background-color":"","background-image":"","background-repeat":"repeat","background-position":"center center","background-size":"auto","background-attachment":"scroll","background-type":"","background-media":"","overlay-type":"","overlay-color":"","overlay-gradient":""},"mobile":{"background-color":"","background-image":"","background-repeat":"repeat","background-position":"center center","background-size":"auto","background-attachment":"scroll","background-type":"","background-media":"","overlay-type":"","overlay-color":"","overlay-gradient":""}},"ast-content-background-meta":{"desktop":{"background-color":"var(--ast-global-color-5)","background-image":"","background-repeat":"repeat","background-position":"center center","background-size":"auto","background-attachment":"scroll","background-type":"","background-media":"","overlay-type":"","overlay-color":"","overlay-gradient":""},"tablet":{"background-color":"var(--ast-global-color-5)","background-image":"","background-repeat":"repeat","background-position":"center center","background-size":"auto","background-attachment":"scroll","background-type":"","background-media":"","overlay-type":"","overlay-color":"","overlay-gradient":""},"mobile":{"background-color":"var(--ast-global-color-5)","background-image":"","background-repeat":"repeat","background-position":"center center","background-size":"auto","background-attachment":"scroll","background-type":"","background-media":"","overlay-type":"","overlay-color":"","overlay-gradient":""}},"footnotes":""},"categories":[1],"tags":[77952,66084,12303,14299,14298,47867],"class_list":["post-27079","post","type-post","status-publish","format-standard","hentry","category-sin-categoria","tag-andrea-macia-morillo","tag-angel-yagiez-ricardo-de","tag-encarnacio-roca-trias","tag-fernando-pantaleon-prieto","tag-miquel-gonzalez-jose-m","tag-miquel-martin-casals"],"_links":{"self":[{"href":"https:\/\/www.deberes.net\/tesis\/wp-json\/wp\/v2\/posts\/27079","targetHints":{"allow":["GET"]}}],"collection":[{"href":"https:\/\/www.deberes.net\/tesis\/wp-json\/wp\/v2\/posts"}],"about":[{"href":"https:\/\/www.deberes.net\/tesis\/wp-json\/wp\/v2\/types\/post"}],"author":[{"embeddable":true,"href":"https:\/\/www.deberes.net\/tesis\/wp-json\/wp\/v2\/users\/1"}],"replies":[{"embeddable":true,"href":"https:\/\/www.deberes.net\/tesis\/wp-json\/wp\/v2\/comments?post=27079"}],"version-history":[{"count":0,"href":"https:\/\/www.deberes.net\/tesis\/wp-json\/wp\/v2\/posts\/27079\/revisions"}],"wp:attachment":[{"href":"https:\/\/www.deberes.net\/tesis\/wp-json\/wp\/v2\/media?parent=27079"}],"wp:term":[{"taxonomy":"category","embeddable":true,"href":"https:\/\/www.deberes.net\/tesis\/wp-json\/wp\/v2\/categories?post=27079"},{"taxonomy":"post_tag","embeddable":true,"href":"https:\/\/www.deberes.net\/tesis\/wp-json\/wp\/v2\/tags?post=27079"}],"curies":[{"name":"wp","href":"https:\/\/api.w.org\/{rel}","templated":true}]}}