{"id":27085,"date":"2018-03-09T09:19:12","date_gmt":"2018-03-09T09:19:12","guid":{"rendered":"https:\/\/www.deberes.net\/tesis\/sin-categoria\/diseno-y-fabricacion-de-una-antena-para-tratamiento-de-enfermedades-neurodegenerativas-mediante-campos-electromagneticos\/"},"modified":"2018-03-09T09:19:12","modified_gmt":"2018-03-09T09:19:12","slug":"diseno-y-fabricacion-de-una-antena-para-tratamiento-de-enfermedades-neurodegenerativas-mediante-campos-electromagneticos","status":"publish","type":"post","link":"https:\/\/www.deberes.net\/tesis\/alcala\/diseno-y-fabricacion-de-una-antena-para-tratamiento-de-enfermedades-neurodegenerativas-mediante-campos-electromagneticos\/","title":{"rendered":"Dise\u00f1o y fabricacion de una antena para tratamiento de enfermedades neurodegenerativas mediante campos electromagneticos."},"content":{"rendered":"<h2>Tesis doctoral de <strong> Ignacio Montiel Sanchez <\/strong><\/h2>\n<p>El tratamiento de enfermedades neurodegenerativas  se presenta como uno de los campos de investigaci\u00f3n de m\u00e1s relevancia en la actualidad, dada la falta de soluciones efectivas de los tratamientos convencionales y el que se desconozca el origen de estas enfermedades.  en esta tesis se propone un planteamiento enfocado desde un punto de vista biof\u00edsico que supone un nuevo avance en las posibilidades de tratamiento y abre una nueva l\u00ednea de investigaci\u00f3n en la materia.  tomando como antecedentes los trabajos realizados con campos magn\u00e9ticos de frecuencia extremadamente baja (elf) y niveles de intensidad en el rango de los picoteslas, se contin\u00faa con un tratamamiento tambi\u00e9n basado en el bioelectromagnetismo, mediante la utilizaci\u00f3n de frecuencias portadoras muy superiores, en el rango de las microondas, moduladas en el rango de frecuencias elf.  la justificaci\u00f3n de este tipo de tratamiento se basa en la desincronizaci\u00f3n de los osciladores end\u00f3genos del organismo humano. Dichos osciladores requieren se\u00f1ales sincronizadoras externas naturales, entre las que se encuentran las ondas de schumann, que son campos electromagn\u00e9ticos elf, que resuenan en la cavidad tierra-ionosfera, excitada a trav\u00e9s de las descargas electrost\u00e1ticas de las tormentas el\u00e9ctricas.  el mecanismo sensor electromagn\u00e9tico utilizado por el organismo humano m\u00e1s plausible ser\u00eda a trav\u00e9s de la biomagnetita, descubierta en los tejidos cerebrales humanos por kirschvink en 1992.  el dispositivo realizado en esta tesis produce una se\u00f1al sincronizadora consistente en una portadora de frecuencia en banda x , a 10 gigahertzios, modulada a los 7.8 hertzios de la frecuencia fundamental de la resonancia de schumann.  consiste en un generador de se\u00f1al que, mediante un cable coaxial alimenta una antena que hemos especificado para introducir de forma \u00f3ptima esta se\u00f1al a la cabeza del paciente y se ha dise\u00f1ado y fabricado en tecnolog\u00eda microstrip. La adaptac<\/p>\n<p>&nbsp;<\/p>\n<h3>Datos acad\u00e9micos de la tesis doctoral \u00ab<strong>Dise\u00f1o y fabricacion de una antena para tratamiento de enfermedades neurodegenerativas mediante campos electromagneticos.<\/strong>\u00ab<\/h3>\n<ul>\n<li><strong>T\u00edtulo de la tesis:<\/strong>\u00a0 Dise\u00f1o y fabricacion de una antena para tratamiento de enfermedades neurodegenerativas mediante campos electromagneticos. <\/li>\n<li><strong>Autor:<\/strong>\u00a0 Ignacio Montiel Sanchez <\/li>\n<li><strong>Universidad:<\/strong>\u00a0 Alcal\u00e1<\/li>\n<li><strong>Fecha de lectura de la tesis:<\/strong>\u00a0 26\/11\/2003<\/li>\n<\/ul>\n<p>&nbsp;<\/p>\n<h3>Direcci\u00f3n y tribunal<\/h3>\n<ul>\n<li><strong>Director de la tesis<\/strong>\n<ul>\n<li>Jos\u00e9 Luis Bardasano Rubio<\/li>\n<\/ul>\n<\/li>\n<li><strong>Tribunal<\/strong>\n<ul>\n<li>Presidente del tribunal: Jos\u00e9 manuel Amaya garcia de la escosura <\/li>\n<li>ceferino Maestu unturbe (vocal)<\/li>\n<li>eduardo Sanchiz garrote (vocal)<\/li>\n<li> Simon calero Juli\u00e1n Luis (vocal)<\/li>\n<\/ul>\n<\/li>\n<\/ul>\n<p>&nbsp;<\/p>\n","protected":false},"excerpt":{"rendered":"<p>Tesis doctoral de Ignacio Montiel Sanchez El tratamiento de enfermedades neurodegenerativas se presenta como uno de los campos de investigaci\u00f3n [&hellip;]<\/p>\n","protected":false},"author":1,"featured_media":0,"comment_status":"open","ping_status":"open","sticky":false,"template":"","format":"standard","meta":{"site-sidebar-layout":"default","site-content-layout":"","ast-site-content-layout":"","site-content-style":"default","site-sidebar-style":"default","ast-global-header-display":"","ast-banner-title-visibility":"","ast-main-header-display":"","ast-hfb-above-header-display":"","ast-hfb-below-header-display":"","ast-hfb-mobile-header-display":"","site-post-title":"","ast-breadcrumbs-content":"","ast-featured-img":"","footer-sml-layout":"","theme-transparent-header-meta":"","adv-header-id-meta":"","stick-header-meta":"","header-above-stick-meta":"","header-main-stick-meta":"","header-below-stick-meta":"","astra-migrate-meta-layouts":"default","ast-page-background-enabled":"default","ast-page-background-meta":{"desktop":{"background-color":"var(--ast-global-color-4)","background-image":"","background-repeat":"repeat","background-position":"center center","background-size":"auto","background-attachment":"scroll","background-type":"","background-media":"","overlay-type":"","overlay-color":"","overlay-gradient":""},"tablet":{"background-color":"","background-image":"","background-repeat":"repeat","background-position":"center center","background-size":"auto","background-attachment":"scroll","background-type":"","background-media":"","overlay-type":"","overlay-color":"","overlay-gradient":""},"mobile":{"background-color":"","background-image":"","background-repeat":"repeat","background-position":"center center","background-size":"auto","background-attachment":"scroll","background-type":"","background-media":"","overlay-type":"","overlay-color":"","overlay-gradient":""}},"ast-content-background-meta":{"desktop":{"background-color":"var(--ast-global-color-5)","background-image":"","background-repeat":"repeat","background-position":"center center","background-size":"auto","background-attachment":"scroll","background-type":"","background-media":"","overlay-type":"","overlay-color":"","overlay-gradient":""},"tablet":{"background-color":"var(--ast-global-color-5)","background-image":"","background-repeat":"repeat","background-position":"center center","background-size":"auto","background-attachment":"scroll","background-type":"","background-media":"","overlay-type":"","overlay-color":"","overlay-gradient":""},"mobile":{"background-color":"var(--ast-global-color-5)","background-image":"","background-repeat":"repeat","background-position":"center center","background-size":"auto","background-attachment":"scroll","background-type":"","background-media":"","overlay-type":"","overlay-color":"","overlay-gradient":""}},"footnotes":""},"categories":[17426],"tags":[77963,77964,77962,17459,31840,77965],"class_list":["post-27085","post","type-post","status-publish","format-standard","hentry","category-alcala","tag-ceferino-maestu-unturbe","tag-eduardo-sanchiz-garrote","tag-ignacio-montiel-sanchez","tag-jose-luis-bardasano-rubio","tag-jose-manuel-amaya-garcia-de-la-escosura","tag-simon-calero-julian-luis"],"_links":{"self":[{"href":"https:\/\/www.deberes.net\/tesis\/wp-json\/wp\/v2\/posts\/27085","targetHints":{"allow":["GET"]}}],"collection":[{"href":"https:\/\/www.deberes.net\/tesis\/wp-json\/wp\/v2\/posts"}],"about":[{"href":"https:\/\/www.deberes.net\/tesis\/wp-json\/wp\/v2\/types\/post"}],"author":[{"embeddable":true,"href":"https:\/\/www.deberes.net\/tesis\/wp-json\/wp\/v2\/users\/1"}],"replies":[{"embeddable":true,"href":"https:\/\/www.deberes.net\/tesis\/wp-json\/wp\/v2\/comments?post=27085"}],"version-history":[{"count":0,"href":"https:\/\/www.deberes.net\/tesis\/wp-json\/wp\/v2\/posts\/27085\/revisions"}],"wp:attachment":[{"href":"https:\/\/www.deberes.net\/tesis\/wp-json\/wp\/v2\/media?parent=27085"}],"wp:term":[{"taxonomy":"category","embeddable":true,"href":"https:\/\/www.deberes.net\/tesis\/wp-json\/wp\/v2\/categories?post=27085"},{"taxonomy":"post_tag","embeddable":true,"href":"https:\/\/www.deberes.net\/tesis\/wp-json\/wp\/v2\/tags?post=27085"}],"curies":[{"name":"wp","href":"https:\/\/api.w.org\/{rel}","templated":true}]}}