{"id":27103,"date":"2018-03-09T09:19:13","date_gmt":"2018-03-09T09:19:13","guid":{"rendered":"https:\/\/www.deberes.net\/tesis\/sin-categoria\/universidad-y-cultura-el-concepto-de-cultura-en-las-titulaciones-de-maestro-especialista-de-la-universidad-de-la-laguna-apuntes-para-una-propuesta-didactica\/"},"modified":"2018-03-09T09:19:13","modified_gmt":"2018-03-09T09:19:13","slug":"universidad-y-cultura-el-concepto-de-cultura-en-las-titulaciones-de-maestro-especialista-de-la-universidad-de-la-laguna-apuntes-para-una-propuesta-didactica","status":"publish","type":"post","link":"https:\/\/www.deberes.net\/tesis\/la-laguna\/universidad-y-cultura-el-concepto-de-cultura-en-las-titulaciones-de-maestro-especialista-de-la-universidad-de-la-laguna-apuntes-para-una-propuesta-didactica\/","title":{"rendered":"Universidad y cultura. el concepto de cultura en las titulaciones de maestro especialista de la universidad de la laguna. apuntes para una propuesta did\u00e1ctica"},"content":{"rendered":"<h2>Tesis doctoral de <strong> Gilberto Martin Teixe <\/strong><\/h2>\n<p>Estudios descriptivos y cualitativo del concepto de cultura en el alumnado de las titulaciones de maestro especialista de la universidad de la laguna durante los cursos acad\u00e9micos 2001\/02 y 2002\/03. La investigaci\u00f3n intenta clarificar qu\u00e9 contenidos y qu\u00e9 did\u00e1ctica deben estar presentes en la ense\u00f1anza y el aprendizaje de la materia el medio cultural que se imparte en estas titulaciones. Partiendo de un concepto de cultura fundamentado en las aportaciones multidisciplinares de las cc. Sociales, confront\u00e1ndolo con la pol\u00edtica cultura y la cultura curricular subyacentes en el sistema educativo espa\u00f1ol y con los resultados obtenidos, se sugieren propuestas did\u00e1ticas para la elaboraci\u00f3n de un proyecto docente que desde el contexto de la did\u00e1ctica de la cc. Sociales se realice a partir de la legislaci\u00f3n vigente, los nuevos retos socioculturales de la denominada cultura de la globalizaci\u00f3n y la actual situaci\u00f3n sociocultural del alumnado.<\/p>\n<p>&nbsp;<\/p>\n<h3>Datos acad\u00e9micos de la tesis doctoral \u00ab<strong>Universidad y cultura. el concepto de cultura en las titulaciones de maestro especialista de la universidad de la laguna. apuntes para una propuesta did\u00e1ctica<\/strong>\u00ab<\/h3>\n<ul>\n<li><strong>T\u00edtulo de la tesis:<\/strong>\u00a0 Universidad y cultura. el concepto de cultura en las titulaciones de maestro especialista de la universidad de la laguna. apuntes para una propuesta did\u00e1ctica <\/li>\n<li><strong>Autor:<\/strong>\u00a0 Gilberto Martin Teixe <\/li>\n<li><strong>Universidad:<\/strong>\u00a0 La laguna<\/li>\n<li><strong>Fecha de lectura de la tesis:<\/strong>\u00a0 27\/11\/2003<\/li>\n<\/ul>\n<p>&nbsp;<\/p>\n<h3>Direcci\u00f3n y tribunal<\/h3>\n<ul>\n<li><strong>Director de la tesis<\/strong>\n<ul>\n<li>Salvador Quintero Rodriguez<\/li>\n<\/ul>\n<\/li>\n<li><strong>Tribunal<\/strong>\n<ul>\n<li>Presidente del tribunal: Antonio Gomez ortiz <\/li>\n<li>lidia esther Santana vega (vocal)<\/li>\n<li> Feliciano Garc\u00eda Luis Antonio (vocal)<\/li>\n<li>  (vocal)<\/li>\n<\/ul>\n<\/li>\n<\/ul>\n<p>&nbsp;<\/p>\n","protected":false},"excerpt":{"rendered":"<p>Tesis doctoral de Gilberto Martin Teixe Estudios descriptivos y cualitativo del concepto de cultura en el alumnado de las titulaciones [&hellip;]<\/p>\n","protected":false},"author":1,"featured_media":0,"comment_status":"open","ping_status":"open","sticky":false,"template":"","format":"standard","meta":{"site-sidebar-layout":"default","site-content-layout":"","ast-site-content-layout":"","site-content-style":"default","site-sidebar-style":"default","ast-global-header-display":"","ast-banner-title-visibility":"","ast-main-header-display":"","ast-hfb-above-header-display":"","ast-hfb-below-header-display":"","ast-hfb-mobile-header-display":"","site-post-title":"","ast-breadcrumbs-content":"","ast-featured-img":"","footer-sml-layout":"","theme-transparent-header-meta":"","adv-header-id-meta":"","stick-header-meta":"","header-above-stick-meta":"","header-main-stick-meta":"","header-below-stick-meta":"","astra-migrate-meta-layouts":"default","ast-page-background-enabled":"default","ast-page-background-meta":{"desktop":{"background-color":"var(--ast-global-color-4)","background-image":"","background-repeat":"repeat","background-position":"center center","background-size":"auto","background-attachment":"scroll","background-type":"","background-media":"","overlay-type":"","overlay-color":"","overlay-gradient":""},"tablet":{"background-color":"","background-image":"","background-repeat":"repeat","background-position":"center center","background-size":"auto","background-attachment":"scroll","background-type":"","background-media":"","overlay-type":"","overlay-color":"","overlay-gradient":""},"mobile":{"background-color":"","background-image":"","background-repeat":"repeat","background-position":"center center","background-size":"auto","background-attachment":"scroll","background-type":"","background-media":"","overlay-type":"","overlay-color":"","overlay-gradient":""}},"ast-content-background-meta":{"desktop":{"background-color":"var(--ast-global-color-5)","background-image":"","background-repeat":"repeat","background-position":"center center","background-size":"auto","background-attachment":"scroll","background-type":"","background-media":"","overlay-type":"","overlay-color":"","overlay-gradient":""},"tablet":{"background-color":"var(--ast-global-color-5)","background-image":"","background-repeat":"repeat","background-position":"center center","background-size":"auto","background-attachment":"scroll","background-type":"","background-media":"","overlay-type":"","overlay-color":"","overlay-gradient":""},"mobile":{"background-color":"var(--ast-global-color-5)","background-image":"","background-repeat":"repeat","background-position":"center center","background-size":"auto","background-attachment":"scroll","background-type":"","background-media":"","overlay-type":"","overlay-color":"","overlay-gradient":""}},"footnotes":""},"categories":[9915],"tags":[19924,78018,78016,9938,78017],"class_list":["post-27103","post","type-post","status-publish","format-standard","hentry","category-la-laguna","tag-antonio-gomez-ortiz","tag-feliciano-garcia-luis-antonio","tag-gilberto-martin-teixe","tag-lidia-esther-santana-vega","tag-salvador-quintero-rodriguez"],"_links":{"self":[{"href":"https:\/\/www.deberes.net\/tesis\/wp-json\/wp\/v2\/posts\/27103","targetHints":{"allow":["GET"]}}],"collection":[{"href":"https:\/\/www.deberes.net\/tesis\/wp-json\/wp\/v2\/posts"}],"about":[{"href":"https:\/\/www.deberes.net\/tesis\/wp-json\/wp\/v2\/types\/post"}],"author":[{"embeddable":true,"href":"https:\/\/www.deberes.net\/tesis\/wp-json\/wp\/v2\/users\/1"}],"replies":[{"embeddable":true,"href":"https:\/\/www.deberes.net\/tesis\/wp-json\/wp\/v2\/comments?post=27103"}],"version-history":[{"count":0,"href":"https:\/\/www.deberes.net\/tesis\/wp-json\/wp\/v2\/posts\/27103\/revisions"}],"wp:attachment":[{"href":"https:\/\/www.deberes.net\/tesis\/wp-json\/wp\/v2\/media?parent=27103"}],"wp:term":[{"taxonomy":"category","embeddable":true,"href":"https:\/\/www.deberes.net\/tesis\/wp-json\/wp\/v2\/categories?post=27103"},{"taxonomy":"post_tag","embeddable":true,"href":"https:\/\/www.deberes.net\/tesis\/wp-json\/wp\/v2\/tags?post=27103"}],"curies":[{"name":"wp","href":"https:\/\/api.w.org\/{rel}","templated":true}]}}