{"id":27123,"date":"2018-03-09T09:19:15","date_gmt":"2018-03-09T09:19:15","guid":{"rendered":"https:\/\/www.deberes.net\/tesis\/sin-categoria\/variables-de-exito-en-la-formacion-del-profesorado\/"},"modified":"2018-03-09T09:19:15","modified_gmt":"2018-03-09T09:19:15","slug":"variables-de-exito-en-la-formacion-del-profesorado","status":"publish","type":"post","link":"https:\/\/www.deberes.net\/tesis\/extremadura\/variables-de-exito-en-la-formacion-del-profesorado\/","title":{"rendered":"Variables de \u00e9xito en la formaci\u00f3n del profesorado"},"content":{"rendered":"<h2>Tesis doctoral de <strong> Mercedes G\u00f3mez Acu\u00f1as <\/strong><\/h2>\n<p>Investigaci\u00f3n sobre el \u00abdesarrollo de la carrera\u00bb de los alumnos de la escuela de magisterio de badajoz, desde los a\u00f1os 70. Correspondientes a tres planes de estudio: plan 1967, plan 1971 y plan 1991. En dicha investigaci\u00f3n se analizan las variables de \u00e9xito en los estudios de su formaci\u00f3n inicial y su relaci\u00f3n con la satisfacci\u00f3n en su puesto de trabajo actual. Se trata de un estudio comparativo, descriptivo y anal\u00edtico con enfoques cuantitativos y cualitativos. Los objetivos generales de la investigaci\u00f3n son los siguientes:  1,- analizar los factores implicados (curriculares, motivaci\u00f3n, estatus familiar..) Y manifestar su relaci\u00f3n con la situaci\u00f3n laboral actual.  2,- describir en t\u00e9rminos de proceso, es decir de itinerario, la historia ocupacional del entrevistado.  3,- recoger su opini\u00f3n sobre la utilidad de sus estudios de magisterio.  4,- comprobar en t\u00e9rminos de producto, es decir, de resultados personales y acad\u00e9micos, la satisfacci\u00f3n de los sujetos y su relaci\u00f3n con los dem\u00e1s variables.<\/p>\n<p>&nbsp;<\/p>\n<h3>Datos acad\u00e9micos de la tesis doctoral \u00ab<strong>Variables de \u00e9xito en la formaci\u00f3n del profesorado<\/strong>\u00ab<\/h3>\n<ul>\n<li><strong>T\u00edtulo de la tesis:<\/strong>\u00a0 Variables de \u00e9xito en la formaci\u00f3n del profesorado <\/li>\n<li><strong>Autor:<\/strong>\u00a0 Mercedes G\u00f3mez Acu\u00f1as <\/li>\n<li><strong>Universidad:<\/strong>\u00a0 Extremadura<\/li>\n<li><strong>Fecha de lectura de la tesis:<\/strong>\u00a0 28\/11\/2003<\/li>\n<\/ul>\n<p>&nbsp;<\/p>\n<h3>Direcci\u00f3n y tribunal<\/h3>\n<ul>\n<li><strong>Director de la tesis<\/strong>\n<ul>\n<li>Florencio Vicente Castro<\/li>\n<\/ul>\n<\/li>\n<li><strong>Tribunal<\/strong>\n<ul>\n<li>Presidente del tribunal: Antonio Mesonero valhondo <\/li>\n<li>Antonio Rodr\u00edguez di\u00e9guez (vocal)<\/li>\n<li>Mar\u00eda isabel Fajardo caldera (vocal)<\/li>\n<li>Javier Alcal\u00e1 caldera (vocal)<\/li>\n<\/ul>\n<\/li>\n<\/ul>\n<p>&nbsp;<\/p>\n","protected":false},"excerpt":{"rendered":"<p>Tesis doctoral de Mercedes G\u00f3mez Acu\u00f1as Investigaci\u00f3n sobre el \u00abdesarrollo de la carrera\u00bb de los alumnos de la escuela de [&hellip;]<\/p>\n","protected":false},"author":1,"featured_media":0,"comment_status":"open","ping_status":"open","sticky":false,"template":"","format":"standard","meta":{"site-sidebar-layout":"default","site-content-layout":"","ast-site-content-layout":"","site-content-style":"default","site-sidebar-style":"default","ast-global-header-display":"","ast-banner-title-visibility":"","ast-main-header-display":"","ast-hfb-above-header-display":"","ast-hfb-below-header-display":"","ast-hfb-mobile-header-display":"","site-post-title":"","ast-breadcrumbs-content":"","ast-featured-img":"","footer-sml-layout":"","theme-transparent-header-meta":"","adv-header-id-meta":"","stick-header-meta":"","header-above-stick-meta":"","header-main-stick-meta":"","header-below-stick-meta":"","astra-migrate-meta-layouts":"default","ast-page-background-enabled":"default","ast-page-background-meta":{"desktop":{"background-color":"var(--ast-global-color-4)","background-image":"","background-repeat":"repeat","background-position":"center center","background-size":"auto","background-attachment":"scroll","background-type":"","background-media":"","overlay-type":"","overlay-color":"","overlay-gradient":""},"tablet":{"background-color":"","background-image":"","background-repeat":"repeat","background-position":"center center","background-size":"auto","background-attachment":"scroll","background-type":"","background-media":"","overlay-type":"","overlay-color":"","overlay-gradient":""},"mobile":{"background-color":"","background-image":"","background-repeat":"repeat","background-position":"center center","background-size":"auto","background-attachment":"scroll","background-type":"","background-media":"","overlay-type":"","overlay-color":"","overlay-gradient":""}},"ast-content-background-meta":{"desktop":{"background-color":"var(--ast-global-color-5)","background-image":"","background-repeat":"repeat","background-position":"center center","background-size":"auto","background-attachment":"scroll","background-type":"","background-media":"","overlay-type":"","overlay-color":"","overlay-gradient":""},"tablet":{"background-color":"var(--ast-global-color-5)","background-image":"","background-repeat":"repeat","background-position":"center center","background-size":"auto","background-attachment":"scroll","background-type":"","background-media":"","overlay-type":"","overlay-color":"","overlay-gradient":""},"mobile":{"background-color":"var(--ast-global-color-5)","background-image":"","background-repeat":"repeat","background-position":"center center","background-size":"auto","background-attachment":"scroll","background-type":"","background-media":"","overlay-type":"","overlay-color":"","overlay-gradient":""}},"footnotes":""},"categories":[949],"tags":[55354,9939,7144,78066,56535,78065],"class_list":["post-27123","post","type-post","status-publish","format-standard","hentry","category-extremadura","tag-antonio-mesonero-valhondo","tag-antonio-rodriguez-dieguez","tag-florencio-vicente-castro","tag-javier-alcala-caldera","tag-maria-isabel-fajardo-caldera","tag-mercedes-gomez-acunas"],"_links":{"self":[{"href":"https:\/\/www.deberes.net\/tesis\/wp-json\/wp\/v2\/posts\/27123","targetHints":{"allow":["GET"]}}],"collection":[{"href":"https:\/\/www.deberes.net\/tesis\/wp-json\/wp\/v2\/posts"}],"about":[{"href":"https:\/\/www.deberes.net\/tesis\/wp-json\/wp\/v2\/types\/post"}],"author":[{"embeddable":true,"href":"https:\/\/www.deberes.net\/tesis\/wp-json\/wp\/v2\/users\/1"}],"replies":[{"embeddable":true,"href":"https:\/\/www.deberes.net\/tesis\/wp-json\/wp\/v2\/comments?post=27123"}],"version-history":[{"count":0,"href":"https:\/\/www.deberes.net\/tesis\/wp-json\/wp\/v2\/posts\/27123\/revisions"}],"wp:attachment":[{"href":"https:\/\/www.deberes.net\/tesis\/wp-json\/wp\/v2\/media?parent=27123"}],"wp:term":[{"taxonomy":"category","embeddable":true,"href":"https:\/\/www.deberes.net\/tesis\/wp-json\/wp\/v2\/categories?post=27123"},{"taxonomy":"post_tag","embeddable":true,"href":"https:\/\/www.deberes.net\/tesis\/wp-json\/wp\/v2\/tags?post=27123"}],"curies":[{"name":"wp","href":"https:\/\/api.w.org\/{rel}","templated":true}]}}