{"id":27129,"date":"2018-03-09T09:19:16","date_gmt":"2018-03-09T09:19:16","guid":{"rendered":"https:\/\/www.deberes.net\/tesis\/sin-categoria\/estudios-de-relacion-estructura-actividad-sar-en-lactonas-sesquiterpenicas-como-modelos-de-herbicidas-naturales\/"},"modified":"2018-03-09T09:19:16","modified_gmt":"2018-03-09T09:19:16","slug":"estudios-de-relacion-estructura-actividad-sar-en-lactonas-sesquiterpenicas-como-modelos-de-herbicidas-naturales","status":"publish","type":"post","link":"https:\/\/www.deberes.net\/tesis\/cadiz\/estudios-de-relacion-estructura-actividad-sar-en-lactonas-sesquiterpenicas-como-modelos-de-herbicidas-naturales\/","title":{"rendered":"Estudios de relaci\u00f3n estructura actividad (sar) en lactonas sesquiterp\u00e9nicas como modelos de herbicidas naturales"},"content":{"rendered":"<h2>Tesis doctoral de <strong> Ra\u00fal Fern\u00e1ndez Velasco <\/strong><\/h2>\n<p>El presente trabajo presenta la s\u00edntesis y caracterizaci\u00f3n estructural de lactonas sesquiterp\u00e9nicas con esqueletos de germacranolida y guayanolida. se han preparado un total de 70 lactonas, habi\u00e9ndose realizado los correspondientes bionensayos sobre cole\u00f3ptilos etiolados de trigo, con semillas de especies cultivadas y malas hierbas en placas de petri y con pl\u00e1ntulas de malas hierbas en condiciones hidrop\u00f3nicas. Se ha estudiado el mecanismo de la reacci\u00f3n de oxidaci\u00f3n al\u00edlica con di\u00f3xido de selenio y terc-butilhidroper\u00f3xido, proponiendo una explicaci\u00f3n basada en el momento dipolar del primer estado de transici\u00f3n para explicar la reactividad observada en el caso de las germacranolidas. De esta forma, se ha desarrollo un m\u00e9todo asquible y con buenos rendimientos para la obtenci\u00f3n de melampolidas y cis, cis-germacranolidas a partir de trans, trans-germacranolidas. En el caso del as guayanolidas, la regio y estereoselectividad se ha justificado en base a criterios termodin\u00e1micos y cin\u00e9ticos basados en el c\u00e1lculo y comparaci\u00f3n de las entalp\u00edas de formaci\u00f3n obtenidas mediante c\u00e1lculos semiemp\u00edricos (pm3).  se ha establecido una relaci\u00f3n cuantitativa (qsar) entre la actividad observada para los distintos derivados de guayanolida con cadena lienal y su bioactividad basada en el valos del coeficiente de partici\u00f3n octanol\/agua (logp) que se adecua al modelo de hansch, previamente establecido en estudios para f\u00e1rmacos. Los valores de logp han sido calculados mediante la aplicaci\u00f3n inform\u00e1tica ialogp, basada en redes neuronales. Estos estudios ponen de manifiesto que el factor fundamental que determina los cambios en la actividad observados para los distintos derivados es el transporte, entendido como capacidad de cruce de las membranas celulares y como capacidad apra ser transportado en medio acuoso, siendo necesaria una soluci\u00f3n de compromiso entre ambos factores para obtener los mejores resultados. En este sentido, los<\/p>\n<p>&nbsp;<\/p>\n<h3>Datos acad\u00e9micos de la tesis doctoral \u00ab<strong>Estudios de relaci\u00f3n estructura actividad (sar) en lactonas sesquiterp\u00e9nicas como modelos de herbicidas naturales<\/strong>\u00ab<\/h3>\n<ul>\n<li><strong>T\u00edtulo de la tesis:<\/strong>\u00a0 Estudios de relaci\u00f3n estructura actividad (sar) en lactonas sesquiterp\u00e9nicas como modelos de herbicidas naturales <\/li>\n<li><strong>Autor:<\/strong>\u00a0 Ra\u00fal Fern\u00e1ndez Velasco <\/li>\n<li><strong>Universidad:<\/strong>\u00a0 C\u00e1diz<\/li>\n<li><strong>Fecha de lectura de la tesis:<\/strong>\u00a0 28\/11\/2003<\/li>\n<\/ul>\n<p>&nbsp;<\/p>\n<h3>Direcci\u00f3n y tribunal<\/h3>\n<ul>\n<li><strong>Director de la tesis<\/strong>\n<ul>\n<li>Francisco Antonio Mac\u00edas Dom\u00ednguez<\/li>\n<\/ul>\n<\/li>\n<li><strong>Tribunal<\/strong>\n<ul>\n<li>Presidente del tribunal: guillermo Mart\u00ednez massanet <\/li>\n<li>Rafael de Prado amian (vocal)<\/li>\n<li> Reigosa roger Manuel Jes\u00fas (vocal)<\/li>\n<li>o. Duke stephen (vocal)<\/li>\n<\/ul>\n<\/li>\n<\/ul>\n<p>&nbsp;<\/p>\n","protected":false},"excerpt":{"rendered":"<p>Tesis doctoral de Ra\u00fal Fern\u00e1ndez Velasco El presente trabajo presenta la s\u00edntesis y caracterizaci\u00f3n estructural de lactonas sesquiterp\u00e9nicas con esqueletos [&hellip;]<\/p>\n","protected":false},"author":1,"featured_media":0,"comment_status":"open","ping_status":"open","sticky":false,"template":"","format":"standard","meta":{"site-sidebar-layout":"default","site-content-layout":"","ast-site-content-layout":"","site-content-style":"default","site-sidebar-style":"default","ast-global-header-display":"","ast-banner-title-visibility":"","ast-main-header-display":"","ast-hfb-above-header-display":"","ast-hfb-below-header-display":"","ast-hfb-mobile-header-display":"","site-post-title":"","ast-breadcrumbs-content":"","ast-featured-img":"","footer-sml-layout":"","theme-transparent-header-meta":"","adv-header-id-meta":"","stick-header-meta":"","header-above-stick-meta":"","header-main-stick-meta":"","header-below-stick-meta":"","astra-migrate-meta-layouts":"default","ast-page-background-enabled":"default","ast-page-background-meta":{"desktop":{"background-color":"var(--ast-global-color-4)","background-image":"","background-repeat":"repeat","background-position":"center center","background-size":"auto","background-attachment":"scroll","background-type":"","background-media":"","overlay-type":"","overlay-color":"","overlay-gradient":""},"tablet":{"background-color":"","background-image":"","background-repeat":"repeat","background-position":"center center","background-size":"auto","background-attachment":"scroll","background-type":"","background-media":"","overlay-type":"","overlay-color":"","overlay-gradient":""},"mobile":{"background-color":"","background-image":"","background-repeat":"repeat","background-position":"center center","background-size":"auto","background-attachment":"scroll","background-type":"","background-media":"","overlay-type":"","overlay-color":"","overlay-gradient":""}},"ast-content-background-meta":{"desktop":{"background-color":"var(--ast-global-color-5)","background-image":"","background-repeat":"repeat","background-position":"center center","background-size":"auto","background-attachment":"scroll","background-type":"","background-media":"","overlay-type":"","overlay-color":"","overlay-gradient":""},"tablet":{"background-color":"var(--ast-global-color-5)","background-image":"","background-repeat":"repeat","background-position":"center center","background-size":"auto","background-attachment":"scroll","background-type":"","background-media":"","overlay-type":"","overlay-color":"","overlay-gradient":""},"mobile":{"background-color":"var(--ast-global-color-5)","background-image":"","background-repeat":"repeat","background-position":"center center","background-size":"auto","background-attachment":"scroll","background-type":"","background-media":"","overlay-type":"","overlay-color":"","overlay-gradient":""}},"footnotes":""},"categories":[1506],"tags":[1650,1567,78078,66729,78077,51800],"class_list":["post-27129","post","type-post","status-publish","format-standard","hentry","category-cadiz","tag-francisco-antonio-macias-dominguez","tag-guillermo-Martinez-massanet","tag-o-duke-stephen","tag-rafael-de-prado-amian","tag-raul-fernandez-velasco","tag-reigosa-roger-manuel-jesus"],"_links":{"self":[{"href":"https:\/\/www.deberes.net\/tesis\/wp-json\/wp\/v2\/posts\/27129","targetHints":{"allow":["GET"]}}],"collection":[{"href":"https:\/\/www.deberes.net\/tesis\/wp-json\/wp\/v2\/posts"}],"about":[{"href":"https:\/\/www.deberes.net\/tesis\/wp-json\/wp\/v2\/types\/post"}],"author":[{"embeddable":true,"href":"https:\/\/www.deberes.net\/tesis\/wp-json\/wp\/v2\/users\/1"}],"replies":[{"embeddable":true,"href":"https:\/\/www.deberes.net\/tesis\/wp-json\/wp\/v2\/comments?post=27129"}],"version-history":[{"count":0,"href":"https:\/\/www.deberes.net\/tesis\/wp-json\/wp\/v2\/posts\/27129\/revisions"}],"wp:attachment":[{"href":"https:\/\/www.deberes.net\/tesis\/wp-json\/wp\/v2\/media?parent=27129"}],"wp:term":[{"taxonomy":"category","embeddable":true,"href":"https:\/\/www.deberes.net\/tesis\/wp-json\/wp\/v2\/categories?post=27129"},{"taxonomy":"post_tag","embeddable":true,"href":"https:\/\/www.deberes.net\/tesis\/wp-json\/wp\/v2\/tags?post=27129"}],"curies":[{"name":"wp","href":"https:\/\/api.w.org\/{rel}","templated":true}]}}