{"id":27143,"date":"2018-03-09T09:19:17","date_gmt":"2018-03-09T09:19:17","guid":{"rendered":"https:\/\/www.deberes.net\/tesis\/sin-categoria\/estudio-cla%c2%adnico-doble-ciego-controlado-con-placebo-de-un-alergoide-despigmentado-de-dermatophagoides-pteronyssinus-en-pacientes-con-asma-bronquial-alergica\/"},"modified":"2018-03-09T09:19:17","modified_gmt":"2018-03-09T09:19:17","slug":"estudio-cla%c2%adnico-doble-ciego-controlado-con-placebo-de-un-alergoide-despigmentado-de-dermatophagoides-pteronyssinus-en-pacientes-con-asma-bronquial-alergica","status":"publish","type":"post","link":"https:\/\/www.deberes.net\/tesis\/malaga\/estudio-cla%c2%adnico-doble-ciego-controlado-con-placebo-de-un-alergoide-despigmentado-de-dermatophagoides-pteronyssinus-en-pacientes-con-asma-bronquial-alergica\/","title":{"rendered":"Estudio cl\u00ednico doble ciego controlado con placebo de un alergoide despigmentado de dermatophagoides pteronyssinus en pacientes con asma bronquial al\u00e9rgica."},"content":{"rendered":"<h2>Tesis doctoral de <strong>  Ameal Godoy Ana M. <\/strong><\/h2>\n<p>Introducci\u00f3n: la inmunoterapia se ha usado durante m\u00e1s de 90 a\u00f1os como tratamiento alerg\u00e9nico espec\u00edfico. No obstante, a pesar de los avances conseguidos obteniendo potentes extractos, tienen el riesgo de producir reacciones adversas. Se han hecho muchos estudios para mejorar su seguridad; una forma es la modificaci\u00f3n del extracto mediante la polimerizaci\u00f3n con glutaraldeh\u00eddo. Por otro lado, la despigmentaci\u00f3n previa, inactiva la actividad enzim\u00e1tica y potencia la solubilidad de pol\u00edmero. El producto final comparado con el extracto nativo, presenta una inmunogenicidad similar o mayor y una significativa reducci\u00f3n de la alerginicidad. Objetivo: evaluar la eficacia cl\u00ednica de un extracto alerg\u00e9nico despigmentado y polimerizado (depigoid(r)) de dermatophagoides pteronyssinus en pacientes con asma bronquial al\u00e9rgica sensibilizados a este alergeno. Material y m\u00e9todos: el estudio se hizo randomizado controlado a doble ciego con placebo en dos grupos paralelos (activo y placebo). Fueron reclutados 55 pacientes (29 grupo activo, 26 placebo) y la eficacia cl\u00ednica fue evaluada usando la provocaci\u00f3n bronquial espec\u00edfica en ambos grupos con un extracto nativo de dermatophagoides pteronyssinus al principio y al final del estudio tras un a\u00f1o de tratamiento. Los resultados se expresaron como la cantidad acumulada de extracto que produc\u00eda una ca\u00edda del 20% del fev1 (pd20fev1). Por otro lado, los pacientes anotaban sus s\u00edntomas diariamente, usando una escala de 0 a 3. Resultados: los pacientes tratados con el extracto alerg\u00e9nico, recibieron una dosis total acumulada de 1.109 mgr. La media pd20fev1 al inicio del estudio fue de 3.9 hep, frente a los 10.9 hep alfinal del mismo. Esta diferencia fue estad\u00edsticamente significativa (p=0.0001).Por otro lado, el score de s\u00edntomas disminuy\u00f3<\/p>\n<p>&nbsp;<\/p>\n<h3>Datos acad\u00e9micos de la tesis doctoral \u00ab<strong>Estudio cl\u00ednico doble ciego controlado con placebo de un alergoide despigmentado de dermatophagoides pteronyssinus en pacientes con asma bronquial al\u00e9rgica.<\/strong>\u00ab<\/h3>\n<ul>\n<li><strong>T\u00edtulo de la tesis:<\/strong>\u00a0 Estudio cl\u00ednico doble ciego controlado con placebo de un alergoide despigmentado de dermatophagoides pteronyssinus en pacientes con asma bronquial al\u00e9rgica. <\/li>\n<li><strong>Autor:<\/strong>\u00a0  Ameal Godoy Ana M. <\/li>\n<li><strong>Universidad:<\/strong>\u00a0 M\u00e1laga<\/li>\n<li><strong>Fecha de lectura de la tesis:<\/strong>\u00a0 28\/11\/2003<\/li>\n<\/ul>\n<p>&nbsp;<\/p>\n<h3>Direcci\u00f3n y tribunal<\/h3>\n<ul>\n<li><strong>Director de la tesis<\/strong>\n<ul>\n<li>Miguel Morell Oca\u00f1a<\/li>\n<\/ul>\n<\/li>\n<li><strong>Tribunal<\/strong>\n<ul>\n<li>Presidente del tribunal: Mar\u00eda no Labajos claros <\/li>\n<li>Mar\u00eda Rubio sot\u00e9s (vocal)<\/li>\n<li>segia Cruz granados (vocal)<\/li>\n<li> Vega chicote Jos\u00e9 Mar\u00eda (vocal)<\/li>\n<\/ul>\n<\/li>\n<\/ul>\n<p>&nbsp;<\/p>\n","protected":false},"excerpt":{"rendered":"<p>Tesis doctoral de Ameal Godoy Ana M. Introducci\u00f3n: la inmunoterapia se ha usado durante m\u00e1s de 90 a\u00f1os como tratamiento [&hellip;]<\/p>\n","protected":false},"author":1,"featured_media":0,"comment_status":"open","ping_status":"open","sticky":false,"template":"","format":"standard","meta":{"site-sidebar-layout":"default","site-content-layout":"","ast-site-content-layout":"","site-content-style":"default","site-sidebar-style":"default","ast-global-header-display":"","ast-banner-title-visibility":"","ast-main-header-display":"","ast-hfb-above-header-display":"","ast-hfb-below-header-display":"","ast-hfb-mobile-header-display":"","site-post-title":"","ast-breadcrumbs-content":"","ast-featured-img":"","footer-sml-layout":"","theme-transparent-header-meta":"","adv-header-id-meta":"","stick-header-meta":"","header-above-stick-meta":"","header-main-stick-meta":"","header-below-stick-meta":"","astra-migrate-meta-layouts":"default","ast-page-background-enabled":"default","ast-page-background-meta":{"desktop":{"background-color":"var(--ast-global-color-4)","background-image":"","background-repeat":"repeat","background-position":"center center","background-size":"auto","background-attachment":"scroll","background-type":"","background-media":"","overlay-type":"","overlay-color":"","overlay-gradient":""},"tablet":{"background-color":"","background-image":"","background-repeat":"repeat","background-position":"center center","background-size":"auto","background-attachment":"scroll","background-type":"","background-media":"","overlay-type":"","overlay-color":"","overlay-gradient":""},"mobile":{"background-color":"","background-image":"","background-repeat":"repeat","background-position":"center center","background-size":"auto","background-attachment":"scroll","background-type":"","background-media":"","overlay-type":"","overlay-color":"","overlay-gradient":""}},"ast-content-background-meta":{"desktop":{"background-color":"var(--ast-global-color-5)","background-image":"","background-repeat":"repeat","background-position":"center center","background-size":"auto","background-attachment":"scroll","background-type":"","background-media":"","overlay-type":"","overlay-color":"","overlay-gradient":""},"tablet":{"background-color":"var(--ast-global-color-5)","background-image":"","background-repeat":"repeat","background-position":"center center","background-size":"auto","background-attachment":"scroll","background-type":"","background-media":"","overlay-type":"","overlay-color":"","overlay-gradient":""},"mobile":{"background-color":"var(--ast-global-color-5)","background-image":"","background-repeat":"repeat","background-position":"center center","background-size":"auto","background-attachment":"scroll","background-type":"","background-media":"","overlay-type":"","overlay-color":"","overlay-gradient":""}},"footnotes":""},"categories":[7834],"tags":[78100,53013,7963,2167,78101,78102],"class_list":["post-27143","post","type-post","status-publish","format-standard","hentry","category-malaga","tag-ameal-godoy-ana-m","tag-maria-no-labajos-claros","tag-maria-rubio-sotes","tag-miguel-morell-ocana","tag-segia-cruz-granados","tag-vega-chicote-jose-maria"],"_links":{"self":[{"href":"https:\/\/www.deberes.net\/tesis\/wp-json\/wp\/v2\/posts\/27143","targetHints":{"allow":["GET"]}}],"collection":[{"href":"https:\/\/www.deberes.net\/tesis\/wp-json\/wp\/v2\/posts"}],"about":[{"href":"https:\/\/www.deberes.net\/tesis\/wp-json\/wp\/v2\/types\/post"}],"author":[{"embeddable":true,"href":"https:\/\/www.deberes.net\/tesis\/wp-json\/wp\/v2\/users\/1"}],"replies":[{"embeddable":true,"href":"https:\/\/www.deberes.net\/tesis\/wp-json\/wp\/v2\/comments?post=27143"}],"version-history":[{"count":0,"href":"https:\/\/www.deberes.net\/tesis\/wp-json\/wp\/v2\/posts\/27143\/revisions"}],"wp:attachment":[{"href":"https:\/\/www.deberes.net\/tesis\/wp-json\/wp\/v2\/media?parent=27143"}],"wp:term":[{"taxonomy":"category","embeddable":true,"href":"https:\/\/www.deberes.net\/tesis\/wp-json\/wp\/v2\/categories?post=27143"},{"taxonomy":"post_tag","embeddable":true,"href":"https:\/\/www.deberes.net\/tesis\/wp-json\/wp\/v2\/tags?post=27143"}],"curies":[{"name":"wp","href":"https:\/\/api.w.org\/{rel}","templated":true}]}}