{"id":27159,"date":"2018-03-09T09:19:18","date_gmt":"2018-03-09T09:19:18","guid":{"rendered":"https:\/\/www.deberes.net\/tesis\/sin-categoria\/estudio-de-la-estructura-y-productividad-de-los-pastos-de-montana\/"},"modified":"2018-03-09T09:19:18","modified_gmt":"2018-03-09T09:19:18","slug":"estudio-de-la-estructura-y-productividad-de-los-pastos-de-montana","status":"publish","type":"post","link":"https:\/\/www.deberes.net\/tesis\/pais-vasco-euskal-herriko-unibertsitatea\/estudio-de-la-estructura-y-productividad-de-los-pastos-de-montana\/","title":{"rendered":"Estudio de la estructura y productividad de los pastos de monta\u00f1a"},"content":{"rendered":"<h2>Tesis doctoral de <strong> Isabel Albizu Beitia <\/strong><\/h2>\n<p>Las \u00e1reas de monta\u00f1a (definidas en la directiva europea 75\/268\/cee) son zonas de gran fragilidad y eminente car\u00e1cter multifuncional. Uno de los usos tradicionales en estas \u00e1reas es el pastoreo, actividad que ha conformado ecosistemas muy complejos en los que tienen lugar diversos mecanismos de interacci\u00f3n entre las comunidades vegetales y los herb\u00edvoros, con el factor hombre como dinamizador de los distintos procesos. Los cambios de uso de manchas de estas \u00e1reas pastorales dan lugar a numerosos interrogantes que ponen de manifiesto la precariedad de los conocimientos para su valoraci\u00f3n, aprovechamiento y conservaci\u00f3, siendo el objetivo general del presente trabajo. Los resultados que se obtienen ata\u00f1en, por una parte, al desarrollo de la propia metodolog\u00eda de evaluaci\u00f3n (estimadores de la producci\u00f3n: biomasa y altura del pasto) y por otra, a la obtenci\u00f3n de unas pautas de manejo que permitir\u00e1n dar una base t\u00e9cnica para regular las relaciones entre los organismos gestores y los usuarios (fundamentalmente, ganaderos) de las \u00e1reas de monta\u00f1a en el marco de la sostenibilidad.<\/p>\n<p>&nbsp;<\/p>\n<h3>Datos acad\u00e9micos de la tesis doctoral \u00ab<strong>Estudio de la estructura y productividad de los pastos de monta\u00f1a<\/strong>\u00ab<\/h3>\n<ul>\n<li><strong>T\u00edtulo de la tesis:<\/strong>\u00a0 Estudio de la estructura y productividad de los pastos de monta\u00f1a <\/li>\n<li><strong>Autor:<\/strong>\u00a0 Isabel Albizu Beitia <\/li>\n<li><strong>Universidad:<\/strong>\u00a0 Pa\u00eds vasco\/euskal herriko unibertsitatea<\/li>\n<li><strong>Fecha de lectura de la tesis:<\/strong>\u00a0 28\/11\/2003<\/li>\n<\/ul>\n<p>&nbsp;<\/p>\n<h3>Direcci\u00f3n y tribunal<\/h3>\n<ul>\n<li><strong>Director de la tesis<\/strong>\n<ul>\n<li>Miren Onaindia Olalde<\/li>\n<\/ul>\n<\/li>\n<li><strong>Tribunal<\/strong>\n<ul>\n<li>Presidente del tribunal: emma Orive aguirre <\/li>\n<li>frederic Fillat estaque (vocal)<\/li>\n<li>Carlos Montes del olmo (vocal)<\/li>\n<li>Carlos Garbisu crespo (vocal)<\/li>\n<\/ul>\n<\/li>\n<\/ul>\n<p>&nbsp;<\/p>\n","protected":false},"excerpt":{"rendered":"<p>Tesis doctoral de Isabel Albizu Beitia Las \u00e1reas de monta\u00f1a (definidas en la directiva europea 75\/268\/cee) son zonas de gran [&hellip;]<\/p>\n","protected":false},"author":1,"featured_media":0,"comment_status":"open","ping_status":"open","sticky":false,"template":"","format":"standard","meta":{"site-sidebar-layout":"default","site-content-layout":"","ast-site-content-layout":"","site-content-style":"default","site-sidebar-style":"default","ast-global-header-display":"","ast-banner-title-visibility":"","ast-main-header-display":"","ast-hfb-above-header-display":"","ast-hfb-below-header-display":"","ast-hfb-mobile-header-display":"","site-post-title":"","ast-breadcrumbs-content":"","ast-featured-img":"","footer-sml-layout":"","theme-transparent-header-meta":"","adv-header-id-meta":"","stick-header-meta":"","header-above-stick-meta":"","header-main-stick-meta":"","header-below-stick-meta":"","astra-migrate-meta-layouts":"default","ast-page-background-enabled":"default","ast-page-background-meta":{"desktop":{"background-color":"var(--ast-global-color-4)","background-image":"","background-repeat":"repeat","background-position":"center center","background-size":"auto","background-attachment":"scroll","background-type":"","background-media":"","overlay-type":"","overlay-color":"","overlay-gradient":""},"tablet":{"background-color":"","background-image":"","background-repeat":"repeat","background-position":"center center","background-size":"auto","background-attachment":"scroll","background-type":"","background-media":"","overlay-type":"","overlay-color":"","overlay-gradient":""},"mobile":{"background-color":"","background-image":"","background-repeat":"repeat","background-position":"center center","background-size":"auto","background-attachment":"scroll","background-type":"","background-media":"","overlay-type":"","overlay-color":"","overlay-gradient":""}},"ast-content-background-meta":{"desktop":{"background-color":"var(--ast-global-color-5)","background-image":"","background-repeat":"repeat","background-position":"center center","background-size":"auto","background-attachment":"scroll","background-type":"","background-media":"","overlay-type":"","overlay-color":"","overlay-gradient":""},"tablet":{"background-color":"var(--ast-global-color-5)","background-image":"","background-repeat":"repeat","background-position":"center center","background-size":"auto","background-attachment":"scroll","background-type":"","background-media":"","overlay-type":"","overlay-color":"","overlay-gradient":""},"mobile":{"background-color":"var(--ast-global-color-5)","background-image":"","background-repeat":"repeat","background-position":"center center","background-size":"auto","background-attachment":"scroll","background-type":"","background-media":"","overlay-type":"","overlay-color":"","overlay-gradient":""}},"footnotes":""},"categories":[12909],"tags":[78137,5858,13190,4442,78136,47335],"class_list":["post-27159","post","type-post","status-publish","format-standard","hentry","category-pais-vasco-euskal-herriko-unibertsitatea","tag-carlos-garbisu-crespo","tag-carlos-montes-del-olmo","tag-emma-orive-aguirre","tag-frederic-fillat-estaque","tag-isabel-albizu-beitia","tag-miren-onaindia-olalde"],"_links":{"self":[{"href":"https:\/\/www.deberes.net\/tesis\/wp-json\/wp\/v2\/posts\/27159","targetHints":{"allow":["GET"]}}],"collection":[{"href":"https:\/\/www.deberes.net\/tesis\/wp-json\/wp\/v2\/posts"}],"about":[{"href":"https:\/\/www.deberes.net\/tesis\/wp-json\/wp\/v2\/types\/post"}],"author":[{"embeddable":true,"href":"https:\/\/www.deberes.net\/tesis\/wp-json\/wp\/v2\/users\/1"}],"replies":[{"embeddable":true,"href":"https:\/\/www.deberes.net\/tesis\/wp-json\/wp\/v2\/comments?post=27159"}],"version-history":[{"count":0,"href":"https:\/\/www.deberes.net\/tesis\/wp-json\/wp\/v2\/posts\/27159\/revisions"}],"wp:attachment":[{"href":"https:\/\/www.deberes.net\/tesis\/wp-json\/wp\/v2\/media?parent=27159"}],"wp:term":[{"taxonomy":"category","embeddable":true,"href":"https:\/\/www.deberes.net\/tesis\/wp-json\/wp\/v2\/categories?post=27159"},{"taxonomy":"post_tag","embeddable":true,"href":"https:\/\/www.deberes.net\/tesis\/wp-json\/wp\/v2\/tags?post=27159"}],"curies":[{"name":"wp","href":"https:\/\/api.w.org\/{rel}","templated":true}]}}