{"id":27163,"date":"2018-03-09T09:19:18","date_gmt":"2018-03-09T09:19:18","guid":{"rendered":"https:\/\/www.deberes.net\/tesis\/sin-categoria\/modelizacion-genetica-de-nodulos-y-concreciones-en-el-devonico-superior-de-tabuenca-provincia-de-zaragoza\/"},"modified":"2018-03-09T09:19:18","modified_gmt":"2018-03-09T09:19:18","slug":"modelizacion-genetica-de-nodulos-y-concreciones-en-el-devonico-superior-de-tabuenca-provincia-de-zaragoza","status":"publish","type":"post","link":"https:\/\/www.deberes.net\/tesis\/zaragoza\/modelizacion-genetica-de-nodulos-y-concreciones-en-el-devonico-superior-de-tabuenca-provincia-de-zaragoza\/","title":{"rendered":"Modelizaci\u00f3n gen\u00e9tica de n\u00f3dulos y concreciones en el dev\u00f3nico superior de tabuenca (provincia de zaragoza)"},"content":{"rendered":"<h2>Tesis doctoral de <strong> Francisco Javier Torrijo Echarri <\/strong><\/h2>\n<p>En este trabajo se lleva a cabo un estudio sobre la distribuci\u00f3n de n\u00f3dulos y concreciones en el entorno de la cordillera ib\u00e9rica que ha permitido obtener un mapa de distribuci\u00f3n de estas estructuras, que facilita posteriormente su estudio en detalle. Tambi\u00e9n se realiza un an\u00e1lisis exhaustivo de la bibliograf\u00eda existente sobre estas estructuras, resumiendo los antecedentes hist\u00f3ricos en el estudio de los n\u00f3dulos y concreciones y definiendo una clasificaci\u00f3n general de los diversos modelos de crecimiento establecidos en la bibliograf\u00eda, agrup\u00e1ndolos en tres grandes y adecu\u00e1ndolos, para ser compatibles entre s\u00ed, dentro de un modelo gen\u00e9tico global.  el material de estudio concreto se centra en la modelizaci\u00f3n del crecimiento de los n\u00f3dulos y concreciones sil\u00edceos y carbonatados, que aparecen dentro de los afloramientos de edad dev\u00f3nico superior existentes en las proximidades de la localidad de tabuenca (zaragoza).  para ello, antes de estudiar concretamente los n\u00f3dulos y concreciones, se realiza un an\u00e1lisis de las caracter\u00edsticas estratigr\u00e1ficas, petrol\u00f3gicas, mincral\u00f3gicas y geoqu\u00edmicas de las rocas que constituyen el dev\u00f3nico superior de tabuenca. As\u00ed, se revisan los antecedentes hist\u00f3ricos en el estudio de los materiales dev\u00f3nicos dentro de las cadenas ib\u00e9ricas, para abordar posteriormente la recopilaci\u00f3n de antecedentes concretos de la zona de estudio, y la definici\u00f3n de los aspectos geogr\u00e1ficos y geol\u00f3gicos generales de la zona seleccionada. Posteriormente se realiza la descripci\u00f3n de las caracter\u00edsticas litol\u00f3gicas del \u00e1rea, a partir del an\u00e1lisis petrogr\u00e1fico, mineral\u00f3gico y geoqu\u00edmico realizado sobre los materiales existentes. Se hace especial hincapi\u00e9  en los aspectos geoqu\u00edmicos, teniendo en cuenta el objetivo principal de este trabajo, de los materiales lut\u00edticos que engloban las estructuras diagen\u00e9ticas estudiadas posteriormente en detalle.  para la caracterizaci\u00f3n concreta de los<\/p>\n<p>&nbsp;<\/p>\n<h3>Datos acad\u00e9micos de la tesis doctoral \u00ab<strong>Modelizaci\u00f3n gen\u00e9tica de n\u00f3dulos y concreciones en el dev\u00f3nico superior de tabuenca (provincia de zaragoza)<\/strong>\u00ab<\/h3>\n<ul>\n<li><strong>T\u00edtulo de la tesis:<\/strong>\u00a0 Modelizaci\u00f3n gen\u00e9tica de n\u00f3dulos y concreciones en el dev\u00f3nico superior de tabuenca (provincia de zaragoza) <\/li>\n<li><strong>Autor:<\/strong>\u00a0 Francisco Javier Torrijo Echarri <\/li>\n<li><strong>Universidad:<\/strong>\u00a0 Zaragoza<\/li>\n<li><strong>Fecha de lectura de la tesis:<\/strong>\u00a0 28\/11\/2003<\/li>\n<\/ul>\n<p>&nbsp;<\/p>\n<h3>Direcci\u00f3n y tribunal<\/h3>\n<ul>\n<li><strong>Director de la tesis<\/strong>\n<ul>\n<li>Juan Mandado Collado<\/li>\n<\/ul>\n<\/li>\n<li><strong>Tribunal<\/strong>\n<ul>\n<li>Presidente del tribunal: rafaela Marfil p\u00e9rez <\/li>\n<li> Auqu\u00e9 sanz Luis Francisco (vocal)<\/li>\n<li> De la pe\u00f1a blasco Jos\u00e9 Andr\u00e9s (vocal)<\/li>\n<li>rodolfo Gozalo guti\u00e9rrez (vocal)<\/li>\n<\/ul>\n<\/li>\n<\/ul>\n<p>&nbsp;<\/p>\n","protected":false},"excerpt":{"rendered":"<p>Tesis doctoral de Francisco Javier Torrijo Echarri En este trabajo se lleva a cabo un estudio sobre la distribuci\u00f3n de [&hellip;]<\/p>\n","protected":false},"author":1,"featured_media":0,"comment_status":"open","ping_status":"open","sticky":false,"template":"","format":"standard","meta":{"site-sidebar-layout":"default","site-content-layout":"","ast-site-content-layout":"","site-content-style":"default","site-sidebar-style":"default","ast-global-header-display":"","ast-banner-title-visibility":"","ast-main-header-display":"","ast-hfb-above-header-display":"","ast-hfb-below-header-display":"","ast-hfb-mobile-header-display":"","site-post-title":"","ast-breadcrumbs-content":"","ast-featured-img":"","footer-sml-layout":"","theme-transparent-header-meta":"","adv-header-id-meta":"","stick-header-meta":"","header-above-stick-meta":"","header-main-stick-meta":"","header-below-stick-meta":"","astra-migrate-meta-layouts":"default","ast-page-background-enabled":"default","ast-page-background-meta":{"desktop":{"background-color":"var(--ast-global-color-4)","background-image":"","background-repeat":"repeat","background-position":"center center","background-size":"auto","background-attachment":"scroll","background-type":"","background-media":"","overlay-type":"","overlay-color":"","overlay-gradient":""},"tablet":{"background-color":"","background-image":"","background-repeat":"repeat","background-position":"center center","background-size":"auto","background-attachment":"scroll","background-type":"","background-media":"","overlay-type":"","overlay-color":"","overlay-gradient":""},"mobile":{"background-color":"","background-image":"","background-repeat":"repeat","background-position":"center center","background-size":"auto","background-attachment":"scroll","background-type":"","background-media":"","overlay-type":"","overlay-color":"","overlay-gradient":""}},"ast-content-background-meta":{"desktop":{"background-color":"var(--ast-global-color-5)","background-image":"","background-repeat":"repeat","background-position":"center center","background-size":"auto","background-attachment":"scroll","background-type":"","background-media":"","overlay-type":"","overlay-color":"","overlay-gradient":""},"tablet":{"background-color":"var(--ast-global-color-5)","background-image":"","background-repeat":"repeat","background-position":"center center","background-size":"auto","background-attachment":"scroll","background-type":"","background-media":"","overlay-type":"","overlay-color":"","overlay-gradient":""},"mobile":{"background-color":"var(--ast-global-color-5)","background-image":"","background-repeat":"repeat","background-position":"center center","background-size":"auto","background-attachment":"scroll","background-type":"","background-media":"","overlay-type":"","overlay-color":"","overlay-gradient":""}},"footnotes":""},"categories":[13610],"tags":[24392,78148,78147,18852,5859,78149],"class_list":["post-27163","post","type-post","status-publish","format-standard","hentry","category-zaragoza","tag-auque-sanz-luis-francisco","tag-de-la-pena-blasco-jose-andres","tag-francisco-javier-torrijo-echarri","tag-juan-mandado-collado","tag-rafaela-marfil-perez","tag-rodolfo-gozalo-gutierrez"],"_links":{"self":[{"href":"https:\/\/www.deberes.net\/tesis\/wp-json\/wp\/v2\/posts\/27163","targetHints":{"allow":["GET"]}}],"collection":[{"href":"https:\/\/www.deberes.net\/tesis\/wp-json\/wp\/v2\/posts"}],"about":[{"href":"https:\/\/www.deberes.net\/tesis\/wp-json\/wp\/v2\/types\/post"}],"author":[{"embeddable":true,"href":"https:\/\/www.deberes.net\/tesis\/wp-json\/wp\/v2\/users\/1"}],"replies":[{"embeddable":true,"href":"https:\/\/www.deberes.net\/tesis\/wp-json\/wp\/v2\/comments?post=27163"}],"version-history":[{"count":0,"href":"https:\/\/www.deberes.net\/tesis\/wp-json\/wp\/v2\/posts\/27163\/revisions"}],"wp:attachment":[{"href":"https:\/\/www.deberes.net\/tesis\/wp-json\/wp\/v2\/media?parent=27163"}],"wp:term":[{"taxonomy":"category","embeddable":true,"href":"https:\/\/www.deberes.net\/tesis\/wp-json\/wp\/v2\/categories?post=27163"},{"taxonomy":"post_tag","embeddable":true,"href":"https:\/\/www.deberes.net\/tesis\/wp-json\/wp\/v2\/tags?post=27163"}],"curies":[{"name":"wp","href":"https:\/\/api.w.org\/{rel}","templated":true}]}}